{"id":100813,"date":"2020-03-25T20:39:27","date_gmt":"2020-03-26T00:39:27","guid":{"rendered":"http:\/\/conexiondigital.com.do\/?p=100813"},"modified":"2020-03-25T20:39:27","modified_gmt":"2020-03-26T00:39:27","slug":"coronavirus-periodista-estaba-en-aislamiento-dio-negativo","status":"publish","type":"post","link":"https:\/\/conexiondigital.com.do\/index.php\/2020\/03\/25\/coronavirus-periodista-estaba-en-aislamiento-dio-negativo\/","title":{"rendered":"Coronavirus: Periodista estaba en aislamiento dio negativo"},"content":{"rendered":"<p><img loading=\"lazy\" decoding=\"async\" class=\" wp-image-100814 alignleft\" src=\"https:\/\/images.conexiondigital.com.do\/wp-content\/uploads\/wp-content\/uploads\/2020\/03\/2A_El-Pa\u00eds_04_7sasp01-618x450.jpg\" alt=\"\" width=\"490\" height=\"357\" \/>SANTO DOMINGO.- El periodista Fernando Ram\u00edrez, quien llevaba varios d\u00edas en aislamiento, dio negativo al coronavirus.\u00a0Ram\u00edrez se realiz\u00f3 la prueba luego de tener contacto en una entrevista con el infect\u00f3logo H\u00e9ctor Balc\u00e1cer, quien s\u00ed dio positivo al COVID-19.<\/p>\n<p>\u201cEn el d\u00eda de hoy recibimos la grata noticia que tanto Margarita, mi esposa, como yo, dimos negativo en la prueba al coronavirus\u201d, se\u00f1al\u00f3 en un video donde, a diferencia de audiovisuales anteriores, luc\u00eda sin mascarilla.<\/p>\n<p>El veterano periodista aprovech\u00f3 la ocasi\u00f3n para pedir que todo el mundo tenga la facilidad de tener acceso a la prueba y as\u00ed comprobar si est\u00e1n contagiados o no, y poder tomar las medidas de lugar.<\/p>\n<p>Adem\u00e1s, recomend\u00f3 a todas las personas que siguen cumpliendo los protocolos de las autoridades sanitarias y que se queden en casa.<\/p>\n<p>Finalmente, Fernando Ram\u00edrez pidi\u00f3 a todos orar por la salud del infect\u00f3logo H\u00e9ctor Balc\u00e1cer, a quien describi\u00f3 como una gran profesional, que contribuye mucho.<\/p>\n<p>Suplic\u00f3 por la prueba.\u00a0Se recuerda que este martes el periodista Fernando Ram\u00edrez hab\u00eda suplicado a las autoridades sanitarias que le realicen la prueba, tanto a \u00e9l como a su familia, para saber si est\u00e1n o no contagiados con el virus.<\/p>\n<p>\u201cNosotros no queremos un privilegio. Debe ser para todos lo que est\u00e1n condiciones como nosotros: mi esposa, mis hijos y yo. Lo \u00fanico que pedimos es que nos hagan la prueba.\u00a0Que se ampl\u00ede. Que se democratice. Yo no s\u00e9 que hacer y lo que queremos es evitar una desgracia\u201d,\u00a0dijo Ram\u00edrez \u00a0en esa ocasi\u00f3n a trav\u00e9s de un video difundido en WhatsApp.<\/p>\n<p>Adem\u00e1s, explic\u00f3 que al principio pens\u00f3 que no deb\u00eda hacer la prueba porque no sent\u00eda s\u00edntomas, pero que ya eso cambi\u00f3.<\/p>\n<p>\u201cPensamos que al principio no deb\u00edamos hacernos la prueba porque no ten\u00edamos s\u00edntomas. Han comenzados aparecer. Hemos alertado, hemos llamado y conversado sin resultado alguno\u201d, asegur\u00f3 el periodista.<\/p>\n<p>Posici\u00f3n del doctor.\u00a0De su lado,\u00a0H\u00e9ctor Balc\u00e1cer, el infect\u00f3logo dominicano que dio positivo al \u00a0coronavirus, rindi\u00f3 hoy tributo y homenaje al doctor Cruz Jimini\u00e1n y a Jenny Polanco, quienes, al igual que \u00e9l han enfermado de COVID-19 y, en el caso de la dise\u00f1adora, lamentablemente perdi\u00f3 la vida producto de esta enfermedad.<\/p>\n<p>En relaci\u00f3n al\u00a0doctor F\u00e9lix Antonio Cruz Jimini\u00e1n, cuyo estado de salud es delicado, Balc\u00e1cer pidi\u00f3 elevar las oraciones para que Dios haga un milagro, si as\u00ed lo considera pertinente.<\/p>\n<p>\u201cSi simplemente no ocurre, saber que era que pap\u00e1 Dios lo necesitaba para alguna labor all\u00e1 arriba, de la manera desinteresada que siempre lo ha hecho\u201d, expres\u00f3 en un video que public\u00f3 en su cuenta de Instagram y en el que reflexiona de manera bastante emotiva con sus seguidores.<\/p>\n<p>Dijo que \u00e9l, al igual que muchas personas, experimenta momentos de ansiedad cuando ve que llegan las 10:30 de la ma\u00f1ana y el ministro de Salud P\u00fablica, Rafael S\u00e1nchez C\u00e1rdenas, anuncia nuevos casos.<\/p>\n<p>\u201cLos casos de personas que pierden la vida (por el coronavirus), eso nos trabaja a todos\u201d, manifest\u00f3 el infectol\u00f3go H\u00e9ctor Balc\u00e1cer.<\/p>\n","protected":false},"excerpt":{"rendered":"<p>SANTO DOMINGO.- El periodista Fernando Ram\u00edrez, quien llevaba varios d\u00edas en aislamiento, dio negativo al coronavirus.\u00a0Ram\u00edrez se realiz\u00f3 la prueba luego de tener contacto en una entrevista con el infect\u00f3logo H\u00e9ctor Balc\u00e1cer, quien s\u00ed dio positivo al COVID-19. \u201cEn el d\u00eda de hoy recibimos la grata noticia que tanto Margarita, mi esposa, como yo, dimos negativo en la prueba al coronavirus\u201d, se\u00f1al\u00f3 en un video donde, a diferencia de audiovisuales anteriores, luc\u00eda sin mascarilla. El veterano periodista aprovech\u00f3 la ocasi\u00f3n para pedir que todo el mundo tenga la facilidad de tener acceso a la prueba y as\u00ed comprobar si est\u00e1n contagiados o no, y poder tomar las medidas de lugar. Adem\u00e1s, recomend\u00f3 a todas las personas que siguen cumpliendo los protocolos de las autoridades sanitarias y que se queden en casa. Finalmente, Fernando Ram\u00edrez pidi\u00f3 a todos orar por la salud del infect\u00f3logo H\u00e9ctor Balc\u00e1cer, a quien describi\u00f3 como una gran profesional, que contribuye mucho. Suplic\u00f3 por la prueba.\u00a0Se recuerda que este martes el periodista Fernando Ram\u00edrez hab\u00eda suplicado a las autoridades sanitarias que le realicen la prueba, tanto a \u00e9l como a su familia, para saber si est\u00e1n o no contagiados con el virus. \u201cNosotros no queremos un privilegio. Debe ser para todos lo que est\u00e1n condiciones como nosotros: mi esposa, mis hijos y yo. Lo \u00fanico que pedimos es que nos hagan la prueba.\u00a0Que se ampl\u00ede. Que se democratice. Yo no s\u00e9 que hacer y lo que queremos es evitar una desgracia\u201d,\u00a0dijo Ram\u00edrez \u00a0en esa ocasi\u00f3n a trav\u00e9s de un video difundido en WhatsApp. Adem\u00e1s, explic\u00f3 que al principio pens\u00f3 que no deb\u00eda hacer la prueba porque no sent\u00eda s\u00edntomas, pero que ya eso cambi\u00f3. \u201cPensamos que al principio no deb\u00edamos hacernos la prueba porque no ten\u00edamos s\u00edntomas. Han comenzados aparecer. Hemos alertado, hemos llamado y conversado sin resultado alguno\u201d, asegur\u00f3 el periodista. Posici\u00f3n del doctor.\u00a0De su lado,\u00a0H\u00e9ctor Balc\u00e1cer, el infect\u00f3logo dominicano que dio positivo al \u00a0coronavirus, rindi\u00f3 hoy tributo y homenaje al doctor Cruz Jimini\u00e1n y a Jenny Polanco, quienes, al igual que \u00e9l han enfermado de COVID-19 y, en el caso de la dise\u00f1adora, lamentablemente perdi\u00f3 la vida producto de esta enfermedad. En relaci\u00f3n al\u00a0doctor F\u00e9lix Antonio Cruz Jimini\u00e1n, cuyo estado de salud es delicado, Balc\u00e1cer pidi\u00f3 elevar las oraciones para que Dios haga un milagro, si as\u00ed lo considera pertinente. \u201cSi simplemente no ocurre, saber que era que pap\u00e1 Dios lo necesitaba para alguna labor all\u00e1 arriba, de la manera desinteresada que siempre lo ha hecho\u201d, expres\u00f3 en un video que public\u00f3 en su cuenta de Instagram y en el que reflexiona de manera bastante emotiva con sus seguidores. Dijo que \u00e9l, al igual que muchas personas, experimenta momentos de ansiedad cuando ve que llegan las 10:30 de la ma\u00f1ana y el ministro de Salud P\u00fablica, Rafael S\u00e1nchez C\u00e1rdenas, anuncia nuevos casos. \u201cLos casos de personas que pierden la vida (por el coronavirus), eso nos trabaja a todos\u201d, manifest\u00f3 el infectol\u00f3go H\u00e9ctor Balc\u00e1cer.<\/p>\n","protected":false},"author":6,"featured_media":100814,"comment_status":"open","ping_status":"open","sticky":false,"template":"","format":"standard","meta":{"om_disable_all_campaigns":false,"footnotes":""},"categories":[15],"tags":[],"class_list":["post-100813","post","type-post","status-publish","format-standard","has-post-thumbnail","hentry","category-nacionales"],"_links":{"self":[{"href":"https:\/\/conexiondigital.com.do\/index.php\/wp-json\/wp\/v2\/posts\/100813","targetHints":{"allow":["GET"]}}],"collection":[{"href":"https:\/\/conexiondigital.com.do\/index.php\/wp-json\/wp\/v2\/posts"}],"about":[{"href":"https:\/\/conexiondigital.com.do\/index.php\/wp-json\/wp\/v2\/types\/post"}],"author":[{"embeddable":true,"href":"https:\/\/conexiondigital.com.do\/index.php\/wp-json\/wp\/v2\/users\/6"}],"replies":[{"embeddable":true,"href":"https:\/\/conexiondigital.com.do\/index.php\/wp-json\/wp\/v2\/comments?post=100813"}],"version-history":[{"count":1,"href":"https:\/\/conexiondigital.com.do\/index.php\/wp-json\/wp\/v2\/posts\/100813\/revisions"}],"predecessor-version":[{"id":100815,"href":"https:\/\/conexiondigital.com.do\/index.php\/wp-json\/wp\/v2\/posts\/100813\/revisions\/100815"}],"wp:featuredmedia":[{"embeddable":true,"href":"https:\/\/conexiondigital.com.do\/index.php\/wp-json\/wp\/v2\/media\/100814"}],"wp:attachment":[{"href":"https:\/\/conexiondigital.com.do\/index.php\/wp-json\/wp\/v2\/media?parent=100813"}],"wp:term":[{"taxonomy":"category","embeddable":true,"href":"https:\/\/conexiondigital.com.do\/index.php\/wp-json\/wp\/v2\/categories?post=100813"},{"taxonomy":"post_tag","embeddable":true,"href":"https:\/\/conexiondigital.com.do\/index.php\/wp-json\/wp\/v2\/tags?post=100813"}],"curies":[{"name":"wp","href":"https:\/\/api.w.org\/{rel}","templated":true}]}}