{"id":103496,"date":"2020-07-21T19:07:28","date_gmt":"2020-07-21T23:07:28","guid":{"rendered":"http:\/\/conexiondigital.com.do\/?p=103496"},"modified":"2020-07-21T19:07:28","modified_gmt":"2020-07-21T23:07:28","slug":"designado-ministro-de-educacion-continua-consultas-a-instituciones-del-sector-educativo-2","status":"publish","type":"post","link":"https:\/\/conexiondigital.com.do\/index.php\/2020\/07\/21\/designado-ministro-de-educacion-continua-consultas-a-instituciones-del-sector-educativo-2\/","title":{"rendered":"Designado ministro de Educaci\u00f3n contin\u00faa consultas a instituciones del sector educativo"},"content":{"rendered":"<p><img loading=\"lazy\" decoding=\"async\" class=\"wp-image-103497 alignleft\" src=\"https:\/\/images.conexiondigital.com.do\/wp-content\/uploads\/wp-content\/uploads\/2020\/07\/download-800x590.png\" alt=\"\" width=\"166\" height=\"122\" \/>Santo Domingo, D. N.- El designado pr\u00f3ximo ministro de Educaci\u00f3n, doctor Roberto Fulcar, continuar\u00e1 esta semana una serie de encuentros y reuniones como parte del proceso de consulta y di\u00e1logo que lleva a cabo con diferentes sectores vinculados directa o indirectamente con el sistema educativo nacional, en procura de socializar sobre los planes y proyectos m\u00e1s eficaces para el impulso de una educaci\u00f3n de calidad para todos.<\/p>\n<p>Este lunes tendr\u00e1 una reuni\u00f3n al mediod\u00eda con la directiva de la Asociaci\u00f3n Dominicana de Profesores (ADP) en la sede de la instituci\u00f3n en el Distrito Nacional, contin\u00faa con un encuentro a las 3 de la tarde con la fundaci\u00f3n INICIA, a las 4:30 otra reuni\u00f3n con la Uni\u00f3n Dominicana de Instituciones Educativas Privadas (UDIEP), y a las 6:00 se reunir\u00e1 con la direcci\u00f3n de la Iniciativa Dominicana por una Educaci\u00f3n de Calidad (IDEC).<\/p>\n<p>El martes 21 sostendr\u00e1 un encuentro con Foro Ciudadano a las 2:30 de la tarde, y a las 4:30 pm con Alianza ONG.<\/p>\n<p>El pasado lunes el pr\u00f3ximo ministro de Educaci\u00f3n visit\u00f3 junto a una comisi\u00f3n al actual titular de esa cartera, Antonio Pe\u00f1a Mirabal, para iniciar los trabajos de transici\u00f3n en la instituci\u00f3n.<\/p>\n<p>El mi\u00e9rcoles, Roberto Fulcar sostuvo una reuni\u00f3n tele presencial con la junta directiva de Acci\u00f3n Empresarial por la Educaci\u00f3n (Educa) y su equipo t\u00e9cnico, donde trataron varios temas relacionados con la educaci\u00f3n, incluyendo el pr\u00f3ximo a\u00f1o escolar y el desaf\u00edo que representa en medio de la pandemia del COVID19. Asimismo, visit\u00f3 al rector de la Universidad Cat\u00f3lica de Santo Domingo (UCSD), Monse\u00f1or Benito \u00c1ngeles, con quien tambi\u00e9n convers\u00f3 ampliamente tras recibir de \u00e9ste la visi\u00f3n del \u00e1rea educativa de la iglesia cat\u00f3lica sobre el a\u00f1o lectivo y otros temas.<\/p>\n<p>El pasado 10 de julio el presidente electo Luis Abinader anunciara a trav\u00e9s de su cuenta de Twitter que \u00e9ste ser\u00eda el pr\u00f3ximo ministro de Educaci\u00f3n de Rep\u00fablica Dominicana. \u00abSe designar\u00e1 al Dr. Roberto Fulcar, ministro de Educaci\u00f3n, para que inmediatamente se integre al equipo de transici\u00f3n de esa \u00e1rea, y trabajar con las actuales autoridades, para el inicio del a\u00f1o escolar\u00bb, escribi\u00f3 Luis Abinader. Desde entonces, el pasado coordinador general de campana encamina una intensiva jornada de consultas y de di\u00e1logo con la diversidad de sectores relacionados con la educaci\u00f3n.<\/p>\n","protected":false},"excerpt":{"rendered":"<p>Santo Domingo, D. N.- El designado pr\u00f3ximo ministro de Educaci\u00f3n, doctor Roberto Fulcar, continuar\u00e1 esta semana una serie de encuentros y reuniones como parte del proceso de consulta y di\u00e1logo que lleva a cabo con diferentes sectores vinculados directa o indirectamente con el sistema educativo nacional, en procura de socializar sobre los planes y proyectos m\u00e1s eficaces para el impulso de una educaci\u00f3n de calidad para todos. Este lunes tendr\u00e1 una reuni\u00f3n al mediod\u00eda con la directiva de la Asociaci\u00f3n Dominicana de Profesores (ADP) en la sede de la instituci\u00f3n en el Distrito Nacional, contin\u00faa con un encuentro a las 3 de la tarde con la fundaci\u00f3n INICIA, a las 4:30 otra reuni\u00f3n con la Uni\u00f3n Dominicana de Instituciones Educativas Privadas (UDIEP), y a las 6:00 se reunir\u00e1 con la direcci\u00f3n de la Iniciativa Dominicana por una Educaci\u00f3n de Calidad (IDEC). El martes 21 sostendr\u00e1 un encuentro con Foro Ciudadano a las 2:30 de la tarde, y a las 4:30 pm con Alianza ONG. El pasado lunes el pr\u00f3ximo ministro de Educaci\u00f3n visit\u00f3 junto a una comisi\u00f3n al actual titular de esa cartera, Antonio Pe\u00f1a Mirabal, para iniciar los trabajos de transici\u00f3n en la instituci\u00f3n. El mi\u00e9rcoles, Roberto Fulcar sostuvo una reuni\u00f3n tele presencial con la junta directiva de Acci\u00f3n Empresarial por la Educaci\u00f3n (Educa) y su equipo t\u00e9cnico, donde trataron varios temas relacionados con la educaci\u00f3n, incluyendo el pr\u00f3ximo a\u00f1o escolar y el desaf\u00edo que representa en medio de la pandemia del COVID19. Asimismo, visit\u00f3 al rector de la Universidad Cat\u00f3lica de Santo Domingo (UCSD), Monse\u00f1or Benito \u00c1ngeles, con quien tambi\u00e9n convers\u00f3 ampliamente tras recibir de \u00e9ste la visi\u00f3n del \u00e1rea educativa de la iglesia cat\u00f3lica sobre el a\u00f1o lectivo y otros temas. El pasado 10 de julio el presidente electo Luis Abinader anunciara a trav\u00e9s de su cuenta de Twitter que \u00e9ste ser\u00eda el pr\u00f3ximo ministro de Educaci\u00f3n de Rep\u00fablica Dominicana. \u00abSe designar\u00e1 al Dr. Roberto Fulcar, ministro de Educaci\u00f3n, para que inmediatamente se integre al equipo de transici\u00f3n de esa \u00e1rea, y trabajar con las actuales autoridades, para el inicio del a\u00f1o escolar\u00bb, escribi\u00f3 Luis Abinader. Desde entonces, el pasado coordinador general de campana encamina una intensiva jornada de consultas y de di\u00e1logo con la diversidad de sectores relacionados con la educaci\u00f3n.<\/p>\n","protected":false},"author":3,"featured_media":0,"comment_status":"open","ping_status":"open","sticky":false,"template":"","format":"standard","meta":{"om_disable_all_campaigns":false,"footnotes":""},"categories":[15],"tags":[],"class_list":["post-103496","post","type-post","status-publish","format-standard","hentry","category-nacionales"],"_links":{"self":[{"href":"https:\/\/conexiondigital.com.do\/index.php\/wp-json\/wp\/v2\/posts\/103496","targetHints":{"allow":["GET"]}}],"collection":[{"href":"https:\/\/conexiondigital.com.do\/index.php\/wp-json\/wp\/v2\/posts"}],"about":[{"href":"https:\/\/conexiondigital.com.do\/index.php\/wp-json\/wp\/v2\/types\/post"}],"author":[{"embeddable":true,"href":"https:\/\/conexiondigital.com.do\/index.php\/wp-json\/wp\/v2\/users\/3"}],"replies":[{"embeddable":true,"href":"https:\/\/conexiondigital.com.do\/index.php\/wp-json\/wp\/v2\/comments?post=103496"}],"version-history":[{"count":1,"href":"https:\/\/conexiondigital.com.do\/index.php\/wp-json\/wp\/v2\/posts\/103496\/revisions"}],"predecessor-version":[{"id":103498,"href":"https:\/\/conexiondigital.com.do\/index.php\/wp-json\/wp\/v2\/posts\/103496\/revisions\/103498"}],"wp:attachment":[{"href":"https:\/\/conexiondigital.com.do\/index.php\/wp-json\/wp\/v2\/media?parent=103496"}],"wp:term":[{"taxonomy":"category","embeddable":true,"href":"https:\/\/conexiondigital.com.do\/index.php\/wp-json\/wp\/v2\/categories?post=103496"},{"taxonomy":"post_tag","embeddable":true,"href":"https:\/\/conexiondigital.com.do\/index.php\/wp-json\/wp\/v2\/tags?post=103496"}],"curies":[{"name":"wp","href":"https:\/\/api.w.org\/{rel}","templated":true}]}}