{"id":104202,"date":"2020-07-31T12:49:33","date_gmt":"2020-07-31T16:49:33","guid":{"rendered":"http:\/\/conexiondigital.com.do\/?p=104202"},"modified":"2020-07-31T12:49:33","modified_gmt":"2020-07-31T16:49:33","slug":"policia-apresa-dos-jovenes-violando-toque-de-queda-y-con-pistola-ilegal","status":"publish","type":"post","link":"https:\/\/conexiondigital.com.do\/index.php\/2020\/07\/31\/policia-apresa-dos-jovenes-violando-toque-de-queda-y-con-pistola-ilegal\/","title":{"rendered":"Polic\u00eda apresa dos j\u00f3venes violando toque de queda y con pistola ilegal"},"content":{"rendered":"<p><img loading=\"lazy\" decoding=\"async\" class=\" wp-image-104203 alignleft\" src=\"https:\/\/images.conexiondigital.com.do\/wp-content\/uploads\/wp-content\/uploads\/2020\/07\/WhatsApp-Image-2020-07-31-at-8.54.28-AM-1024x550-800x430.jpeg\" alt=\"\" width=\"507\" height=\"272\" \/>SAN PEDRO DE MACORIS. La Polic\u00eda Nacional inform\u00f3 este viernes que apres\u00f3 anoche en el municipio Consuelo a dos hombres que fueron sorprendidos mientras se movilizaban a bordo de una guagua violando el toque de queda y portando un arma de fuego de manera irregular.<\/p>\n<p>Los detenidos son Jos\u00e9 Antonio Contreras, de 19 a\u00f1os, y Jairo Arturo Santana, de 29, ambos residentes en dicho municipio, quienes fueron \u00a0conducidos a la dotaci\u00f3n policial.<\/p>\n<p>La uniformada indic\u00f3 que el arma incautada es una pistola marca Prieto Bereta, con un cargador y cinco c\u00e1psulas.<\/p>\n<p>Agregan que los detenidos ser\u00e1n enviados a la acci\u00f3n de la Justicia.<\/p>\n<p>&nbsp;<\/p>\n","protected":false},"excerpt":{"rendered":"<p>SAN PEDRO DE MACORIS. La Polic\u00eda Nacional inform\u00f3 este viernes que apres\u00f3 anoche en el municipio Consuelo a dos hombres que fueron sorprendidos mientras se movilizaban a bordo de una guagua violando el toque de queda y portando un arma de fuego de manera irregular. Los detenidos son Jos\u00e9 Antonio Contreras, de 19 a\u00f1os, y Jairo Arturo Santana, de 29, ambos residentes en dicho municipio, quienes fueron \u00a0conducidos a la dotaci\u00f3n policial. La uniformada indic\u00f3 que el arma incautada es una pistola marca Prieto Bereta, con un cargador y cinco c\u00e1psulas. Agregan que los detenidos ser\u00e1n enviados a la acci\u00f3n de la Justicia. &nbsp;<\/p>\n","protected":false},"author":6,"featured_media":104203,"comment_status":"open","ping_status":"open","sticky":false,"template":"","format":"standard","meta":{"om_disable_all_campaigns":false,"footnotes":""},"categories":[15],"tags":[],"class_list":["post-104202","post","type-post","status-publish","format-standard","has-post-thumbnail","hentry","category-nacionales"],"_links":{"self":[{"href":"https:\/\/conexiondigital.com.do\/index.php\/wp-json\/wp\/v2\/posts\/104202","targetHints":{"allow":["GET"]}}],"collection":[{"href":"https:\/\/conexiondigital.com.do\/index.php\/wp-json\/wp\/v2\/posts"}],"about":[{"href":"https:\/\/conexiondigital.com.do\/index.php\/wp-json\/wp\/v2\/types\/post"}],"author":[{"embeddable":true,"href":"https:\/\/conexiondigital.com.do\/index.php\/wp-json\/wp\/v2\/users\/6"}],"replies":[{"embeddable":true,"href":"https:\/\/conexiondigital.com.do\/index.php\/wp-json\/wp\/v2\/comments?post=104202"}],"version-history":[{"count":1,"href":"https:\/\/conexiondigital.com.do\/index.php\/wp-json\/wp\/v2\/posts\/104202\/revisions"}],"predecessor-version":[{"id":104204,"href":"https:\/\/conexiondigital.com.do\/index.php\/wp-json\/wp\/v2\/posts\/104202\/revisions\/104204"}],"wp:featuredmedia":[{"embeddable":true,"href":"https:\/\/conexiondigital.com.do\/index.php\/wp-json\/wp\/v2\/media\/104203"}],"wp:attachment":[{"href":"https:\/\/conexiondigital.com.do\/index.php\/wp-json\/wp\/v2\/media?parent=104202"}],"wp:term":[{"taxonomy":"category","embeddable":true,"href":"https:\/\/conexiondigital.com.do\/index.php\/wp-json\/wp\/v2\/categories?post=104202"},{"taxonomy":"post_tag","embeddable":true,"href":"https:\/\/conexiondigital.com.do\/index.php\/wp-json\/wp\/v2\/tags?post=104202"}],"curies":[{"name":"wp","href":"https:\/\/api.w.org\/{rel}","templated":true}]}}