{"id":104665,"date":"2020-08-05T18:26:12","date_gmt":"2020-08-05T22:26:12","guid":{"rendered":"http:\/\/conexiondigital.com.do\/?p=104665"},"modified":"2020-08-05T18:26:12","modified_gmt":"2020-08-05T22:26:12","slug":"alcaldesa-carolina-mejia-encabeza-actos-por-el-522-aniversario-fundacion-de-la-ciudad","status":"publish","type":"post","link":"https:\/\/conexiondigital.com.do\/index.php\/2020\/08\/05\/alcaldesa-carolina-mejia-encabeza-actos-por-el-522-aniversario-fundacion-de-la-ciudad\/","title":{"rendered":"Alcaldesa Carolina Mej\u00eda encabeza actos por el 522 Aniversario fundaci\u00f3n de la ciudad"},"content":{"rendered":"<p><img loading=\"lazy\" decoding=\"async\" class=\"wp-image-104667 alignleft\" src=\"https:\/\/images.conexiondigital.com.do\/wp-content\/uploads\/wp-content\/uploads\/2020\/08\/thumbnail_IMG-20200805-WA0013-1-800x534.jpg\" alt=\"\" width=\"232\" height=\"155\" \/>Santo Domingo, D.N.- La alcaldesa del Distrito Nacional Carolina Mej\u00eda encabez\u00f3 el acto\u00a0 de celebraci\u00f3n del 522 aniversario de la fundaci\u00f3n de la ciudad de Santo Domingo.<\/p>\n<p>El acto se insert\u00f3 dentro del marco del 522\u00a0 aniversario de la ciudad, de las pocas actividades presenciales que contempl\u00f3 el programa coordinado entre\u00a0 Ayuntamiento del Distrito Nacional (ADN), y los ministerios de Cultura<\/p>\n<p>(MINC) y Turismo (MITUR).<\/p>\n<p>La actividad conmemorativa culmin\u00f3 en el Parque Col\u00f3n junto a directivos del ADN, la Direcci\u00f3n del Patrimonio Cultural y el Centro Hist\u00f3rico \u2013DPCH-, y la Direcci\u00f3n del Patrimonio Monumental\u00a0 -DNPM-<\/p>\n<p>La alcaldesa Mej\u00eda,\u00a0 al dirigir el discurso de orden, destac\u00f3 la necesidad de rescatar las fechas hist\u00f3ricas que resalten el origen y desarrollo de la ciudad; adem\u00e1s de promover valores ciudadanos vinculados al orgullo por la ciudad.<\/p>\n<p>La funcionaria plante\u00f3 que continuar\u00e1 promoviendo actividades culturales en los espacios p\u00fablicos de la ciudad, donde se resalte el conocimiento y la historia.<\/p>\n<p>La Alcaldesa de Santo Domingo brind\u00f3 un mensaje de esperanza en el marco de la crisis pand\u00e9mica que se est\u00e1 viviendo.<\/p>\n<p>El ADN durante el acto obsequi\u00f3 unos 522 globos de esperanza biodegradables, color verde, como forma de recordar esta magna actividad.<\/p>\n<p>Las actividades tambi\u00e9n incluyeron una misa en la Catedral Primada de Am\u00e9rica, oficiada por el obispo auxiliar de la Di\u00f3cesis de Santo Domingo, monse\u00f1or Benito \u00c1ngeles.\u00a0 El obispo destac\u00f3 la importancia hist\u00f3rica que tuvo la ciudad para la evangelizaci\u00f3n de lo que hoy es Am\u00e9rica.<\/p>\n<p>Durante el evento estuvo presente el Secretario General del ADN, Hugo Beras; el vice alcalde Stalin Alc\u00e1ntara,\u00a0 el presidente de la\u00a0 sala Capitular, V\u00edctor Ogando, as\u00ed como regidores de los distintos partidos.<\/p>\n<p>Estuvo presente adem\u00e1s una representaci\u00f3n\u00a0 la Orden de los Dominicos,\u00a0 fundada\u00a0 por el sacerdote Domingo de Guzm\u00e1n, por\u00a0 \u00a0quien lleva el nombre la ciudad capital.<\/p>\n<p>Su historia.<\/p>\n<p>La ciudad fue fundada por Bartolom\u00e9 Col\u00f3n el 5 de agosto de 1498, en la margen oriental del r\u00edo Ozama y luego trasladada por Nicol\u00e1s de Ovando en 1502 a la margen occidental del mismo r\u00edo.<\/p>\n<p>Ovando la tom\u00f3 luego de un hurac\u00e1n que azot\u00f3 la ciudad, pero otros motivos para el traslado era para facilitar la comunicaci\u00f3n con\u00a0 las dem\u00e1s ciudades ya establecidas como la de La Isabela y Jacagua, por donde hab\u00eda penetrado la colonizaci\u00f3n espa\u00f1ola.<\/p>\n<p>Conocida por ser el lugar del primer asentamiento europeo permanente en Am\u00e9rica, y por ser la primera sede del gobierno colonial espa\u00f1ol en el Nuevo Mundo.<\/p>\n<p>La ciudad fue elegida Capital Americana de la Cultura en el 2010.<\/p>\n<p>En Santo Domingo se encuentran la primera catedral y el primer castillo de Am\u00e9rica; ambos ubicados en la Ciudad Colonial, zona declarada como Patrimonio de la Humanidad por la UNESCO. Gracias a esto, la ciudad, especialmente su Centro Hist\u00f3rico recibe aproximadamente un mill\u00f3n de visitantes internacionales cada a\u00f1o.<\/p>\n<p>&nbsp;<\/p>\n","protected":false},"excerpt":{"rendered":"<p>Santo Domingo, D.N.- La alcaldesa del Distrito Nacional Carolina Mej\u00eda encabez\u00f3 el acto\u00a0 de celebraci\u00f3n del 522 aniversario de la fundaci\u00f3n de la ciudad de Santo Domingo. El acto se insert\u00f3 dentro del marco del 522\u00a0 aniversario de la ciudad, de las pocas actividades presenciales que contempl\u00f3 el programa coordinado entre\u00a0 Ayuntamiento del Distrito Nacional (ADN), y los ministerios de Cultura (MINC) y Turismo (MITUR). La actividad conmemorativa culmin\u00f3 en el Parque Col\u00f3n junto a directivos del ADN, la Direcci\u00f3n del Patrimonio Cultural y el Centro Hist\u00f3rico \u2013DPCH-, y la Direcci\u00f3n del Patrimonio Monumental\u00a0 -DNPM- La alcaldesa Mej\u00eda,\u00a0 al dirigir el discurso de orden, destac\u00f3 la necesidad de rescatar las fechas hist\u00f3ricas que resalten el origen y desarrollo de la ciudad; adem\u00e1s de promover valores ciudadanos vinculados al orgullo por la ciudad. La funcionaria plante\u00f3 que continuar\u00e1 promoviendo actividades culturales en los espacios p\u00fablicos de la ciudad, donde se resalte el conocimiento y la historia. La Alcaldesa de Santo Domingo brind\u00f3 un mensaje de esperanza en el marco de la crisis pand\u00e9mica que se est\u00e1 viviendo. El ADN durante el acto obsequi\u00f3 unos 522 globos de esperanza biodegradables, color verde, como forma de recordar esta magna actividad. Las actividades tambi\u00e9n incluyeron una misa en la Catedral Primada de Am\u00e9rica, oficiada por el obispo auxiliar de la Di\u00f3cesis de Santo Domingo, monse\u00f1or Benito \u00c1ngeles.\u00a0 El obispo destac\u00f3 la importancia hist\u00f3rica que tuvo la ciudad para la evangelizaci\u00f3n de lo que hoy es Am\u00e9rica. Durante el evento estuvo presente el Secretario General del ADN, Hugo Beras; el vice alcalde Stalin Alc\u00e1ntara,\u00a0 el presidente de la\u00a0 sala Capitular, V\u00edctor Ogando, as\u00ed como regidores de los distintos partidos. Estuvo presente adem\u00e1s una representaci\u00f3n\u00a0 la Orden de los Dominicos,\u00a0 fundada\u00a0 por el sacerdote Domingo de Guzm\u00e1n, por\u00a0 \u00a0quien lleva el nombre la ciudad capital. Su historia. La ciudad fue fundada por Bartolom\u00e9 Col\u00f3n el 5 de agosto de 1498, en la margen oriental del r\u00edo Ozama y luego trasladada por Nicol\u00e1s de Ovando en 1502 a la margen occidental del mismo r\u00edo. Ovando la tom\u00f3 luego de un hurac\u00e1n que azot\u00f3 la ciudad, pero otros motivos para el traslado era para facilitar la comunicaci\u00f3n con\u00a0 las dem\u00e1s ciudades ya establecidas como la de La Isabela y Jacagua, por donde hab\u00eda penetrado la colonizaci\u00f3n espa\u00f1ola. Conocida por ser el lugar del primer asentamiento europeo permanente en Am\u00e9rica, y por ser la primera sede del gobierno colonial espa\u00f1ol en el Nuevo Mundo. La ciudad fue elegida Capital Americana de la Cultura en el 2010. En Santo Domingo se encuentran la primera catedral y el primer castillo de Am\u00e9rica; ambos ubicados en la Ciudad Colonial, zona declarada como Patrimonio de la Humanidad por la UNESCO. Gracias a esto, la ciudad, especialmente su Centro Hist\u00f3rico recibe aproximadamente un mill\u00f3n de visitantes internacionales cada a\u00f1o. &nbsp;<\/p>\n","protected":false},"author":3,"featured_media":0,"comment_status":"open","ping_status":"open","sticky":false,"template":"","format":"standard","meta":{"om_disable_all_campaigns":false,"footnotes":""},"categories":[15],"tags":[],"class_list":["post-104665","post","type-post","status-publish","format-standard","hentry","category-nacionales"],"_links":{"self":[{"href":"https:\/\/conexiondigital.com.do\/index.php\/wp-json\/wp\/v2\/posts\/104665","targetHints":{"allow":["GET"]}}],"collection":[{"href":"https:\/\/conexiondigital.com.do\/index.php\/wp-json\/wp\/v2\/posts"}],"about":[{"href":"https:\/\/conexiondigital.com.do\/index.php\/wp-json\/wp\/v2\/types\/post"}],"author":[{"embeddable":true,"href":"https:\/\/conexiondigital.com.do\/index.php\/wp-json\/wp\/v2\/users\/3"}],"replies":[{"embeddable":true,"href":"https:\/\/conexiondigital.com.do\/index.php\/wp-json\/wp\/v2\/comments?post=104665"}],"version-history":[{"count":1,"href":"https:\/\/conexiondigital.com.do\/index.php\/wp-json\/wp\/v2\/posts\/104665\/revisions"}],"predecessor-version":[{"id":104668,"href":"https:\/\/conexiondigital.com.do\/index.php\/wp-json\/wp\/v2\/posts\/104665\/revisions\/104668"}],"wp:attachment":[{"href":"https:\/\/conexiondigital.com.do\/index.php\/wp-json\/wp\/v2\/media?parent=104665"}],"wp:term":[{"taxonomy":"category","embeddable":true,"href":"https:\/\/conexiondigital.com.do\/index.php\/wp-json\/wp\/v2\/categories?post=104665"},{"taxonomy":"post_tag","embeddable":true,"href":"https:\/\/conexiondigital.com.do\/index.php\/wp-json\/wp\/v2\/tags?post=104665"}],"curies":[{"name":"wp","href":"https:\/\/api.w.org\/{rel}","templated":true}]}}