{"id":105897,"date":"2020-08-15T18:55:10","date_gmt":"2020-08-15T22:55:10","guid":{"rendered":"http:\/\/conexiondigital.com.do\/?p=105897"},"modified":"2020-08-15T18:55:10","modified_gmt":"2020-08-15T22:55:10","slug":"director-del-coe-informa-espera-su-sustituto-en-el-organismo","status":"publish","type":"post","link":"https:\/\/conexiondigital.com.do\/index.php\/2020\/08\/15\/director-del-coe-informa-espera-su-sustituto-en-el-organismo\/","title":{"rendered":"Director del COE informa espera su sustituto en el organismo"},"content":{"rendered":"<p><img loading=\"lazy\" decoding=\"async\" class=\"wp-image-105898 alignleft\" src=\"https:\/\/images.conexiondigital.com.do\/wp-content\/uploads\/wp-content\/uploads\/2020\/08\/96a82581-coe.jpg\" alt=\"\" width=\"83\" height=\"55\" \/>SANTO DOMINGO.-El director del Centro de Operaciones de Emergencias, general Juan Manuel M\u00e9ndez, ascendido a mayor general y \u00a0puesto en retiro por el presidente Danilo Medina, dijo este s\u00e1bado que espera la designaci\u00f3n de su sustituto al frente del organismo.<\/p>\n<p>Manifest\u00f3 que no puede abandonar la direcci\u00f3n del COE debido a que la Constituci\u00f3n establece que no debe abandonar el puesto hasta tanto haya un relevo.<\/p>\n<p>Agradeci\u00f3 a los periodistas y medios de comunicaci\u00f3n que lo acompa\u00f1aron durante todos estos a\u00f1os y consider\u00f3 que fueron los principales aliados del COE.<\/p>\n<p>El general M\u00e9ndez manifest\u00f3 que siempre servir\u00e1 al pa\u00eds porque para ello no se necesita cargo.<\/p>\n<p>&nbsp;<\/p>\n","protected":false},"excerpt":{"rendered":"<p>SANTO DOMINGO.-El director del Centro de Operaciones de Emergencias, general Juan Manuel M\u00e9ndez, ascendido a mayor general y \u00a0puesto en retiro por el presidente Danilo Medina, dijo este s\u00e1bado que espera la designaci\u00f3n de su sustituto al frente del organismo. Manifest\u00f3 que no puede abandonar la direcci\u00f3n del COE debido a que la Constituci\u00f3n establece que no debe abandonar el puesto hasta tanto haya un relevo. Agradeci\u00f3 a los periodistas y medios de comunicaci\u00f3n que lo acompa\u00f1aron durante todos estos a\u00f1os y consider\u00f3 que fueron los principales aliados del COE. El general M\u00e9ndez manifest\u00f3 que siempre servir\u00e1 al pa\u00eds porque para ello no se necesita cargo. &nbsp;<\/p>\n","protected":false},"author":3,"featured_media":0,"comment_status":"open","ping_status":"open","sticky":false,"template":"","format":"standard","meta":{"om_disable_all_campaigns":false,"footnotes":""},"categories":[12],"tags":[],"class_list":["post-105897","post","type-post","status-publish","format-standard","hentry","category-politic"],"_links":{"self":[{"href":"https:\/\/conexiondigital.com.do\/index.php\/wp-json\/wp\/v2\/posts\/105897","targetHints":{"allow":["GET"]}}],"collection":[{"href":"https:\/\/conexiondigital.com.do\/index.php\/wp-json\/wp\/v2\/posts"}],"about":[{"href":"https:\/\/conexiondigital.com.do\/index.php\/wp-json\/wp\/v2\/types\/post"}],"author":[{"embeddable":true,"href":"https:\/\/conexiondigital.com.do\/index.php\/wp-json\/wp\/v2\/users\/3"}],"replies":[{"embeddable":true,"href":"https:\/\/conexiondigital.com.do\/index.php\/wp-json\/wp\/v2\/comments?post=105897"}],"version-history":[{"count":1,"href":"https:\/\/conexiondigital.com.do\/index.php\/wp-json\/wp\/v2\/posts\/105897\/revisions"}],"predecessor-version":[{"id":105899,"href":"https:\/\/conexiondigital.com.do\/index.php\/wp-json\/wp\/v2\/posts\/105897\/revisions\/105899"}],"wp:attachment":[{"href":"https:\/\/conexiondigital.com.do\/index.php\/wp-json\/wp\/v2\/media?parent=105897"}],"wp:term":[{"taxonomy":"category","embeddable":true,"href":"https:\/\/conexiondigital.com.do\/index.php\/wp-json\/wp\/v2\/categories?post=105897"},{"taxonomy":"post_tag","embeddable":true,"href":"https:\/\/conexiondigital.com.do\/index.php\/wp-json\/wp\/v2\/tags?post=105897"}],"curies":[{"name":"wp","href":"https:\/\/api.w.org\/{rel}","templated":true}]}}