{"id":105900,"date":"2020-08-15T18:56:33","date_gmt":"2020-08-15T22:56:33","guid":{"rendered":"http:\/\/conexiondigital.com.do\/?p=105900"},"modified":"2020-08-15T18:56:33","modified_gmt":"2020-08-15T22:56:33","slug":"danilo-medina-retira-al-comandante-del-ejercito-asciende-otros-altos-oficiales-y-los-pensiona","status":"publish","type":"post","link":"https:\/\/conexiondigital.com.do\/index.php\/2020\/08\/15\/danilo-medina-retira-al-comandante-del-ejercito-asciende-otros-altos-oficiales-y-los-pensiona\/","title":{"rendered":"Danilo Medina retira al Comandante del Ej\u00e9rcito, asciende otros altos oficiales y los pensiona"},"content":{"rendered":"<p><img loading=\"lazy\" decoding=\"async\" class=\"wp-image-105901 alignleft\" src=\"https:\/\/images.conexiondigital.com.do\/wp-content\/uploads\/wp-content\/uploads\/2020\/08\/919f7d91-mayor-general-estanislao-gonell-regalado.jpg\" alt=\"\" width=\"154\" height=\"95\" \/>SANTO DOMINGO.- El Presidente Danilo Medina coloc\u00f3 este s\u00e1bado en posici\u00f3n de retiro a los mayores generales Braulio Alc\u00e1ntara L\u00f3pez y Estanislao Gonell Regalado, ambos del Ej\u00e9rcito de la Rep\u00fablica Dominicana..<\/p>\n<p>Asimismo fueron retirados por el mandatario\u00a0 los Vicealmirantes Miguel Pe\u00f1a Acosta, Edmundo F\u00e9lix Pimentel y Emilio Recio Segura.<\/p>\n<p>Tambien fueron sacados de las filas militares los ayores generales piloto Luis Pay\u00e1n D\u00edaz y Richard V\u00e1squez Jim\u00e9nez.<\/p>\n<p>Mediante el decreto 320-20, el \u00a0Presidente Danilo Medina asciende a mayor general abogado y coloca en honrosa situaci\u00f3n de retiro al general de brigada abogado Juan Manuel M\u00e9ndez Garc\u00eda, del Ej\u00e9rcito .<\/p>\n<p>Mediante el Decreto 321-20 asciende a Contralmirante Mayra Alicia D\u00edaz Mart\u00ednez, de la Armada Dominicana,\u00a0 a vicealmirante y colocada en honrosa situaci\u00f3n de retiro.<\/p>\n<p>Adem\u00e1s al\u00a0 Coronel Jos\u00e9 Manuel Espinal Benzant, del Ej\u00e9rcito, a general de brigada y colocado en honrosa situaci\u00f3n de retiro.<\/p>\n<p>Mediante el edicto \u00a0322-20, Medina asciende a coronel Fidel Augusto Calca\u00f1o Paulino, ERD, y a coronel Rigoberto de los Santos Guerrero, PN, a generales de brigada.<\/p>\n","protected":false},"excerpt":{"rendered":"<p>SANTO DOMINGO.- El Presidente Danilo Medina coloc\u00f3 este s\u00e1bado en posici\u00f3n de retiro a los mayores generales Braulio Alc\u00e1ntara L\u00f3pez y Estanislao Gonell Regalado, ambos del Ej\u00e9rcito de la Rep\u00fablica Dominicana.. Asimismo fueron retirados por el mandatario\u00a0 los Vicealmirantes Miguel Pe\u00f1a Acosta, Edmundo F\u00e9lix Pimentel y Emilio Recio Segura. Tambien fueron sacados de las filas militares los ayores generales piloto Luis Pay\u00e1n D\u00edaz y Richard V\u00e1squez Jim\u00e9nez. Mediante el decreto 320-20, el \u00a0Presidente Danilo Medina asciende a mayor general abogado y coloca en honrosa situaci\u00f3n de retiro al general de brigada abogado Juan Manuel M\u00e9ndez Garc\u00eda, del Ej\u00e9rcito . Mediante el Decreto 321-20 asciende a Contralmirante Mayra Alicia D\u00edaz Mart\u00ednez, de la Armada Dominicana,\u00a0 a vicealmirante y colocada en honrosa situaci\u00f3n de retiro. Adem\u00e1s al\u00a0 Coronel Jos\u00e9 Manuel Espinal Benzant, del Ej\u00e9rcito, a general de brigada y colocado en honrosa situaci\u00f3n de retiro. Mediante el edicto \u00a0322-20, Medina asciende a coronel Fidel Augusto Calca\u00f1o Paulino, ERD, y a coronel Rigoberto de los Santos Guerrero, PN, a generales de brigada.<\/p>\n","protected":false},"author":3,"featured_media":0,"comment_status":"open","ping_status":"open","sticky":false,"template":"","format":"standard","meta":{"om_disable_all_campaigns":false,"footnotes":""},"categories":[12],"tags":[],"class_list":["post-105900","post","type-post","status-publish","format-standard","hentry","category-politic"],"_links":{"self":[{"href":"https:\/\/conexiondigital.com.do\/index.php\/wp-json\/wp\/v2\/posts\/105900","targetHints":{"allow":["GET"]}}],"collection":[{"href":"https:\/\/conexiondigital.com.do\/index.php\/wp-json\/wp\/v2\/posts"}],"about":[{"href":"https:\/\/conexiondigital.com.do\/index.php\/wp-json\/wp\/v2\/types\/post"}],"author":[{"embeddable":true,"href":"https:\/\/conexiondigital.com.do\/index.php\/wp-json\/wp\/v2\/users\/3"}],"replies":[{"embeddable":true,"href":"https:\/\/conexiondigital.com.do\/index.php\/wp-json\/wp\/v2\/comments?post=105900"}],"version-history":[{"count":1,"href":"https:\/\/conexiondigital.com.do\/index.php\/wp-json\/wp\/v2\/posts\/105900\/revisions"}],"predecessor-version":[{"id":105902,"href":"https:\/\/conexiondigital.com.do\/index.php\/wp-json\/wp\/v2\/posts\/105900\/revisions\/105902"}],"wp:attachment":[{"href":"https:\/\/conexiondigital.com.do\/index.php\/wp-json\/wp\/v2\/media?parent=105900"}],"wp:term":[{"taxonomy":"category","embeddable":true,"href":"https:\/\/conexiondigital.com.do\/index.php\/wp-json\/wp\/v2\/categories?post=105900"},{"taxonomy":"post_tag","embeddable":true,"href":"https:\/\/conexiondigital.com.do\/index.php\/wp-json\/wp\/v2\/tags?post=105900"}],"curies":[{"name":"wp","href":"https:\/\/api.w.org\/{rel}","templated":true}]}}