{"id":106839,"date":"2020-08-25T20:28:16","date_gmt":"2020-08-26T00:28:16","guid":{"rendered":"http:\/\/conexiondigital.com.do\/?p=106839"},"modified":"2020-08-25T20:28:16","modified_gmt":"2020-08-26T00:28:16","slug":"desaparece-la-joven-crisleidy-toribio-cruz","status":"publish","type":"post","link":"https:\/\/conexiondigital.com.do\/index.php\/2020\/08\/25\/desaparece-la-joven-crisleidy-toribio-cruz\/","title":{"rendered":"Desaparece la joven Crisleidy Toribio Cruz"},"content":{"rendered":"<p><img loading=\"lazy\" decoding=\"async\" class=\"wp-image-106840 alignleft\" src=\"https:\/\/images.conexiondigital.com.do\/wp-content\/uploads\/wp-content\/uploads\/2020\/08\/8917bd61-7525-41c7-b0d0-dbfbd9b48afc.jpg\" alt=\"\" width=\"58\" height=\"52\" \/>Santo Domingo.- Est\u00e1 desaparecida desde el pasado lunes 22 de agosto la joven Crisleidy Toribio Cruz, de 29 a\u00f1os, se trata de un joven con condiciones especial.<br \/>\nCrisleidy sali\u00f3 de su residencia ubicada en la calle I # 10 de la Urbanizaci\u00f3n Mois\u00e9s, pr\u00f3ximo a los Tres Brazos en el Municipio Santo Domingo, fue vista por \u00faltima vez en la Bomba de Los Mina.<br \/>\nElla se encuentra desaparecida desde la tarde este lunes, a las 3:30 de la tarde y sus familiares est\u00e1n muy preocupados y la han buscado en hospitales, destacamentos, plazas comerciales, y parque, y no la han encontrado.<br \/>\nSi usted tiene alguna informaci\u00f3n por favor llamar a sus familiares a los siguientes n\u00fameros de tel\u00e9fonos, 809-388-5068 809-786-8639 y 809-284-2345.<\/p>\n","protected":false},"excerpt":{"rendered":"<p>Santo Domingo.- Est\u00e1 desaparecida desde el pasado lunes 22 de agosto la joven Crisleidy Toribio Cruz, de 29 a\u00f1os, se trata de un joven con condiciones especial. Crisleidy sali\u00f3 de su residencia ubicada en la calle I # 10 de la Urbanizaci\u00f3n Mois\u00e9s, pr\u00f3ximo a los Tres Brazos en el Municipio Santo Domingo, fue vista por \u00faltima vez en la Bomba de Los Mina. Ella se encuentra desaparecida desde la tarde este lunes, a las 3:30 de la tarde y sus familiares est\u00e1n muy preocupados y la han buscado en hospitales, destacamentos, plazas comerciales, y parque, y no la han encontrado. Si usted tiene alguna informaci\u00f3n por favor llamar a sus familiares a los siguientes n\u00fameros de tel\u00e9fonos, 809-388-5068 809-786-8639 y 809-284-2345.<\/p>\n","protected":false},"author":3,"featured_media":0,"comment_status":"open","ping_status":"open","sticky":false,"template":"","format":"standard","meta":{"om_disable_all_campaigns":false,"footnotes":""},"categories":[15],"tags":[],"class_list":["post-106839","post","type-post","status-publish","format-standard","hentry","category-nacionales"],"_links":{"self":[{"href":"https:\/\/conexiondigital.com.do\/index.php\/wp-json\/wp\/v2\/posts\/106839","targetHints":{"allow":["GET"]}}],"collection":[{"href":"https:\/\/conexiondigital.com.do\/index.php\/wp-json\/wp\/v2\/posts"}],"about":[{"href":"https:\/\/conexiondigital.com.do\/index.php\/wp-json\/wp\/v2\/types\/post"}],"author":[{"embeddable":true,"href":"https:\/\/conexiondigital.com.do\/index.php\/wp-json\/wp\/v2\/users\/3"}],"replies":[{"embeddable":true,"href":"https:\/\/conexiondigital.com.do\/index.php\/wp-json\/wp\/v2\/comments?post=106839"}],"version-history":[{"count":1,"href":"https:\/\/conexiondigital.com.do\/index.php\/wp-json\/wp\/v2\/posts\/106839\/revisions"}],"predecessor-version":[{"id":106841,"href":"https:\/\/conexiondigital.com.do\/index.php\/wp-json\/wp\/v2\/posts\/106839\/revisions\/106841"}],"wp:attachment":[{"href":"https:\/\/conexiondigital.com.do\/index.php\/wp-json\/wp\/v2\/media?parent=106839"}],"wp:term":[{"taxonomy":"category","embeddable":true,"href":"https:\/\/conexiondigital.com.do\/index.php\/wp-json\/wp\/v2\/categories?post=106839"},{"taxonomy":"post_tag","embeddable":true,"href":"https:\/\/conexiondigital.com.do\/index.php\/wp-json\/wp\/v2\/tags?post=106839"}],"curies":[{"name":"wp","href":"https:\/\/api.w.org\/{rel}","templated":true}]}}