{"id":107053,"date":"2020-08-28T19:32:25","date_gmt":"2020-08-28T23:32:25","guid":{"rendered":"http:\/\/conexiondigital.com.do\/?p=107053"},"modified":"2020-08-28T19:32:25","modified_gmt":"2020-08-28T23:32:25","slug":"sistema-9-1-1-coordino-la-asistencia-de-ocho-unidades-de-respuesta-en-incendio-de-puerto-plata","status":"publish","type":"post","link":"https:\/\/conexiondigital.com.do\/index.php\/2020\/08\/28\/sistema-9-1-1-coordino-la-asistencia-de-ocho-unidades-de-respuesta-en-incendio-de-puerto-plata\/","title":{"rendered":"Sistema 9-1-1 coordin\u00f3 la asistencia de ocho unidades de respuesta en incendio de Puerto Plata"},"content":{"rendered":"<p><img loading=\"lazy\" decoding=\"async\" class=\"wp-image-107054 alignleft\" src=\"https:\/\/images.conexiondigital.com.do\/wp-content\/uploads\/wp-content\/uploads\/2020\/08\/blogtouch_picture_ec45ba15_e372_be4a_e143_9c701c9c1485-800x534.jpg\" alt=\"\" width=\"208\" height=\"138\" \/>Puerto Plata.-\u00a0El Sistema Nacional de Atenci\u00f3n a Emergencias y Seguridad 9-1-1 coordin\u00f3 la asistencia de ocho unidades de respuesta en un operativo que mitig\u00f3 el incendio de tres locales comerciales ocurrido la madrugada de este viernes en la Avenida Francisco Alberto\u200bCaama\u00f1o De\u00f1\u00f3 de la provincia Puerto Plata.<\/p>\n<p>El 9-1-1 inform\u00f3 que no se registr\u00f3 ninguna persona afectada producto del incendio, sin embargo un bombero result\u00f3 con golpes leves provocado por la manipulaci\u00f3n de la manguera mientras realizaba su labor, fue asistido sin que ameritara traslado.<\/p>\n<p>En el evento fueron necesarias cinco unidades del Cuerpo de Bomberos del municipio Puerto Plata, quienes necesitaron apoyo de Edenorte para cortar la electricidad. Tambi\u00e9n estuvieron presentes el personal del Ministerio de Salud P\u00fablica y agentes de la Polic\u00eda Nacional.<\/p>\n<p>M\u00e1s detalles<\/p>\n<p>La llamada reportando el caso fue recibida a las 3:53 a. m. De inmediato, las unidades de respuesta fueron enviadas y, en cuatro minutos se encontraban en el lugar sofocando las llamas.<\/p>\n<p>Las unidades de respuesta se mantuvieron enfriando el \u00e1rea hasta que concluyeron las labores de mitigaci\u00f3n del fuego tres horas despu\u00e9s.<\/p>\n<p>El caso fue cerrado a las 7:32 a.m., luego que las unidades se retiraron del lugar.<\/p>\n<p>&nbsp;<\/p>\n","protected":false},"excerpt":{"rendered":"<p>Puerto Plata.-\u00a0El Sistema Nacional de Atenci\u00f3n a Emergencias y Seguridad 9-1-1 coordin\u00f3 la asistencia de ocho unidades de respuesta en un operativo que mitig\u00f3 el incendio de tres locales comerciales ocurrido la madrugada de este viernes en la Avenida Francisco Alberto\u200bCaama\u00f1o De\u00f1\u00f3 de la provincia Puerto Plata. El 9-1-1 inform\u00f3 que no se registr\u00f3 ninguna persona afectada producto del incendio, sin embargo un bombero result\u00f3 con golpes leves provocado por la manipulaci\u00f3n de la manguera mientras realizaba su labor, fue asistido sin que ameritara traslado. En el evento fueron necesarias cinco unidades del Cuerpo de Bomberos del municipio Puerto Plata, quienes necesitaron apoyo de Edenorte para cortar la electricidad. Tambi\u00e9n estuvieron presentes el personal del Ministerio de Salud P\u00fablica y agentes de la Polic\u00eda Nacional. M\u00e1s detalles La llamada reportando el caso fue recibida a las 3:53 a. m. De inmediato, las unidades de respuesta fueron enviadas y, en cuatro minutos se encontraban en el lugar sofocando las llamas. Las unidades de respuesta se mantuvieron enfriando el \u00e1rea hasta que concluyeron las labores de mitigaci\u00f3n del fuego tres horas despu\u00e9s. El caso fue cerrado a las 7:32 a.m., luego que las unidades se retiraron del lugar. &nbsp;<\/p>\n","protected":false},"author":3,"featured_media":0,"comment_status":"open","ping_status":"open","sticky":false,"template":"","format":"standard","meta":{"om_disable_all_campaigns":false,"footnotes":""},"categories":[15],"tags":[],"class_list":["post-107053","post","type-post","status-publish","format-standard","hentry","category-nacionales"],"_links":{"self":[{"href":"https:\/\/conexiondigital.com.do\/index.php\/wp-json\/wp\/v2\/posts\/107053","targetHints":{"allow":["GET"]}}],"collection":[{"href":"https:\/\/conexiondigital.com.do\/index.php\/wp-json\/wp\/v2\/posts"}],"about":[{"href":"https:\/\/conexiondigital.com.do\/index.php\/wp-json\/wp\/v2\/types\/post"}],"author":[{"embeddable":true,"href":"https:\/\/conexiondigital.com.do\/index.php\/wp-json\/wp\/v2\/users\/3"}],"replies":[{"embeddable":true,"href":"https:\/\/conexiondigital.com.do\/index.php\/wp-json\/wp\/v2\/comments?post=107053"}],"version-history":[{"count":1,"href":"https:\/\/conexiondigital.com.do\/index.php\/wp-json\/wp\/v2\/posts\/107053\/revisions"}],"predecessor-version":[{"id":107055,"href":"https:\/\/conexiondigital.com.do\/index.php\/wp-json\/wp\/v2\/posts\/107053\/revisions\/107055"}],"wp:attachment":[{"href":"https:\/\/conexiondigital.com.do\/index.php\/wp-json\/wp\/v2\/media?parent=107053"}],"wp:term":[{"taxonomy":"category","embeddable":true,"href":"https:\/\/conexiondigital.com.do\/index.php\/wp-json\/wp\/v2\/categories?post=107053"},{"taxonomy":"post_tag","embeddable":true,"href":"https:\/\/conexiondigital.com.do\/index.php\/wp-json\/wp\/v2\/tags?post=107053"}],"curies":[{"name":"wp","href":"https:\/\/api.w.org\/{rel}","templated":true}]}}