{"id":107453,"date":"2020-09-01T13:37:13","date_gmt":"2020-09-01T17:37:13","guid":{"rendered":"http:\/\/conexiondigital.com.do\/?p=107453"},"modified":"2020-09-01T13:37:13","modified_gmt":"2020-09-01T17:37:13","slug":"el-drama-de-los-moradores-del-barrio-los-coordinadores-tras-la-tormenta-laura","status":"publish","type":"post","link":"https:\/\/conexiondigital.com.do\/index.php\/2020\/09\/01\/el-drama-de-los-moradores-del-barrio-los-coordinadores-tras-la-tormenta-laura\/","title":{"rendered":"El drama de los moradores del barrio Los Coordinadores tras la tormenta Laura"},"content":{"rendered":"<p><img loading=\"lazy\" decoding=\"async\" class=\" wp-image-107454 alignleft\" src=\"https:\/\/images.conexiondigital.com.do\/wp-content\/uploads\/wp-content\/uploads\/2020\/09\/whatsapp-image-2020-09-01-at-11-34-53-am_14686779_20200901122822.jpg\" alt=\"\" width=\"495\" height=\"317\" \/>Moradores del barrio Los Coordinadores comenzaron a retornar a sus viviendas enlodadas por la crecida del r\u00edo Ozama, pero sin ajuares y solo con la esperanza de ser reubicadas en lugares donde puedan vivir con dignidad.<\/p>\n<p>Mar\u00eda Mart\u00ednez, decidi\u00f3 sacar el lodo de su casita que hab\u00eda abandonado desde que el pa\u00eds fue afectado por la tormenta Laura.<\/p>\n<p>El olor a humedad invade el lugar, muebles destruidos, camas empapadas y otros ajuares da\u00f1ados son parte del panorama interno de la vivienda.<\/p>\n<p>En el patio, el agua se resiste a irse, parte del r\u00edo se mantiene y la amenaza de volver a entrar a las casas sigue latente.<\/p>\n<p>Algunas familias se mantienen en casas de parientes, pero otros que ocupaban refugios volvieron a sus casas todav\u00eda con agua y lodo.<\/p>\n<p>Miledys Montero, es dirigente comunitaria de la zona y cuenta que las ayuda que han recibido los afectados es de alimentos, pero nadie ha planteado una soluci\u00f3n definitiva al problema.<\/p>\n<p>Conf\u00eda en que las nuevas autoridades atender\u00e1n su reclamo y los reubiquen en otros lugares.<\/p>\n","protected":false},"excerpt":{"rendered":"<p>Moradores del barrio Los Coordinadores comenzaron a retornar a sus viviendas enlodadas por la crecida del r\u00edo Ozama, pero sin ajuares y solo con la esperanza de ser reubicadas en lugares donde puedan vivir con dignidad. Mar\u00eda Mart\u00ednez, decidi\u00f3 sacar el lodo de su casita que hab\u00eda abandonado desde que el pa\u00eds fue afectado por la tormenta Laura. El olor a humedad invade el lugar, muebles destruidos, camas empapadas y otros ajuares da\u00f1ados son parte del panorama interno de la vivienda. En el patio, el agua se resiste a irse, parte del r\u00edo se mantiene y la amenaza de volver a entrar a las casas sigue latente. Algunas familias se mantienen en casas de parientes, pero otros que ocupaban refugios volvieron a sus casas todav\u00eda con agua y lodo. Miledys Montero, es dirigente comunitaria de la zona y cuenta que las ayuda que han recibido los afectados es de alimentos, pero nadie ha planteado una soluci\u00f3n definitiva al problema. Conf\u00eda en que las nuevas autoridades atender\u00e1n su reclamo y los reubiquen en otros lugares.<\/p>\n","protected":false},"author":6,"featured_media":107454,"comment_status":"open","ping_status":"open","sticky":false,"template":"","format":"standard","meta":{"om_disable_all_campaigns":false,"footnotes":""},"categories":[1461],"tags":[],"class_list":["post-107453","post","type-post","status-publish","format-standard","has-post-thumbnail","hentry","category-ciudad"],"_links":{"self":[{"href":"https:\/\/conexiondigital.com.do\/index.php\/wp-json\/wp\/v2\/posts\/107453","targetHints":{"allow":["GET"]}}],"collection":[{"href":"https:\/\/conexiondigital.com.do\/index.php\/wp-json\/wp\/v2\/posts"}],"about":[{"href":"https:\/\/conexiondigital.com.do\/index.php\/wp-json\/wp\/v2\/types\/post"}],"author":[{"embeddable":true,"href":"https:\/\/conexiondigital.com.do\/index.php\/wp-json\/wp\/v2\/users\/6"}],"replies":[{"embeddable":true,"href":"https:\/\/conexiondigital.com.do\/index.php\/wp-json\/wp\/v2\/comments?post=107453"}],"version-history":[{"count":1,"href":"https:\/\/conexiondigital.com.do\/index.php\/wp-json\/wp\/v2\/posts\/107453\/revisions"}],"predecessor-version":[{"id":107455,"href":"https:\/\/conexiondigital.com.do\/index.php\/wp-json\/wp\/v2\/posts\/107453\/revisions\/107455"}],"wp:featuredmedia":[{"embeddable":true,"href":"https:\/\/conexiondigital.com.do\/index.php\/wp-json\/wp\/v2\/media\/107454"}],"wp:attachment":[{"href":"https:\/\/conexiondigital.com.do\/index.php\/wp-json\/wp\/v2\/media?parent=107453"}],"wp:term":[{"taxonomy":"category","embeddable":true,"href":"https:\/\/conexiondigital.com.do\/index.php\/wp-json\/wp\/v2\/categories?post=107453"},{"taxonomy":"post_tag","embeddable":true,"href":"https:\/\/conexiondigital.com.do\/index.php\/wp-json\/wp\/v2\/tags?post=107453"}],"curies":[{"name":"wp","href":"https:\/\/api.w.org\/{rel}","templated":true}]}}