{"id":110679,"date":"2020-10-12T17:10:48","date_gmt":"2020-10-12T21:10:48","guid":{"rendered":"http:\/\/conexiondigital.com.do\/?p=110679"},"modified":"2020-10-12T17:10:48","modified_gmt":"2020-10-12T21:10:48","slug":"el-ex-presidente-hipolito-mejia-visita-director-de-la-digesett","status":"publish","type":"post","link":"https:\/\/conexiondigital.com.do\/index.php\/2020\/10\/12\/el-ex-presidente-hipolito-mejia-visita-director-de-la-digesett\/","title":{"rendered":"El ex-presidente Hip\u00f3lito Mej\u00eda visita director de la DIGESETT"},"content":{"rendered":"<p><img loading=\"lazy\" decoding=\"async\" class=\"size-medium wp-image-110680 aligncenter\" src=\"https:\/\/images.conexiondigital.com.do\/wp-content\/uploads\/wp-content\/uploads\/2020\/10\/4e241b37-0ff0-4df3-82dd-75facf7aedc9-800x583.jpg\" alt=\"\" width=\"800\" height=\"583\" \/>El ex-presidente Hip\u00f3lito Mej\u00eda realiz\u00f3 una visita de cortes\u00eda al director de la Direcci\u00f3n General de Seguridad de Tr\u00e1nsito y Transporte Terrestre (DIGESETT), general de brigada Ram\u00f3n Antonio Guzm\u00e1n Peralta, P.N.<\/p>\n<p>Mej\u00eda fue recibido a las 9:30 de la ma\u00f1ana en el segundo nivel de la sede central de la DIGESETT por el general Guzm\u00e1n Peralta. Mientras recorr\u00eda los pasillos de la entidad, el ex-gobernante felicit\u00f3 a Guzm\u00e1n Peralta por lo bien organizado, cuidado y el buen servicio que brindan los agentes y empleados de la DIGESETT.<\/p>\n<p>\u201cTodo el mundo est\u00e1 en su lugar, todos los polic\u00edas en formaci\u00f3n, bien uniformados. Lo felicito y espero que todo siga igual. Veo que todo ha sido m\u00e1s f\u00e1cil porque usted hab\u00eda estado aqu\u00ed\u201d, dijo Hip\u00f3lito Mej\u00eda.<\/p>\n<p>El general le explic\u00f3 que r\u00e1pidamente se hab\u00eda adaptado a la mec\u00e1nica de trabajo en la direcci\u00f3n de la entidad porque fue ayudante de dos directores de la DIGESETT (antigua AMET) y que lleg\u00f3 a dirigir AMET en la Zona Oriental.<\/p>\n<p>Con el dinamismo que lo caracteriza, Hip\u00f3lito Mej\u00eda saludaba, conversaba, hac\u00eda an\u00e9cdotas y se tomaba fotos con todos los empleados de la Direcci\u00f3n General de Seguridad de Tr\u00e1nsito y Transporte Terrestre.<\/p>\n<p>Al final de la visita, Hip\u00f3lito Mej\u00eda le augur\u00f3 mucho \u00e9xito al general Guzm\u00e1n Peralta y manifest\u00f3 que por su organizaci\u00f3n, disciplina, dedicaci\u00f3n al trabajo, y buena formaci\u00f3n como polic\u00eda, tendr\u00e1 un buen desempe\u00f1o en el cargo.<\/p>\n","protected":false},"excerpt":{"rendered":"<p>El ex-presidente Hip\u00f3lito Mej\u00eda realiz\u00f3 una visita de cortes\u00eda al director de la Direcci\u00f3n General de Seguridad de Tr\u00e1nsito y Transporte Terrestre (DIGESETT), general de brigada Ram\u00f3n Antonio Guzm\u00e1n Peralta, P.N. Mej\u00eda fue recibido a las 9:30 de la ma\u00f1ana en el segundo nivel de la sede central de la DIGESETT por el general Guzm\u00e1n Peralta. Mientras recorr\u00eda los pasillos de la entidad, el ex-gobernante felicit\u00f3 a Guzm\u00e1n Peralta por lo bien organizado, cuidado y el buen servicio que brindan los agentes y empleados de la DIGESETT. \u201cTodo el mundo est\u00e1 en su lugar, todos los polic\u00edas en formaci\u00f3n, bien uniformados. Lo felicito y espero que todo siga igual. Veo que todo ha sido m\u00e1s f\u00e1cil porque usted hab\u00eda estado aqu\u00ed\u201d, dijo Hip\u00f3lito Mej\u00eda. El general le explic\u00f3 que r\u00e1pidamente se hab\u00eda adaptado a la mec\u00e1nica de trabajo en la direcci\u00f3n de la entidad porque fue ayudante de dos directores de la DIGESETT (antigua AMET) y que lleg\u00f3 a dirigir AMET en la Zona Oriental. Con el dinamismo que lo caracteriza, Hip\u00f3lito Mej\u00eda saludaba, conversaba, hac\u00eda an\u00e9cdotas y se tomaba fotos con todos los empleados de la Direcci\u00f3n General de Seguridad de Tr\u00e1nsito y Transporte Terrestre. Al final de la visita, Hip\u00f3lito Mej\u00eda le augur\u00f3 mucho \u00e9xito al general Guzm\u00e1n Peralta y manifest\u00f3 que por su organizaci\u00f3n, disciplina, dedicaci\u00f3n al trabajo, y buena formaci\u00f3n como polic\u00eda, tendr\u00e1 un buen desempe\u00f1o en el cargo.<\/p>\n","protected":false},"author":3,"featured_media":0,"comment_status":"open","ping_status":"open","sticky":false,"template":"","format":"standard","meta":{"om_disable_all_campaigns":false,"footnotes":""},"categories":[12],"tags":[],"class_list":["post-110679","post","type-post","status-publish","format-standard","hentry","category-politic"],"_links":{"self":[{"href":"https:\/\/conexiondigital.com.do\/index.php\/wp-json\/wp\/v2\/posts\/110679","targetHints":{"allow":["GET"]}}],"collection":[{"href":"https:\/\/conexiondigital.com.do\/index.php\/wp-json\/wp\/v2\/posts"}],"about":[{"href":"https:\/\/conexiondigital.com.do\/index.php\/wp-json\/wp\/v2\/types\/post"}],"author":[{"embeddable":true,"href":"https:\/\/conexiondigital.com.do\/index.php\/wp-json\/wp\/v2\/users\/3"}],"replies":[{"embeddable":true,"href":"https:\/\/conexiondigital.com.do\/index.php\/wp-json\/wp\/v2\/comments?post=110679"}],"version-history":[{"count":1,"href":"https:\/\/conexiondigital.com.do\/index.php\/wp-json\/wp\/v2\/posts\/110679\/revisions"}],"predecessor-version":[{"id":110681,"href":"https:\/\/conexiondigital.com.do\/index.php\/wp-json\/wp\/v2\/posts\/110679\/revisions\/110681"}],"wp:attachment":[{"href":"https:\/\/conexiondigital.com.do\/index.php\/wp-json\/wp\/v2\/media?parent=110679"}],"wp:term":[{"taxonomy":"category","embeddable":true,"href":"https:\/\/conexiondigital.com.do\/index.php\/wp-json\/wp\/v2\/categories?post=110679"},{"taxonomy":"post_tag","embeddable":true,"href":"https:\/\/conexiondigital.com.do\/index.php\/wp-json\/wp\/v2\/tags?post=110679"}],"curies":[{"name":"wp","href":"https:\/\/api.w.org\/{rel}","templated":true}]}}