{"id":110752,"date":"2020-10-13T16:32:39","date_gmt":"2020-10-13T20:32:39","guid":{"rendered":"http:\/\/conexiondigital.com.do\/?p=110752"},"modified":"2020-10-13T16:32:39","modified_gmt":"2020-10-13T20:32:39","slug":"tres-nuevas-entidades-apoyan-a-samir-chami-isa-como-miembro-titular-de-la-jce","status":"publish","type":"post","link":"https:\/\/conexiondigital.com.do\/index.php\/2020\/10\/13\/tres-nuevas-entidades-apoyan-a-samir-chami-isa-como-miembro-titular-de-la-jce\/","title":{"rendered":"Tres nuevas entidades apoyan a Samir Chami Isa como miembro titular de la JCE"},"content":{"rendered":"<p><strong><img loading=\"lazy\" decoding=\"async\" class=\"wp-image-110753 alignleft\" src=\"https:\/\/images.conexiondigital.com.do\/wp-content\/uploads\/wp-content\/uploads\/2020\/10\/5ec7e50f-0f4a-4351-a0d6-3114277a8bf0-681x800.jpg\" alt=\"\" width=\"265\" height=\"312\" \/>El aspirante asegura que trabajar\u00e1 con disciplina, transparencia y respeto a la democracia<\/strong><\/p>\n<p>SANTO DOMINGO, Rep\u00fablica Dominicana.- El Centro Juan XXIII, la Confederaci\u00f3n Dominicana de Micro, Peque\u00f1as y Medianas Empresas de la Construcci\u00f3n (COPYMECON)\u00a0y el se\u00f1or Antonio Jorge Alma Yam\u00edn \u00a0manifestaron su respaldo por escrito al destacado jurista Samir Chami Isa para que sea seleccionado como miembro titular de la Junta Central Electoral por el Senado de la Rep\u00fablica, para el per\u00edodo 2020-2024.<\/p>\n<p>Claudia Capano, presidenta del Centro Juan XXIII, defini\u00f3 a \u00a0Chami Isa como un distinguido abogado con m\u00e1s de 20 a\u00f1os de experiencia laboral y destacadas contribuciones desde distintas instancias de la sociedad civil y empresarial que le han ganado el respeto y la distinci\u00f3n de la sociedad dominicana.<\/p>\n<p>Mientras que Eliseo Cristopher, presidente de COPYMECON, dijo que respalda esta propuesta por los a\u00f1os de servicios p\u00fablicos, idoneidad, capacidad, preparaci\u00f3n acad\u00e9mica, experiencia acumulada, valores \u00e9ticos y morales de los que Chami Isa es poseedor.<\/p>\n<p>\u201cEs adem\u00e1s un excelente profesional, justo, equilibrado, y conocedor de los temas administrativos, financieros y de tecnolog\u00edas inform\u00e1ticas claves para utilizarse en un sistema electoral y administrativo moderno, cuya capacidad operativa ha quedado evidenciada en cada una de las instituciones p\u00fablicas y privadas donde ha prestado servicios\u201d, precis\u00f3 en Cristopher en una carta \u00a0dirigida al presidente del Senado, Eduardo Estrella y a los miembros de la Comisi\u00f3n Especial responsable de seleccionar a los candidatos.<\/p>\n<p>En tanto que el destacado empresario y gremialista Antonio Jorge \u00a0Alma Yamin, enfatiz\u00f3 que la vasta experiencia profesional de Chami Isa, sus notables servicios a favor de la ciudadan\u00eda a trav\u00e9s de numerosas instituciones de bien social y sus reconocidas virtudes morales le acreditan como un exponente id\u00f3neo para integrar la JCE.<\/p>\n<p>Samir Chami Isa, aspirante a miembro del \u00f3rgano electoral, agradeci\u00f3 el respaldo recibido por varias entidades y personalidades a nivel nacional.<\/p>\n<p>Anunci\u00f3 que de resultar electo como miembro de la JCE trabajar\u00e1 con disciplina, \u00e9tica, transparencia y respeto a la democracia; adem\u00e1s propugnar\u00e1 para que dicha entidad trabaje con un alto nivel de institucionalidad, transparencia y eficiencia operativa, ya que es un \u00f3rgano de vital importancia\u00a0 para el mantenimiento y fortalecimiento de nuestra democracia, tal y como lo ha compartido uno de los proponentes.<\/p>\n<p>Apoyo de otras entidades<\/p>\n<p>Samir Chami Isa tambi\u00e9n recibi\u00f3 el respaldo de la Confederaci\u00f3n Patronal de la Rep\u00fablica Dominicana, la Academia de Ciencias de la Rep\u00fablica Dominicana, de Jes\u00fas Castro Marte, obispo de la Di\u00f3cesis de La Altagracia; as\u00ed como por otras instituciones.<\/p>\n","protected":false},"excerpt":{"rendered":"<p>El aspirante asegura que trabajar\u00e1 con disciplina, transparencia y respeto a la democracia SANTO DOMINGO, Rep\u00fablica Dominicana.- El Centro Juan XXIII, la Confederaci\u00f3n Dominicana de Micro, Peque\u00f1as y Medianas Empresas de la Construcci\u00f3n (COPYMECON)\u00a0y el se\u00f1or Antonio Jorge Alma Yam\u00edn \u00a0manifestaron su respaldo por escrito al destacado jurista Samir Chami Isa para que sea seleccionado como miembro titular de la Junta Central Electoral por el Senado de la Rep\u00fablica, para el per\u00edodo 2020-2024. Claudia Capano, presidenta del Centro Juan XXIII, defini\u00f3 a \u00a0Chami Isa como un distinguido abogado con m\u00e1s de 20 a\u00f1os de experiencia laboral y destacadas contribuciones desde distintas instancias de la sociedad civil y empresarial que le han ganado el respeto y la distinci\u00f3n de la sociedad dominicana. Mientras que Eliseo Cristopher, presidente de COPYMECON, dijo que respalda esta propuesta por los a\u00f1os de servicios p\u00fablicos, idoneidad, capacidad, preparaci\u00f3n acad\u00e9mica, experiencia acumulada, valores \u00e9ticos y morales de los que Chami Isa es poseedor. \u201cEs adem\u00e1s un excelente profesional, justo, equilibrado, y conocedor de los temas administrativos, financieros y de tecnolog\u00edas inform\u00e1ticas claves para utilizarse en un sistema electoral y administrativo moderno, cuya capacidad operativa ha quedado evidenciada en cada una de las instituciones p\u00fablicas y privadas donde ha prestado servicios\u201d, precis\u00f3 en Cristopher en una carta \u00a0dirigida al presidente del Senado, Eduardo Estrella y a los miembros de la Comisi\u00f3n Especial responsable de seleccionar a los candidatos. En tanto que el destacado empresario y gremialista Antonio Jorge \u00a0Alma Yamin, enfatiz\u00f3 que la vasta experiencia profesional de Chami Isa, sus notables servicios a favor de la ciudadan\u00eda a trav\u00e9s de numerosas instituciones de bien social y sus reconocidas virtudes morales le acreditan como un exponente id\u00f3neo para integrar la JCE. Samir Chami Isa, aspirante a miembro del \u00f3rgano electoral, agradeci\u00f3 el respaldo recibido por varias entidades y personalidades a nivel nacional. Anunci\u00f3 que de resultar electo como miembro de la JCE trabajar\u00e1 con disciplina, \u00e9tica, transparencia y respeto a la democracia; adem\u00e1s propugnar\u00e1 para que dicha entidad trabaje con un alto nivel de institucionalidad, transparencia y eficiencia operativa, ya que es un \u00f3rgano de vital importancia\u00a0 para el mantenimiento y fortalecimiento de nuestra democracia, tal y como lo ha compartido uno de los proponentes. Apoyo de otras entidades Samir Chami Isa tambi\u00e9n recibi\u00f3 el respaldo de la Confederaci\u00f3n Patronal de la Rep\u00fablica Dominicana, la Academia de Ciencias de la Rep\u00fablica Dominicana, de Jes\u00fas Castro Marte, obispo de la Di\u00f3cesis de La Altagracia; as\u00ed como por otras instituciones.<\/p>\n","protected":false},"author":3,"featured_media":0,"comment_status":"open","ping_status":"open","sticky":false,"template":"","format":"standard","meta":{"om_disable_all_campaigns":false,"footnotes":""},"categories":[12],"tags":[],"class_list":["post-110752","post","type-post","status-publish","format-standard","hentry","category-politic"],"_links":{"self":[{"href":"https:\/\/conexiondigital.com.do\/index.php\/wp-json\/wp\/v2\/posts\/110752","targetHints":{"allow":["GET"]}}],"collection":[{"href":"https:\/\/conexiondigital.com.do\/index.php\/wp-json\/wp\/v2\/posts"}],"about":[{"href":"https:\/\/conexiondigital.com.do\/index.php\/wp-json\/wp\/v2\/types\/post"}],"author":[{"embeddable":true,"href":"https:\/\/conexiondigital.com.do\/index.php\/wp-json\/wp\/v2\/users\/3"}],"replies":[{"embeddable":true,"href":"https:\/\/conexiondigital.com.do\/index.php\/wp-json\/wp\/v2\/comments?post=110752"}],"version-history":[{"count":1,"href":"https:\/\/conexiondigital.com.do\/index.php\/wp-json\/wp\/v2\/posts\/110752\/revisions"}],"predecessor-version":[{"id":110754,"href":"https:\/\/conexiondigital.com.do\/index.php\/wp-json\/wp\/v2\/posts\/110752\/revisions\/110754"}],"wp:attachment":[{"href":"https:\/\/conexiondigital.com.do\/index.php\/wp-json\/wp\/v2\/media?parent=110752"}],"wp:term":[{"taxonomy":"category","embeddable":true,"href":"https:\/\/conexiondigital.com.do\/index.php\/wp-json\/wp\/v2\/categories?post=110752"},{"taxonomy":"post_tag","embeddable":true,"href":"https:\/\/conexiondigital.com.do\/index.php\/wp-json\/wp\/v2\/tags?post=110752"}],"curies":[{"name":"wp","href":"https:\/\/api.w.org\/{rel}","templated":true}]}}