{"id":111962,"date":"2020-11-07T00:11:16","date_gmt":"2020-11-07T04:11:16","guid":{"rendered":"http:\/\/conexiondigital.com.do\/?p=111962"},"modified":"2020-11-07T00:11:16","modified_gmt":"2020-11-07T04:11:16","slug":"tribunal-constitucional-celebra-acto-conmemorativo-por-el-176-aniversario-de-la-constitucion","status":"publish","type":"post","link":"https:\/\/conexiondigital.com.do\/index.php\/2020\/11\/07\/tribunal-constitucional-celebra-acto-conmemorativo-por-el-176-aniversario-de-la-constitucion\/","title":{"rendered":"Tribunal Constitucional celebra acto conmemorativo por el 176 aniversario de la Constituci\u00f3n \u00a0"},"content":{"rendered":"<p><strong><img loading=\"lazy\" decoding=\"async\" class=\"size-medium wp-image-111963 aligncenter\" src=\"https:\/\/images.conexiondigital.com.do\/wp-content\/uploads\/wp-content\/uploads\/2020\/11\/thumbnail_Acto-de-celebraci\u00f3n-del-D\u00eda-de-la-Constituci\u00f3n-800x534.jpg\" alt=\"\" width=\"800\" height=\"534\" \/>El magistrado Wilson G\u00f3mez Ram\u00edrez declar\u00f3 que \u201choy vivimos la etapa m\u00e1s resplandeciente de los momentos constitucionales del pa\u00eds\u201d<\/strong><\/p>\n<p>SANTO DOMINGO. \u2013 El Tribunal Constitucional (TC) celebr\u00f3 el 176 aniversario de la Constituci\u00f3n y rindi\u00f3 honor a los constituyentes de San Crist\u00f3bal con un acto de enhestamiento de la bandera nacional y una ofrenda floral frente al busto de Juan Pablo Duarte, primer constitucionalista dominicano.<\/p>\n<p>Con esta actividad, encabezada por el magistrado Wilson G\u00f3mez Ram\u00edrez, el TC da inicio formal al programa de actividades que desarrolla cada a\u00f1o durante todo noviembre con motivo del Mes de la Constituci\u00f3n.<\/p>\n<p>Durante el acto, efectuado en la explanada de la sede del TC, el magistrado G\u00f3mez Ram\u00edrez afirm\u00f3 que con el surgimiento en la Constituci\u00f3n del a\u00f1o 2010 del Tribunal Constitucional se impuls\u00f3 la cultura alrededor de la norma suprema, por lo que \u201choy d\u00eda estamos viviendo la m\u00e1s fascinante vida constitucional\u201d.<\/p>\n<p>\u201cHoy vivimos la etapa m\u00e1s resplandeciente de los momentos constitucionales del pa\u00eds. La Constituci\u00f3n encontr\u00f3 un int\u00e9rprete valido, comprometido, responsable, y ya no es simplemente la letra de la norma suprema, es la aplicaci\u00f3n del texto supremo a favor de la justicia constitucional\u201d, expres\u00f3 el juez G\u00f3mez Ram\u00edrez, tambi\u00e9n presidente del Instituto Duartiano.<\/p>\n<p>Al pronunciar las palabras principales de este acto, el magistrado dijo que este 6 de noviembre se conmemora el 176 aniversario de haberse iniciado la libertad pol\u00edtica en esta parte de la isla, con una Constituci\u00f3n que \u201ctuvo el prop\u00f3sito de recoger como un eco singular las acciones trinitarias que culminaron con la proclamaci\u00f3n de la independencia nacional, el 27 de febrero de 1844\u201d.<\/p>\n<p>\u201cEste d\u00eda, pues, si bien es un tributo a Juan Pablo Duarte y D\u00edez, proclamado en el a\u00f1o 2012 por este tribunal como primer constitucionalista dominicano, tambi\u00e9n es un tributo a los buenos constituyentes de San Crist\u00f3bal. En fin, un reconocimiento a todos aquellos que propiciaron la libertad pol\u00edtica en la Rep\u00fablica Dominicana\u201d, sostuvo el juez del TC.<\/p>\n<p>En esta actividad estuvieron presentes los magistrados del TC V\u00edctor Joaqu\u00edn Castellanos Pizano, Domingo Gil y Miguel Valera Montero, quienes dieron inicio a la ceremonia con la lectura de algunos fragmentos del proyecto constitucional de Juan Pablo Duarte y apuntes de su hermana, la patriota Rosa Duarte.<\/p>\n<p>Tambi\u00e9n estuvo presente el secretario general del Instituto Duartiano, Julio Manuel Rodr\u00edguez Grull\u00f3n, as\u00ed como un grupo de funcionarios y servidores del TC.<\/p>\n<p>En el marco de este mes aniversario, el martes 17 se estar\u00e1 realizando la puesta en circulaci\u00f3n de cuatro obras editadas por el TC, y el martes 24 se develar\u00e1 una tarja conmemorativa en el edificio del Congreso Nacional.<\/p>\n<p>El cierre del Mes de la Constituci\u00f3n ser\u00e1 el jueves 26 con la conferencia magistral \u201cEl constitucionalismo social dominicano en el contexto de las constituciones de 1963 y 2010\u201d, a cargo del magistrado Herm\u00f3genes Acosta, que ser\u00e1 transmitida en vivo a trav\u00e9s de las redes sociales de la instituci\u00f3n.<\/p>\n<p>&nbsp;<\/p>\n","protected":false},"excerpt":{"rendered":"<p>El magistrado Wilson G\u00f3mez Ram\u00edrez declar\u00f3 que \u201choy vivimos la etapa m\u00e1s resplandeciente de los momentos constitucionales del pa\u00eds\u201d SANTO DOMINGO. \u2013 El Tribunal Constitucional (TC) celebr\u00f3 el 176 aniversario de la Constituci\u00f3n y rindi\u00f3 honor a los constituyentes de San Crist\u00f3bal con un acto de enhestamiento de la bandera nacional y una ofrenda floral frente al busto de Juan Pablo Duarte, primer constitucionalista dominicano. Con esta actividad, encabezada por el magistrado Wilson G\u00f3mez Ram\u00edrez, el TC da inicio formal al programa de actividades que desarrolla cada a\u00f1o durante todo noviembre con motivo del Mes de la Constituci\u00f3n. Durante el acto, efectuado en la explanada de la sede del TC, el magistrado G\u00f3mez Ram\u00edrez afirm\u00f3 que con el surgimiento en la Constituci\u00f3n del a\u00f1o 2010 del Tribunal Constitucional se impuls\u00f3 la cultura alrededor de la norma suprema, por lo que \u201choy d\u00eda estamos viviendo la m\u00e1s fascinante vida constitucional\u201d. \u201cHoy vivimos la etapa m\u00e1s resplandeciente de los momentos constitucionales del pa\u00eds. La Constituci\u00f3n encontr\u00f3 un int\u00e9rprete valido, comprometido, responsable, y ya no es simplemente la letra de la norma suprema, es la aplicaci\u00f3n del texto supremo a favor de la justicia constitucional\u201d, expres\u00f3 el juez G\u00f3mez Ram\u00edrez, tambi\u00e9n presidente del Instituto Duartiano. Al pronunciar las palabras principales de este acto, el magistrado dijo que este 6 de noviembre se conmemora el 176 aniversario de haberse iniciado la libertad pol\u00edtica en esta parte de la isla, con una Constituci\u00f3n que \u201ctuvo el prop\u00f3sito de recoger como un eco singular las acciones trinitarias que culminaron con la proclamaci\u00f3n de la independencia nacional, el 27 de febrero de 1844\u201d. \u201cEste d\u00eda, pues, si bien es un tributo a Juan Pablo Duarte y D\u00edez, proclamado en el a\u00f1o 2012 por este tribunal como primer constitucionalista dominicano, tambi\u00e9n es un tributo a los buenos constituyentes de San Crist\u00f3bal. En fin, un reconocimiento a todos aquellos que propiciaron la libertad pol\u00edtica en la Rep\u00fablica Dominicana\u201d, sostuvo el juez del TC. En esta actividad estuvieron presentes los magistrados del TC V\u00edctor Joaqu\u00edn Castellanos Pizano, Domingo Gil y Miguel Valera Montero, quienes dieron inicio a la ceremonia con la lectura de algunos fragmentos del proyecto constitucional de Juan Pablo Duarte y apuntes de su hermana, la patriota Rosa Duarte. Tambi\u00e9n estuvo presente el secretario general del Instituto Duartiano, Julio Manuel Rodr\u00edguez Grull\u00f3n, as\u00ed como un grupo de funcionarios y servidores del TC. En el marco de este mes aniversario, el martes 17 se estar\u00e1 realizando la puesta en circulaci\u00f3n de cuatro obras editadas por el TC, y el martes 24 se develar\u00e1 una tarja conmemorativa en el edificio del Congreso Nacional. El cierre del Mes de la Constituci\u00f3n ser\u00e1 el jueves 26 con la conferencia magistral \u201cEl constitucionalismo social dominicano en el contexto de las constituciones de 1963 y 2010\u201d, a cargo del magistrado Herm\u00f3genes Acosta, que ser\u00e1 transmitida en vivo a trav\u00e9s de las redes sociales de la instituci\u00f3n. &nbsp;<\/p>\n","protected":false},"author":3,"featured_media":0,"comment_status":"open","ping_status":"open","sticky":false,"template":"","format":"standard","meta":{"om_disable_all_campaigns":false,"footnotes":""},"categories":[20],"tags":[],"class_list":["post-111962","post","type-post","status-publish","format-standard","hentry","category-football"],"_links":{"self":[{"href":"https:\/\/conexiondigital.com.do\/index.php\/wp-json\/wp\/v2\/posts\/111962","targetHints":{"allow":["GET"]}}],"collection":[{"href":"https:\/\/conexiondigital.com.do\/index.php\/wp-json\/wp\/v2\/posts"}],"about":[{"href":"https:\/\/conexiondigital.com.do\/index.php\/wp-json\/wp\/v2\/types\/post"}],"author":[{"embeddable":true,"href":"https:\/\/conexiondigital.com.do\/index.php\/wp-json\/wp\/v2\/users\/3"}],"replies":[{"embeddable":true,"href":"https:\/\/conexiondigital.com.do\/index.php\/wp-json\/wp\/v2\/comments?post=111962"}],"version-history":[{"count":1,"href":"https:\/\/conexiondigital.com.do\/index.php\/wp-json\/wp\/v2\/posts\/111962\/revisions"}],"predecessor-version":[{"id":111964,"href":"https:\/\/conexiondigital.com.do\/index.php\/wp-json\/wp\/v2\/posts\/111962\/revisions\/111964"}],"wp:attachment":[{"href":"https:\/\/conexiondigital.com.do\/index.php\/wp-json\/wp\/v2\/media?parent=111962"}],"wp:term":[{"taxonomy":"category","embeddable":true,"href":"https:\/\/conexiondigital.com.do\/index.php\/wp-json\/wp\/v2\/categories?post=111962"},{"taxonomy":"post_tag","embeddable":true,"href":"https:\/\/conexiondigital.com.do\/index.php\/wp-json\/wp\/v2\/tags?post=111962"}],"curies":[{"name":"wp","href":"https:\/\/api.w.org\/{rel}","templated":true}]}}