{"id":112441,"date":"2020-11-17T14:27:35","date_gmt":"2020-11-17T18:27:35","guid":{"rendered":"http:\/\/conexiondigital.com.do\/?p=112441"},"modified":"2020-11-17T14:27:35","modified_gmt":"2020-11-17T18:27:35","slug":"estudiantes-del-itsc-realizan-jornada-de-reforestacion-y-recoleccion-de-desechos-solidos","status":"publish","type":"post","link":"https:\/\/conexiondigital.com.do\/index.php\/2020\/11\/17\/estudiantes-del-itsc-realizan-jornada-de-reforestacion-y-recoleccion-de-desechos-solidos\/","title":{"rendered":"Estudiantes del ITSC realizan jornada de reforestaci\u00f3n y recolecci\u00f3n de desechos s\u00f3lidos."},"content":{"rendered":"<p><img loading=\"lazy\" decoding=\"async\" class=\"size-medium wp-image-112442 aligncenter\" src=\"https:\/\/images.conexiondigital.com.do\/wp-content\/uploads\/wp-content\/uploads\/2020\/11\/REF-1-800x533.jpg\" alt=\"\" width=\"800\" height=\"533\" \/>San Luis. Santo Domingo Este. Con el objetivo del cumplimiento de las horas de servicio social comunitario, m\u00e1s de 170 estudiantes del Instituto T\u00e9cnico Superior Comunitario (ITSC), realizaron una jornada de reforestaci\u00f3n, sembrando 800 \u00e1rboles en la Avenida Ecol\u00f3gica del municipio de Santo Domingo Este.<\/p>\n<p>De igual manera, los estudiantes tambi\u00e9n recolectaron desechos s\u00f3lidos en la playa de la Plaza Fray Ant\u00f3n de Montesinos, del distrito nacional, donde estuvo presente la regidora de dicha circunscripci\u00f3n, Liz Mieses, del Partido Revolucionario Moderno (PRM).<\/p>\n<p>Durante las dos importantes actividades que fueron organizadas por la Vicerrector\u00eda de Extensi\u00f3n y Vinculaci\u00f3n con la Comunidad de dicho instituto, su titular Rafael Feliz, extern\u00f3 que \u201cla reforestaci\u00f3n y recolecci\u00f3n de desechos s\u00f3lidos, son parte del compromiso del ITSC con el cuidado del medio ambiente\u201d.<\/p>\n<p>Durante dicha jornada tambi\u00e9n estuvieron presentes el\u00a0Dr. en derecho Rodolfo Valera, alcalde del distrito municipal de San Luis, la Lic. Marilyn de los Santos, directora de Servicios Estudiantiles, Franklin Concepci\u00f3n, coronel de la Polic\u00eda Nacional (P.N.) y comandante del Departamento E-6, Licda. Carolin Feliz, coordinadora Acad\u00e9mica, Mtro. Wilfredo Marte director del departamento de Extensi\u00f3n y Vinculaci\u00f3n, Eddy Santana, encargado de Reforestaci\u00f3n de la Direcci\u00f3n Provincial Santo Domingo Medio Ambiente; y el Lic. Ram\u00f3n Efren Cuello, asistente especial del presidente Luis Abinader Corona.<\/p>\n<p>&nbsp;<\/p>\n","protected":false},"excerpt":{"rendered":"<p>San Luis. Santo Domingo Este. Con el objetivo del cumplimiento de las horas de servicio social comunitario, m\u00e1s de 170 estudiantes del Instituto T\u00e9cnico Superior Comunitario (ITSC), realizaron una jornada de reforestaci\u00f3n, sembrando 800 \u00e1rboles en la Avenida Ecol\u00f3gica del municipio de Santo Domingo Este. De igual manera, los estudiantes tambi\u00e9n recolectaron desechos s\u00f3lidos en la playa de la Plaza Fray Ant\u00f3n de Montesinos, del distrito nacional, donde estuvo presente la regidora de dicha circunscripci\u00f3n, Liz Mieses, del Partido Revolucionario Moderno (PRM). Durante las dos importantes actividades que fueron organizadas por la Vicerrector\u00eda de Extensi\u00f3n y Vinculaci\u00f3n con la Comunidad de dicho instituto, su titular Rafael Feliz, extern\u00f3 que \u201cla reforestaci\u00f3n y recolecci\u00f3n de desechos s\u00f3lidos, son parte del compromiso del ITSC con el cuidado del medio ambiente\u201d. Durante dicha jornada tambi\u00e9n estuvieron presentes el\u00a0Dr. en derecho Rodolfo Valera, alcalde del distrito municipal de San Luis, la Lic. Marilyn de los Santos, directora de Servicios Estudiantiles, Franklin Concepci\u00f3n, coronel de la Polic\u00eda Nacional (P.N.) y comandante del Departamento E-6, Licda. Carolin Feliz, coordinadora Acad\u00e9mica, Mtro. Wilfredo Marte director del departamento de Extensi\u00f3n y Vinculaci\u00f3n, Eddy Santana, encargado de Reforestaci\u00f3n de la Direcci\u00f3n Provincial Santo Domingo Medio Ambiente; y el Lic. Ram\u00f3n Efren Cuello, asistente especial del presidente Luis Abinader Corona. &nbsp;<\/p>\n","protected":false},"author":3,"featured_media":0,"comment_status":"open","ping_status":"open","sticky":false,"template":"","format":"standard","meta":{"om_disable_all_campaigns":false,"footnotes":""},"categories":[15],"tags":[],"class_list":["post-112441","post","type-post","status-publish","format-standard","hentry","category-nacionales"],"_links":{"self":[{"href":"https:\/\/conexiondigital.com.do\/index.php\/wp-json\/wp\/v2\/posts\/112441","targetHints":{"allow":["GET"]}}],"collection":[{"href":"https:\/\/conexiondigital.com.do\/index.php\/wp-json\/wp\/v2\/posts"}],"about":[{"href":"https:\/\/conexiondigital.com.do\/index.php\/wp-json\/wp\/v2\/types\/post"}],"author":[{"embeddable":true,"href":"https:\/\/conexiondigital.com.do\/index.php\/wp-json\/wp\/v2\/users\/3"}],"replies":[{"embeddable":true,"href":"https:\/\/conexiondigital.com.do\/index.php\/wp-json\/wp\/v2\/comments?post=112441"}],"version-history":[{"count":1,"href":"https:\/\/conexiondigital.com.do\/index.php\/wp-json\/wp\/v2\/posts\/112441\/revisions"}],"predecessor-version":[{"id":112443,"href":"https:\/\/conexiondigital.com.do\/index.php\/wp-json\/wp\/v2\/posts\/112441\/revisions\/112443"}],"wp:attachment":[{"href":"https:\/\/conexiondigital.com.do\/index.php\/wp-json\/wp\/v2\/media?parent=112441"}],"wp:term":[{"taxonomy":"category","embeddable":true,"href":"https:\/\/conexiondigital.com.do\/index.php\/wp-json\/wp\/v2\/categories?post=112441"},{"taxonomy":"post_tag","embeddable":true,"href":"https:\/\/conexiondigital.com.do\/index.php\/wp-json\/wp\/v2\/tags?post=112441"}],"curies":[{"name":"wp","href":"https:\/\/api.w.org\/{rel}","templated":true}]}}