{"id":112451,"date":"2020-11-17T15:11:10","date_gmt":"2020-11-17T19:11:10","guid":{"rendered":"http:\/\/conexiondigital.com.do\/?p=112451"},"modified":"2020-11-17T15:11:10","modified_gmt":"2020-11-17T19:11:10","slug":"ponderan-prohibicion-matrimonio-infantil-en-congreso-dominicano","status":"publish","type":"post","link":"https:\/\/conexiondigital.com.do\/index.php\/2020\/11\/17\/ponderan-prohibicion-matrimonio-infantil-en-congreso-dominicano\/","title":{"rendered":"Ponderan prohibici\u00f3n matrimonio infantil en Congreso dominicano"},"content":{"rendered":"<p><strong><img loading=\"lazy\" decoding=\"async\" class=\"size-full wp-image-112452 aligncenter\" src=\"https:\/\/images.conexiondigital.com.do\/wp-content\/uploads\/wp-content\/uploads\/2020\/11\/thumbnail_silvia-garcia.jpg\" alt=\"\" width=\"450\" height=\"300\" \/>Recuerdan que semejante iniciativa fue aprobada en el PARLACEN el a\u00f1o pasado<\/strong><\/p>\n<p>La diputada al PARLACEN por el Partido Revolucionario Dominicano PRD Silvia Garc\u00eda, expres\u00f3 hoy su satisfacci\u00f3n de que el Congreso dominicano haya abordado de manera responsable el tema del matrimonio infantil en el pa\u00eds, ya que es una problem\u00e1tica que debe ser tomada con la debida seriedad por el impacto social que implica.<\/p>\n<p>Entrevistada en el programa El Despertador que se produce por Color Visi\u00f3n, la diputada Garc\u00eda dijo estar esperanzada de que en los pr\u00f3ximos d\u00edas el Congreso se aboque a conocer y aprobar ese proyecto para que el matrimonio infantil sea definitivamente erradicado de la legislaci\u00f3n dominicana.<\/p>\n<p>Record\u00f3 que, debido a su gesti\u00f3n, fue aprobada una iniciativa en ese sentido en el Parlamento Centroamericano, que sin lugar a dudas pudo servir como referencia y medio de presi\u00f3n para que en el pa\u00eds los legisladores la asumieran con la determinaci\u00f3n y la importancia que el tema reviste.<\/p>\n<p>\u201cEn agosto del a\u00f1o pasado, quien les habla someti\u00f3 una iniciativa para elevar la edad m\u00ednima para contraer matrimonio a 18 a\u00f1os. Despu\u00e9s de marat\u00f3nicas sesiones llenas de intensos debates, nosotros aprobamos este mismo a\u00f1o esa iniciativa, y despu\u00e9s de regresar al pa\u00eds, vimos con alegr\u00eda que un diputado del Congreso dominicano somet\u00eda a la c\u00e1mara baja una igual a la nuestra\u201d.<\/p>\n<p>Destac\u00f3 que, aunque el PARLACEN no tiene a\u00fan la facultad vinculante, esta es una demostraci\u00f3n de c\u00f3mo puede incidir en lo nacional una iniciativa de ese organismo regional.<\/p>\n<p>Pidi\u00f3 a la opini\u00f3n p\u00fablica nacional especialmente a los comunicadores, asumir ese tema con la seriedad que implica ya que perjudica tanto a las ni\u00f1as que contraen el matrimonio, sus familiares, as\u00ed como a la sociedad en su conjunto, convirti\u00e9ndose en un espiral de pobreza, abuso y violencia.<\/p>\n<p>&nbsp;<\/p>\n<p>&nbsp;<\/p>\n","protected":false},"excerpt":{"rendered":"<p>Recuerdan que semejante iniciativa fue aprobada en el PARLACEN el a\u00f1o pasado La diputada al PARLACEN por el Partido Revolucionario Dominicano PRD Silvia Garc\u00eda, expres\u00f3 hoy su satisfacci\u00f3n de que el Congreso dominicano haya abordado de manera responsable el tema del matrimonio infantil en el pa\u00eds, ya que es una problem\u00e1tica que debe ser tomada con la debida seriedad por el impacto social que implica. Entrevistada en el programa El Despertador que se produce por Color Visi\u00f3n, la diputada Garc\u00eda dijo estar esperanzada de que en los pr\u00f3ximos d\u00edas el Congreso se aboque a conocer y aprobar ese proyecto para que el matrimonio infantil sea definitivamente erradicado de la legislaci\u00f3n dominicana. Record\u00f3 que, debido a su gesti\u00f3n, fue aprobada una iniciativa en ese sentido en el Parlamento Centroamericano, que sin lugar a dudas pudo servir como referencia y medio de presi\u00f3n para que en el pa\u00eds los legisladores la asumieran con la determinaci\u00f3n y la importancia que el tema reviste. \u201cEn agosto del a\u00f1o pasado, quien les habla someti\u00f3 una iniciativa para elevar la edad m\u00ednima para contraer matrimonio a 18 a\u00f1os. Despu\u00e9s de marat\u00f3nicas sesiones llenas de intensos debates, nosotros aprobamos este mismo a\u00f1o esa iniciativa, y despu\u00e9s de regresar al pa\u00eds, vimos con alegr\u00eda que un diputado del Congreso dominicano somet\u00eda a la c\u00e1mara baja una igual a la nuestra\u201d. Destac\u00f3 que, aunque el PARLACEN no tiene a\u00fan la facultad vinculante, esta es una demostraci\u00f3n de c\u00f3mo puede incidir en lo nacional una iniciativa de ese organismo regional. Pidi\u00f3 a la opini\u00f3n p\u00fablica nacional especialmente a los comunicadores, asumir ese tema con la seriedad que implica ya que perjudica tanto a las ni\u00f1as que contraen el matrimonio, sus familiares, as\u00ed como a la sociedad en su conjunto, convirti\u00e9ndose en un espiral de pobreza, abuso y violencia. &nbsp; &nbsp;<\/p>\n","protected":false},"author":3,"featured_media":0,"comment_status":"open","ping_status":"open","sticky":false,"template":"","format":"standard","meta":{"om_disable_all_campaigns":false,"footnotes":""},"categories":[12],"tags":[],"class_list":["post-112451","post","type-post","status-publish","format-standard","hentry","category-politic"],"_links":{"self":[{"href":"https:\/\/conexiondigital.com.do\/index.php\/wp-json\/wp\/v2\/posts\/112451","targetHints":{"allow":["GET"]}}],"collection":[{"href":"https:\/\/conexiondigital.com.do\/index.php\/wp-json\/wp\/v2\/posts"}],"about":[{"href":"https:\/\/conexiondigital.com.do\/index.php\/wp-json\/wp\/v2\/types\/post"}],"author":[{"embeddable":true,"href":"https:\/\/conexiondigital.com.do\/index.php\/wp-json\/wp\/v2\/users\/3"}],"replies":[{"embeddable":true,"href":"https:\/\/conexiondigital.com.do\/index.php\/wp-json\/wp\/v2\/comments?post=112451"}],"version-history":[{"count":1,"href":"https:\/\/conexiondigital.com.do\/index.php\/wp-json\/wp\/v2\/posts\/112451\/revisions"}],"predecessor-version":[{"id":112453,"href":"https:\/\/conexiondigital.com.do\/index.php\/wp-json\/wp\/v2\/posts\/112451\/revisions\/112453"}],"wp:attachment":[{"href":"https:\/\/conexiondigital.com.do\/index.php\/wp-json\/wp\/v2\/media?parent=112451"}],"wp:term":[{"taxonomy":"category","embeddable":true,"href":"https:\/\/conexiondigital.com.do\/index.php\/wp-json\/wp\/v2\/categories?post=112451"},{"taxonomy":"post_tag","embeddable":true,"href":"https:\/\/conexiondigital.com.do\/index.php\/wp-json\/wp\/v2\/tags?post=112451"}],"curies":[{"name":"wp","href":"https:\/\/api.w.org\/{rel}","templated":true}]}}