{"id":113379,"date":"2020-12-03T16:23:34","date_gmt":"2020-12-03T20:23:34","guid":{"rendered":"http:\/\/conexiondigital.com.do\/?p=113379"},"modified":"2020-12-03T16:23:34","modified_gmt":"2020-12-03T20:23:34","slug":"plan-social-y-jompeame-formalizan-acuerdo-para-seguir-beneficiando-a-familias-de-escasos-recursos","status":"publish","type":"post","link":"https:\/\/conexiondigital.com.do\/index.php\/2020\/12\/03\/plan-social-y-jompeame-formalizan-acuerdo-para-seguir-beneficiando-a-familias-de-escasos-recursos\/","title":{"rendered":"Plan Social y Jomp\u00e9ame formalizan acuerdo para seguir beneficiando a familias de escasos recursos"},"content":{"rendered":"<p><strong><img loading=\"lazy\" decoding=\"async\" class=\"size-medium wp-image-113380 aligncenter\" src=\"https:\/\/images.conexiondigital.com.do\/wp-content\/uploads\/wp-content\/uploads\/2020\/12\/thumbnail_Convenio-PASP-01-800x571.jpg\" alt=\"\" width=\"800\" height=\"571\" \/>El objetivo de aunar esfuerzos para seguir beneficiando a las familias de escasos recursos,\u00a0El Plan Social de la Presidencia, PASP, y la fundaci\u00f3n Jomp\u00e9ame, formalizaron este jueves un acuerdo a los fines de continuar beneficiando a los m\u00e1s necesitados, en materia de salud, alimentaci\u00f3n y otras importantes \u00e1reas.<\/strong><\/p>\n<p>\u201cEn el d\u00eda de hoy, nosotros como fundaci\u00f3n Jomp\u00e9ame, nos sentimos muy felices porque, aunque verdaderamente el Plan Social siempre ha prestado ayuda con nuestra causa, ahora lo hemos formalizado, estamos sintiendo que ahora el gobierno y las fundaciones como nosotros somos un equipo y que no es cuesti\u00f3n de protagonismo, simplemente quiere lo mejor para su pa\u00eds que es impulsar que las personas tengan una mejor calidad de vida.\u201d Sostuvo Katherine Motyka, presidenta de la\u00a0plataforma de Recaudaci\u00f3n en l\u00ednea.<\/p>\n<p>De su lado, la doctora Henr\u00edquez, agradeci\u00f3 a Jomp\u00e9ame por la sensibilidad y acci\u00f3n humanitaria que afirma le da un sustento a sus acciones.<\/p>\n<p>\u201cPara nosotros de forma personal e institucional, sentimos que esta es una oportunidad que Dios nos pone para poder accionar, de unir voluntades para llegar hacia esas personas que m\u00e1s necesitan de la ayuda. Celebro grandemente y me alegra que se reconozca que no hay ni puede haber jam\u00e1s protagonismo cuando se trate de llegar a ayudar a alguien. El protagonismo es resolver el problema y unir las voluntades y para eso estamos\u201d. Precis\u00f3 Henr\u00edquez.<\/p>\n<p>En el convenio cuya duraci\u00f3n ser\u00e1 de un a\u00f1o, el Plan Social se compromete a poner a disposici\u00f3n de la fundaci\u00f3n, raciones alimenticias, electrodom\u00e9sticos e insumos que se tengan disponibles a la hora de ejecutar los diferentes proyectos, los cuales depender\u00e1n de una previa revisi\u00f3n y evaluaci\u00f3n para determinar si el caso se corresponde con las prioridades y misi\u00f3n de la instituci\u00f3n del gobierno.<\/p>\n<p>El PASP, tambi\u00e9n asume el compromiso de poner a disposici\u00f3n de Jomp\u00e9ame, las instalaciones, equipos y personal m\u00e9dico con que cuenta la instituci\u00f3n en los casos que ameriten servicios de salud, de acuerdo a las especialidades que ofrece la instituci\u00f3n.<\/p>\n<p>Entre tanto, dentro de las obligaciones la fundaci\u00f3n Jomp\u00e9ame, se compromete a presentar previamente los casos documentados al PASP para fines de evaluaci\u00f3n y posterior aprobaci\u00f3n, as\u00ed como en conjunto con la instituci\u00f3n de definir las fechas de entrega al beneficiario de la contribuci\u00f3n.<\/p>\n<p>La directora del PASP, se comprometi\u00f3 a seguir con el apoyo que desde el primer d\u00eda se ha brindado a las organizaciones sin fines de lucro en beneficio de las familias, reafirmando su compromiso de estar al lado de las mejores causas ofreciendo asistencia con dignidad, tal y como la ha dispuesto el presidente Luis Abinader.<\/p>\n<p>&nbsp;<\/p>\n","protected":false},"excerpt":{"rendered":"<p>El objetivo de aunar esfuerzos para seguir beneficiando a las familias de escasos recursos,\u00a0El Plan Social de la Presidencia, PASP, y la fundaci\u00f3n Jomp\u00e9ame, formalizaron este jueves un acuerdo a los fines de continuar beneficiando a los m\u00e1s necesitados, en materia de salud, alimentaci\u00f3n y otras importantes \u00e1reas. \u201cEn el d\u00eda de hoy, nosotros como fundaci\u00f3n Jomp\u00e9ame, nos sentimos muy felices porque, aunque verdaderamente el Plan Social siempre ha prestado ayuda con nuestra causa, ahora lo hemos formalizado, estamos sintiendo que ahora el gobierno y las fundaciones como nosotros somos un equipo y que no es cuesti\u00f3n de protagonismo, simplemente quiere lo mejor para su pa\u00eds que es impulsar que las personas tengan una mejor calidad de vida.\u201d Sostuvo Katherine Motyka, presidenta de la\u00a0plataforma de Recaudaci\u00f3n en l\u00ednea. De su lado, la doctora Henr\u00edquez, agradeci\u00f3 a Jomp\u00e9ame por la sensibilidad y acci\u00f3n humanitaria que afirma le da un sustento a sus acciones. \u201cPara nosotros de forma personal e institucional, sentimos que esta es una oportunidad que Dios nos pone para poder accionar, de unir voluntades para llegar hacia esas personas que m\u00e1s necesitan de la ayuda. Celebro grandemente y me alegra que se reconozca que no hay ni puede haber jam\u00e1s protagonismo cuando se trate de llegar a ayudar a alguien. El protagonismo es resolver el problema y unir las voluntades y para eso estamos\u201d. Precis\u00f3 Henr\u00edquez. En el convenio cuya duraci\u00f3n ser\u00e1 de un a\u00f1o, el Plan Social se compromete a poner a disposici\u00f3n de la fundaci\u00f3n, raciones alimenticias, electrodom\u00e9sticos e insumos que se tengan disponibles a la hora de ejecutar los diferentes proyectos, los cuales depender\u00e1n de una previa revisi\u00f3n y evaluaci\u00f3n para determinar si el caso se corresponde con las prioridades y misi\u00f3n de la instituci\u00f3n del gobierno. El PASP, tambi\u00e9n asume el compromiso de poner a disposici\u00f3n de Jomp\u00e9ame, las instalaciones, equipos y personal m\u00e9dico con que cuenta la instituci\u00f3n en los casos que ameriten servicios de salud, de acuerdo a las especialidades que ofrece la instituci\u00f3n. Entre tanto, dentro de las obligaciones la fundaci\u00f3n Jomp\u00e9ame, se compromete a presentar previamente los casos documentados al PASP para fines de evaluaci\u00f3n y posterior aprobaci\u00f3n, as\u00ed como en conjunto con la instituci\u00f3n de definir las fechas de entrega al beneficiario de la contribuci\u00f3n. La directora del PASP, se comprometi\u00f3 a seguir con el apoyo que desde el primer d\u00eda se ha brindado a las organizaciones sin fines de lucro en beneficio de las familias, reafirmando su compromiso de estar al lado de las mejores causas ofreciendo asistencia con dignidad, tal y como la ha dispuesto el presidente Luis Abinader. &nbsp;<\/p>\n","protected":false},"author":3,"featured_media":0,"comment_status":"open","ping_status":"open","sticky":false,"template":"","format":"standard","meta":{"om_disable_all_campaigns":false,"footnotes":""},"categories":[15],"tags":[],"class_list":["post-113379","post","type-post","status-publish","format-standard","hentry","category-nacionales"],"_links":{"self":[{"href":"https:\/\/conexiondigital.com.do\/index.php\/wp-json\/wp\/v2\/posts\/113379","targetHints":{"allow":["GET"]}}],"collection":[{"href":"https:\/\/conexiondigital.com.do\/index.php\/wp-json\/wp\/v2\/posts"}],"about":[{"href":"https:\/\/conexiondigital.com.do\/index.php\/wp-json\/wp\/v2\/types\/post"}],"author":[{"embeddable":true,"href":"https:\/\/conexiondigital.com.do\/index.php\/wp-json\/wp\/v2\/users\/3"}],"replies":[{"embeddable":true,"href":"https:\/\/conexiondigital.com.do\/index.php\/wp-json\/wp\/v2\/comments?post=113379"}],"version-history":[{"count":1,"href":"https:\/\/conexiondigital.com.do\/index.php\/wp-json\/wp\/v2\/posts\/113379\/revisions"}],"predecessor-version":[{"id":113381,"href":"https:\/\/conexiondigital.com.do\/index.php\/wp-json\/wp\/v2\/posts\/113379\/revisions\/113381"}],"wp:attachment":[{"href":"https:\/\/conexiondigital.com.do\/index.php\/wp-json\/wp\/v2\/media?parent=113379"}],"wp:term":[{"taxonomy":"category","embeddable":true,"href":"https:\/\/conexiondigital.com.do\/index.php\/wp-json\/wp\/v2\/categories?post=113379"},{"taxonomy":"post_tag","embeddable":true,"href":"https:\/\/conexiondigital.com.do\/index.php\/wp-json\/wp\/v2\/tags?post=113379"}],"curies":[{"name":"wp","href":"https:\/\/api.w.org\/{rel}","templated":true}]}}