{"id":115913,"date":"2021-02-27T20:09:05","date_gmt":"2021-02-28T00:09:05","guid":{"rendered":"http:\/\/conexiondigital.com.do\/?p=115913"},"modified":"2021-02-27T20:09:05","modified_gmt":"2021-02-28T00:09:05","slug":"viceministro-pavel-isa-contreras-informa-que-este-ano-habra-un-aumento-muy-significativo-de-la-inversion-publica","status":"publish","type":"post","link":"https:\/\/conexiondigital.com.do\/index.php\/2021\/02\/27\/viceministro-pavel-isa-contreras-informa-que-este-ano-habra-un-aumento-muy-significativo-de-la-inversion-publica\/","title":{"rendered":"Viceministro Pavel Isa Contreras informa que este a\u00f1o habr\u00e1 un aumento muy significativo de la inversi\u00f3n p\u00fablica"},"content":{"rendered":"<p><strong><img loading=\"lazy\" decoding=\"async\" class=\"size-full wp-image-115914 alignleft\" src=\"https:\/\/images.conexiondigital.com.do\/wp-content\/uploads\/wp-content\/uploads\/2021\/02\/thumbnail_PAVEL-ISA-EN-PANEL-DEL-TELEMATUTINO-UNOUNO-11.jpg\" alt=\"\" width=\"374\" height=\"250\" \/>El viceministro de Planificaci\u00f3n e Inversi\u00f3n P\u00fablica dijo que en el segundo semestre del a\u00f1o se generar\u00e1 un aumento de la demanda y una reactivaci\u00f3n econ\u00f3mica fuerte.<\/strong><\/p>\n<p>Santo Domingo, Rep\u00fablica Dominicana. (Febrero de 2021). El viceministro de Planificaci\u00f3n e Inversi\u00f3n P\u00fablica, Pavel Isa Contreras, inform\u00f3 que este a\u00f1o el presupuesto p\u00fablico est\u00e1 considerando RD$150 mil millones en gasto de capital.<\/p>\n<p>\u201cEl a\u00f1o pasado fue RD$100 mil millones\u201d, expres\u00f3 el viceministro, del Ministerio de Econom\u00eda, Planificaci\u00f3n y Desarrollo, quien precis\u00f3 que este a\u00f1o 2021 el aumento de la inversi\u00f3n p\u00fablica es muy significativo.<\/p>\n<p>Isa Contreras fue entrevistado por los periodistas Adalberto Grull\u00f3n y Millizen Uribe en el programa Uno+Uno, por Teleantillas, canal 2, en un programa especial, con motivo de la rendici\u00f3n de cuentas del presidente Luis Abinader este 27 de febrero; en el que participaron el economista Apolinar Veloz y el soci\u00f3logo Juan Miguel P\u00e9rez.<\/p>\n<p>El viceministro Isa Contreras indic\u00f3 que el gasto de capital presupuestado para este a\u00f1o es equivalente al 3.2% del PIB. Precis\u00f3 que en promedio en los \u00faltimos siete a\u00f1os hab\u00eda sido de 2.6% del PIB, significa que habr\u00e1 un aumento este a\u00f1o del gasto de capital, de la inversi\u00f3n p\u00fablica muy significativo.<\/p>\n<p>\u201cDesafortunadamente todav\u00eda no puede darse en este trimestre hasta que las cifras de la epidemia no cedan de manera m\u00e1s significativa, pienso que vamos a ver la aceleraci\u00f3n de la inversi\u00f3n p\u00fablica a partir del segundo trimestre del a\u00f1o y mucho m\u00e1s a partir del tercer trimestre en el segundo semestre del a\u00f1o que va a generar\u00e1 un aumento de la demanda y una reactivaci\u00f3n econ\u00f3mica fuerte\u201d, puntualiz\u00f3 Isa Contreras.<\/p>\n<p>Manifest\u00f3 que en estos momentos la econom\u00eda est\u00e1 en un punto en donde hay una capacidad ociosa en donde el aumento en la demanda no generar\u00e1 inflaci\u00f3n. Precis\u00f3 que la inflaci\u00f3n que tenemos en estos momentos principalmente es importada.<\/p>\n<p>En cuanto al endeudamiento, dijo que coincid\u00eda con el planteamiento del economista Apolinar Veloz de que hay espacio para que el Gobierno se endeude con el Banco Central. \u201cCreo que se puede explorar eso, ya se hizo una vez, se puede tratar de continuar haciendo, hay recursos que tiene la econom\u00eda\u201d, dijo.<\/p>\n<p>El viceministro de Planificaci\u00f3n e Inversi\u00f3n P\u00fablica indic\u00f3 que de cualquier manera, ya sea financiamiento del Banco Central, externo o de otro tipo no hay ninguna otra alternativa que no sea sostener el nivel de gasto p\u00fablico y acrecentarlo.<\/p>\n","protected":false},"excerpt":{"rendered":"<p>El viceministro de Planificaci\u00f3n e Inversi\u00f3n P\u00fablica dijo que en el segundo semestre del a\u00f1o se generar\u00e1 un aumento de la demanda y una reactivaci\u00f3n econ\u00f3mica fuerte. Santo Domingo, Rep\u00fablica Dominicana. (Febrero de 2021). El viceministro de Planificaci\u00f3n e Inversi\u00f3n P\u00fablica, Pavel Isa Contreras, inform\u00f3 que este a\u00f1o el presupuesto p\u00fablico est\u00e1 considerando RD$150 mil millones en gasto de capital. \u201cEl a\u00f1o pasado fue RD$100 mil millones\u201d, expres\u00f3 el viceministro, del Ministerio de Econom\u00eda, Planificaci\u00f3n y Desarrollo, quien precis\u00f3 que este a\u00f1o 2021 el aumento de la inversi\u00f3n p\u00fablica es muy significativo. Isa Contreras fue entrevistado por los periodistas Adalberto Grull\u00f3n y Millizen Uribe en el programa Uno+Uno, por Teleantillas, canal 2, en un programa especial, con motivo de la rendici\u00f3n de cuentas del presidente Luis Abinader este 27 de febrero; en el que participaron el economista Apolinar Veloz y el soci\u00f3logo Juan Miguel P\u00e9rez. El viceministro Isa Contreras indic\u00f3 que el gasto de capital presupuestado para este a\u00f1o es equivalente al 3.2% del PIB. Precis\u00f3 que en promedio en los \u00faltimos siete a\u00f1os hab\u00eda sido de 2.6% del PIB, significa que habr\u00e1 un aumento este a\u00f1o del gasto de capital, de la inversi\u00f3n p\u00fablica muy significativo. \u201cDesafortunadamente todav\u00eda no puede darse en este trimestre hasta que las cifras de la epidemia no cedan de manera m\u00e1s significativa, pienso que vamos a ver la aceleraci\u00f3n de la inversi\u00f3n p\u00fablica a partir del segundo trimestre del a\u00f1o y mucho m\u00e1s a partir del tercer trimestre en el segundo semestre del a\u00f1o que va a generar\u00e1 un aumento de la demanda y una reactivaci\u00f3n econ\u00f3mica fuerte\u201d, puntualiz\u00f3 Isa Contreras. Manifest\u00f3 que en estos momentos la econom\u00eda est\u00e1 en un punto en donde hay una capacidad ociosa en donde el aumento en la demanda no generar\u00e1 inflaci\u00f3n. Precis\u00f3 que la inflaci\u00f3n que tenemos en estos momentos principalmente es importada. En cuanto al endeudamiento, dijo que coincid\u00eda con el planteamiento del economista Apolinar Veloz de que hay espacio para que el Gobierno se endeude con el Banco Central. \u201cCreo que se puede explorar eso, ya se hizo una vez, se puede tratar de continuar haciendo, hay recursos que tiene la econom\u00eda\u201d, dijo. El viceministro de Planificaci\u00f3n e Inversi\u00f3n P\u00fablica indic\u00f3 que de cualquier manera, ya sea financiamiento del Banco Central, externo o de otro tipo no hay ninguna otra alternativa que no sea sostener el nivel de gasto p\u00fablico y acrecentarlo.<\/p>\n","protected":false},"author":3,"featured_media":0,"comment_status":"open","ping_status":"open","sticky":false,"template":"","format":"standard","meta":{"om_disable_all_campaigns":false,"footnotes":""},"categories":[56],"tags":[],"class_list":["post-115913","post","type-post","status-publish","format-standard","hentry","category-economia"],"_links":{"self":[{"href":"https:\/\/conexiondigital.com.do\/index.php\/wp-json\/wp\/v2\/posts\/115913","targetHints":{"allow":["GET"]}}],"collection":[{"href":"https:\/\/conexiondigital.com.do\/index.php\/wp-json\/wp\/v2\/posts"}],"about":[{"href":"https:\/\/conexiondigital.com.do\/index.php\/wp-json\/wp\/v2\/types\/post"}],"author":[{"embeddable":true,"href":"https:\/\/conexiondigital.com.do\/index.php\/wp-json\/wp\/v2\/users\/3"}],"replies":[{"embeddable":true,"href":"https:\/\/conexiondigital.com.do\/index.php\/wp-json\/wp\/v2\/comments?post=115913"}],"version-history":[{"count":1,"href":"https:\/\/conexiondigital.com.do\/index.php\/wp-json\/wp\/v2\/posts\/115913\/revisions"}],"predecessor-version":[{"id":115915,"href":"https:\/\/conexiondigital.com.do\/index.php\/wp-json\/wp\/v2\/posts\/115913\/revisions\/115915"}],"wp:attachment":[{"href":"https:\/\/conexiondigital.com.do\/index.php\/wp-json\/wp\/v2\/media?parent=115913"}],"wp:term":[{"taxonomy":"category","embeddable":true,"href":"https:\/\/conexiondigital.com.do\/index.php\/wp-json\/wp\/v2\/categories?post=115913"},{"taxonomy":"post_tag","embeddable":true,"href":"https:\/\/conexiondigital.com.do\/index.php\/wp-json\/wp\/v2\/tags?post=115913"}],"curies":[{"name":"wp","href":"https:\/\/api.w.org\/{rel}","templated":true}]}}