{"id":116742,"date":"2021-03-22T18:48:16","date_gmt":"2021-03-22T22:48:16","guid":{"rendered":"http:\/\/conexiondigital.com.do\/?p=116742"},"modified":"2021-03-22T18:48:16","modified_gmt":"2021-03-22T22:48:16","slug":"116742","status":"publish","type":"post","link":"https:\/\/conexiondigital.com.do\/index.php\/2021\/03\/22\/116742\/","title":{"rendered":""},"content":{"rendered":"<p><strong><img loading=\"lazy\" decoding=\"async\" class=\"size-full wp-image-116743 alignleft\" src=\"https:\/\/images.conexiondigital.com.do\/wp-content\/uploads\/wp-content\/uploads\/2021\/03\/Ulises-Rodr\u00edguez-visita-terrenos-donde-Gobierno-proyecta-construir-parque-de-zona-franca-en-San-Juan.jpg\" alt=\"\" width=\"320\" height=\"171\" \/>Ulises Rodr\u00edguez visita terrenos donde Gobierno proyecta construir parque de zona franca en San Juan<\/strong><\/p>\n<p>El director general de Proindustria dijo que recibi\u00f3 instrucciones del presidente Luis Abinader de agilizar el estudio de factibilidad necesario para la construcci\u00f3n de un complejo industrial.<\/p>\n<p>San Juan de la Maguana, provincia San Juan, 22 de marzo 2021. &#8211; El director general del Centro de Desarrollo y Competitividad Industrial (Proindustria), Ulises Rodr\u00edguez, visit\u00f3 el viernes ese municipio donde realiz\u00f3 un descenso en los terrenos se\u00f1alados para la construcci\u00f3n de un parque industrial de zonas francas.<\/p>\n<p>La visita de Rodr\u00edguez se produce una semana despu\u00e9s de que el presidente Luis Abinader encabezar\u00e1 un Consejo de Gobierno, celebrado el pasado 14 de marzo del 2021, en el que tras escuchar a los diversos sectores sociales y econ\u00f3micos, declar\u00f3 esta provincia en estado de emergencia.<\/p>\n<p>Entre las solicitudes planteadas al mandatario, estuvo la de que se proceda a dar continuidad a la construcci\u00f3n del parque industrial para instalar empresas de zonas francas que facilite la generaci\u00f3n de empleos.<\/p>\n<p>El desempleo fue uno de los problemas m\u00e1s acuciantes en la provincia denunciaron quienes intervinieron durante el acto encabezado por el presidente Luis Abinader.<\/p>\n<p>Rodr\u00edguez explic\u00f3 que hizo el descenso por instrucciones del gobernante para que se proceda a hacer el estudio de factibilidad para la instalaci\u00f3n del parque industrial, como ha sido solicitado a trav\u00e9s del diputado Nidio Encarnaci\u00f3n Santiago.<\/p>\n<p>\u201cUna vez que se concluya el an\u00e1lisis se tomar\u00e1 una decisi\u00f3n\u201d expres\u00f3 Rodr\u00edguez, quien indic\u00f3 que en vista de que el mandatario declar\u00f3 el estado de emergencia la decisi\u00f3n habr\u00e1 de tomarse con la mayor celeridad posible.<\/p>\n<p>Durante la visita al lugar, el director de Proindustria estuvo acompa\u00f1ado del diputado Encarnaci\u00f3n Santiago; la regidora Ana Mar\u00eda Castillo; el director provincial del Ministerio de Obras P\u00fablicas y Comunicaciones, Edward Rodr\u00edguez y Julio Rosado, entre otros funcionarios.<\/p>\n<p>&nbsp;<\/p>\n<p>&nbsp;<\/p>\n","protected":false},"excerpt":{"rendered":"<p>Ulises Rodr\u00edguez visita terrenos donde Gobierno proyecta construir parque de zona franca en San Juan El director general de Proindustria dijo que recibi\u00f3 instrucciones del presidente Luis Abinader de agilizar el estudio de factibilidad necesario para la construcci\u00f3n de un complejo industrial. San Juan de la Maguana, provincia San Juan, 22 de marzo 2021. &#8211; El director general del Centro de Desarrollo y Competitividad Industrial (Proindustria), Ulises Rodr\u00edguez, visit\u00f3 el viernes ese municipio donde realiz\u00f3 un descenso en los terrenos se\u00f1alados para la construcci\u00f3n de un parque industrial de zonas francas. La visita de Rodr\u00edguez se produce una semana despu\u00e9s de que el presidente Luis Abinader encabezar\u00e1 un Consejo de Gobierno, celebrado el pasado 14 de marzo del 2021, en el que tras escuchar a los diversos sectores sociales y econ\u00f3micos, declar\u00f3 esta provincia en estado de emergencia. Entre las solicitudes planteadas al mandatario, estuvo la de que se proceda a dar continuidad a la construcci\u00f3n del parque industrial para instalar empresas de zonas francas que facilite la generaci\u00f3n de empleos. El desempleo fue uno de los problemas m\u00e1s acuciantes en la provincia denunciaron quienes intervinieron durante el acto encabezado por el presidente Luis Abinader. Rodr\u00edguez explic\u00f3 que hizo el descenso por instrucciones del gobernante para que se proceda a hacer el estudio de factibilidad para la instalaci\u00f3n del parque industrial, como ha sido solicitado a trav\u00e9s del diputado Nidio Encarnaci\u00f3n Santiago. \u201cUna vez que se concluya el an\u00e1lisis se tomar\u00e1 una decisi\u00f3n\u201d expres\u00f3 Rodr\u00edguez, quien indic\u00f3 que en vista de que el mandatario declar\u00f3 el estado de emergencia la decisi\u00f3n habr\u00e1 de tomarse con la mayor celeridad posible. Durante la visita al lugar, el director de Proindustria estuvo acompa\u00f1ado del diputado Encarnaci\u00f3n Santiago; la regidora Ana Mar\u00eda Castillo; el director provincial del Ministerio de Obras P\u00fablicas y Comunicaciones, Edward Rodr\u00edguez y Julio Rosado, entre otros funcionarios. &nbsp; &nbsp;<\/p>\n","protected":false},"author":6,"featured_media":0,"comment_status":"open","ping_status":"open","sticky":false,"template":"","format":"standard","meta":{"om_disable_all_campaigns":false,"footnotes":""},"categories":[56],"tags":[],"class_list":["post-116742","post","type-post","status-publish","format-standard","hentry","category-economia"],"_links":{"self":[{"href":"https:\/\/conexiondigital.com.do\/index.php\/wp-json\/wp\/v2\/posts\/116742","targetHints":{"allow":["GET"]}}],"collection":[{"href":"https:\/\/conexiondigital.com.do\/index.php\/wp-json\/wp\/v2\/posts"}],"about":[{"href":"https:\/\/conexiondigital.com.do\/index.php\/wp-json\/wp\/v2\/types\/post"}],"author":[{"embeddable":true,"href":"https:\/\/conexiondigital.com.do\/index.php\/wp-json\/wp\/v2\/users\/6"}],"replies":[{"embeddable":true,"href":"https:\/\/conexiondigital.com.do\/index.php\/wp-json\/wp\/v2\/comments?post=116742"}],"version-history":[{"count":1,"href":"https:\/\/conexiondigital.com.do\/index.php\/wp-json\/wp\/v2\/posts\/116742\/revisions"}],"predecessor-version":[{"id":116744,"href":"https:\/\/conexiondigital.com.do\/index.php\/wp-json\/wp\/v2\/posts\/116742\/revisions\/116744"}],"wp:attachment":[{"href":"https:\/\/conexiondigital.com.do\/index.php\/wp-json\/wp\/v2\/media?parent=116742"}],"wp:term":[{"taxonomy":"category","embeddable":true,"href":"https:\/\/conexiondigital.com.do\/index.php\/wp-json\/wp\/v2\/categories?post=116742"},{"taxonomy":"post_tag","embeddable":true,"href":"https:\/\/conexiondigital.com.do\/index.php\/wp-json\/wp\/v2\/tags?post=116742"}],"curies":[{"name":"wp","href":"https:\/\/api.w.org\/{rel}","templated":true}]}}