{"id":116745,"date":"2021-03-22T18:52:13","date_gmt":"2021-03-22T22:52:13","guid":{"rendered":"http:\/\/conexiondigital.com.do\/?p=116745"},"modified":"2021-03-22T18:52:13","modified_gmt":"2021-03-22T22:52:13","slug":"durante-la-apertura-de-la-vii-semana-economica-y-financiera-del-banco-central-informo-tambien-sobre-la-puesta-en-funcionamiento-de-la-web-de-la-estrategia-nacional-de-educacion-economica-y-financiera","status":"publish","type":"post","link":"https:\/\/conexiondigital.com.do\/index.php\/2021\/03\/22\/durante-la-apertura-de-la-vii-semana-economica-y-financiera-del-banco-central-informo-tambien-sobre-la-puesta-en-funcionamiento-de-la-web-de-la-estrategia-nacional-de-educacion-economica-y-financiera\/","title":{"rendered":"Durante la apertura de la VII Semana Econ\u00f3mica y Financiera del Banco Central, inform\u00f3 tambi\u00e9n sobre la puesta en funcionamiento de la web de la Estrategia Nacional de Educaci\u00f3n Econ\u00f3mica y Financiera (ENEEF)"},"content":{"rendered":"<p><img loading=\"lazy\" decoding=\"async\" class=\"size-medium wp-image-116746 aligncenter\" src=\"https:\/\/images.conexiondigital.com.do\/wp-content\/uploads\/wp-content\/uploads\/2021\/03\/thumbnail_Gobernador-H\u00e9ctor-Valdez-Albizu-800x800.jpg\" alt=\"\" width=\"800\" height=\"800\" \/>Santo Domingo, Rep\u00fablica Dominicana. El gobernador del Banco Central de la Rep\u00fablica Dominicana (BCRD), H\u00e9ctor Valdez Albizu, anunci\u00f3 durante la presentaci\u00f3n de la VII Semana Econ\u00f3mica y Financiera del Banco Central la elaboraci\u00f3n de una Estrategia Nacional de Inclusi\u00f3n Financiera (ENIF).<\/p>\n<p>\u201cPara llevar a cabo el proyecto, se ha conformado una Comisi\u00f3n de Inclusi\u00f3n Financiera integrada por cinco instituciones p\u00fablicas: la Superintendencia de Bancos; la Superintendencia de Seguros; el Ministerio de Hacienda; el Ministerio de Industria, Comercio y Mipymes; y el Banco Central\u201d, inform\u00f3.<\/p>\n<p>\u201cEntre los primeros estudios, se realiz\u00f3 la primera Encuesta Nacional de Inclusi\u00f3n Financiera, de cobertura en todo el pa\u00eds, con la que se obtuvieron resultados sobre la tenencia y uso de los productos financieros, la forma y la frecuencia en que son utilizados, los destinatarios de las remesas, a trav\u00e9s de cu\u00e1les entidades y en qu\u00e9 proporci\u00f3n se reciben, as\u00ed como otros elementos de inter\u00e9s\u201d, explic\u00f3.<\/p>\n<p>A\u00f1adi\u00f3 que a otras 20 instituciones p\u00fablicas y privadas relacionadas con el tema les ha sido remitido el proyecto, para recoger sus importantes opiniones, con el fin de que el documento final de la Estrategia de Inclusi\u00f3n Financiera recoja la opini\u00f3n y aportes de todos los sectores que tienen que ver con la materia.<\/p>\n<p>Una nueva web de Educaci\u00f3n Econ\u00f3mica y Financiera<br \/>\nValdez Albizu aprovech\u00f3 su discurso de bienvenida para anunciar tambi\u00e9n la puesta en funcionamiento de la p\u00e1gina web de la Estrategia Nacional de Educaci\u00f3n Econ\u00f3mica y Financiera (www.eneef.do), creada por doce importantes instituciones nacionales, coordinadas por el Banco Central.<\/p>\n<p>El gobernador se\u00f1al\u00f3 que este sitio web ofrece un contenido totalmente educativo, que facilita a quienes lo visiten un material totalmente educativo, por el que se convierte en un instrumento de consulta y aprendizaje de gran valor pr\u00e1ctico y formativo.<\/p>\n<p>\u201cEstoy convencido que la educaci\u00f3n financiera es una herramienta fundamental en el desarrollo de los pueblos, y que la Rep\u00fablica Dominicana, con oportunidades de aprendizaje como las que otorgan la Semana Econ\u00f3mica y Financiera, la elaboraci\u00f3n de la Estrategia Nacional de Inclusi\u00f3n Financiera, as\u00ed como la web de la Estrategia Nacional de Educaci\u00f3n Econ\u00f3mica y Financiera, est\u00e1 dando pasos firmes para la reducci\u00f3n de brechas sociales, aumentar la inclusi\u00f3n financiera, propiciar el buen manejo de las finanzas personales y familiares, as\u00ed como a apoyar el emprendimiento, piezas claves del fortalecimiento econ\u00f3mico de la naci\u00f3n\u201d, asegur\u00f3 el gobernador\u2026<\/p>\n","protected":false},"excerpt":{"rendered":"<p>Santo Domingo, Rep\u00fablica Dominicana. El gobernador del Banco Central de la Rep\u00fablica Dominicana (BCRD), H\u00e9ctor Valdez Albizu, anunci\u00f3 durante la presentaci\u00f3n de la VII Semana Econ\u00f3mica y Financiera del Banco Central la elaboraci\u00f3n de una Estrategia Nacional de Inclusi\u00f3n Financiera (ENIF). \u201cPara llevar a cabo el proyecto, se ha conformado una Comisi\u00f3n de Inclusi\u00f3n Financiera integrada por cinco instituciones p\u00fablicas: la Superintendencia de Bancos; la Superintendencia de Seguros; el Ministerio de Hacienda; el Ministerio de Industria, Comercio y Mipymes; y el Banco Central\u201d, inform\u00f3. \u201cEntre los primeros estudios, se realiz\u00f3 la primera Encuesta Nacional de Inclusi\u00f3n Financiera, de cobertura en todo el pa\u00eds, con la que se obtuvieron resultados sobre la tenencia y uso de los productos financieros, la forma y la frecuencia en que son utilizados, los destinatarios de las remesas, a trav\u00e9s de cu\u00e1les entidades y en qu\u00e9 proporci\u00f3n se reciben, as\u00ed como otros elementos de inter\u00e9s\u201d, explic\u00f3. A\u00f1adi\u00f3 que a otras 20 instituciones p\u00fablicas y privadas relacionadas con el tema les ha sido remitido el proyecto, para recoger sus importantes opiniones, con el fin de que el documento final de la Estrategia de Inclusi\u00f3n Financiera recoja la opini\u00f3n y aportes de todos los sectores que tienen que ver con la materia. Una nueva web de Educaci\u00f3n Econ\u00f3mica y Financiera Valdez Albizu aprovech\u00f3 su discurso de bienvenida para anunciar tambi\u00e9n la puesta en funcionamiento de la p\u00e1gina web de la Estrategia Nacional de Educaci\u00f3n Econ\u00f3mica y Financiera (www.eneef.do), creada por doce importantes instituciones nacionales, coordinadas por el Banco Central. El gobernador se\u00f1al\u00f3 que este sitio web ofrece un contenido totalmente educativo, que facilita a quienes lo visiten un material totalmente educativo, por el que se convierte en un instrumento de consulta y aprendizaje de gran valor pr\u00e1ctico y formativo. \u201cEstoy convencido que la educaci\u00f3n financiera es una herramienta fundamental en el desarrollo de los pueblos, y que la Rep\u00fablica Dominicana, con oportunidades de aprendizaje como las que otorgan la Semana Econ\u00f3mica y Financiera, la elaboraci\u00f3n de la Estrategia Nacional de Inclusi\u00f3n Financiera, as\u00ed como la web de la Estrategia Nacional de Educaci\u00f3n Econ\u00f3mica y Financiera, est\u00e1 dando pasos firmes para la reducci\u00f3n de brechas sociales, aumentar la inclusi\u00f3n financiera, propiciar el buen manejo de las finanzas personales y familiares, as\u00ed como a apoyar el emprendimiento, piezas claves del fortalecimiento econ\u00f3mico de la naci\u00f3n\u201d, asegur\u00f3 el gobernador\u2026<\/p>\n","protected":false},"author":6,"featured_media":0,"comment_status":"open","ping_status":"open","sticky":false,"template":"","format":"standard","meta":{"om_disable_all_campaigns":false,"footnotes":""},"categories":[56],"tags":[],"class_list":["post-116745","post","type-post","status-publish","format-standard","hentry","category-economia"],"_links":{"self":[{"href":"https:\/\/conexiondigital.com.do\/index.php\/wp-json\/wp\/v2\/posts\/116745","targetHints":{"allow":["GET"]}}],"collection":[{"href":"https:\/\/conexiondigital.com.do\/index.php\/wp-json\/wp\/v2\/posts"}],"about":[{"href":"https:\/\/conexiondigital.com.do\/index.php\/wp-json\/wp\/v2\/types\/post"}],"author":[{"embeddable":true,"href":"https:\/\/conexiondigital.com.do\/index.php\/wp-json\/wp\/v2\/users\/6"}],"replies":[{"embeddable":true,"href":"https:\/\/conexiondigital.com.do\/index.php\/wp-json\/wp\/v2\/comments?post=116745"}],"version-history":[{"count":1,"href":"https:\/\/conexiondigital.com.do\/index.php\/wp-json\/wp\/v2\/posts\/116745\/revisions"}],"predecessor-version":[{"id":116747,"href":"https:\/\/conexiondigital.com.do\/index.php\/wp-json\/wp\/v2\/posts\/116745\/revisions\/116747"}],"wp:attachment":[{"href":"https:\/\/conexiondigital.com.do\/index.php\/wp-json\/wp\/v2\/media?parent=116745"}],"wp:term":[{"taxonomy":"category","embeddable":true,"href":"https:\/\/conexiondigital.com.do\/index.php\/wp-json\/wp\/v2\/categories?post=116745"},{"taxonomy":"post_tag","embeddable":true,"href":"https:\/\/conexiondigital.com.do\/index.php\/wp-json\/wp\/v2\/tags?post=116745"}],"curies":[{"name":"wp","href":"https:\/\/api.w.org\/{rel}","templated":true}]}}