{"id":118293,"date":"2021-05-03T14:06:08","date_gmt":"2021-05-03T18:06:08","guid":{"rendered":"http:\/\/conexiondigital.com.do\/?p=118293"},"modified":"2021-05-03T14:06:08","modified_gmt":"2021-05-03T18:06:08","slug":"amarante-baret-si-alguien-cometio-actos-de-corrupcion-debe-responder-a-la-justicia","status":"publish","type":"post","link":"https:\/\/conexiondigital.com.do\/index.php\/2021\/05\/03\/amarante-baret-si-alguien-cometio-actos-de-corrupcion-debe-responder-a-la-justicia\/","title":{"rendered":"Amarante Baret: Si alguien cometi\u00f3 actos de corrupci\u00f3n, debe responder a la justicia"},"content":{"rendered":"<p><img loading=\"lazy\" decoding=\"async\" class=\"size-full wp-image-118294 alignleft\" src=\"https:\/\/images.conexiondigital.com.do\/wp-content\/uploads\/wp-content\/uploads\/2021\/05\/thumbnail_WhatsApp-Image-2021-04-29-at-4.26.58-PM.jpg\" alt=\"\" width=\"444\" height=\"250\" \/>Santo Domingo.- \u201cSi alguien meti\u00f3 la mano donde no deb\u00eda, si alguien se comprometi\u00f3 con actos de corrupci\u00f3n y es emplazado en la justicia, simplemente tiene que responder\u201d, expres\u00f3 anoche el dirigente del Partido de la Liberaci\u00f3n Dominicana (PLD), Carlos Amarante Baret.<\/p>\n<p>El dirigente pol\u00edtico se\u00f1al\u00f3 que cientos de miembros del PLD asumieron posiciones p\u00fablicas y que si bien el gobierno y el Partido Revolucionario Moderno (PRM) tienen la intenci\u00f3n de desacreditar a los pelede\u00edstas, quien cometiera actos indebidos debe responder en la justicia.<\/p>\n<p>\u201cEl PLD solo exige que se respete el debido proceso y se les den las garant\u00edas procesales y constitucionales a todo aquel que sea imputado de alg\u00fan tipo de irregularidad\u201d, expres\u00f3 el exministro de Educaci\u00f3n del pasado gobierno.<\/p>\n<p>Entrevistado en el programa televisivo \u201cMcKINNEY\u201d, por Color Visi\u00f3n, Amarante Baret dijo que \u201cevidentemente el PRM tiene una persecuci\u00f3n pol\u00edtica contra nosotros\u201d que a su juicio se expresa \u201cdesacreditando todas las pol\u00edticas implementadas en los \u00faltimos ocho a\u00f1os\u201d.<\/p>\n<p>Record\u00f3 que \u201cdesde la m\u00e1s alta magistratura\u201d en obvia alusi\u00f3n al presidente Luis Abinader, se acus\u00f3 al Comit\u00e9 Pol\u00edtico del PLD de ser \u201cuna asociaci\u00f3n de malhechores\u201d.<\/p>\n<p>Apunt\u00f3 que hay un plan del partido en el poder para desacreditar y para reducir moralmente al PLD.<\/p>\n<p>En su caso, el exministro de Educaci\u00f3n explic\u00f3 que fue llamado desde la Procuradur\u00eda General de la Rep\u00fablica sobre la base de una auditor\u00eda realizada a una parte de su gesti\u00f3n por la C\u00e1mara de Cuenta, que a su juicio quiso ser graciosa con el nuevo gobierno en un momento de serio cuestionamiento a su gesti\u00f3n.<\/p>\n<p>Manifest\u00f3 que en la auditor\u00eda a una parte de su gesti\u00f3n y a la de Josefina Pimentel al frente de Educaci\u00f3n, no se encontr\u00f3 ning\u00fan il\u00edcito penal y a lo sumo algunas fallas administrativas que no son exclusivas de su paso por ese ministerio.<\/p>\n<p><strong>El PLD apoyar\u00e1 reivindicaciones<\/strong><\/p>\n<p>El ex ministro de Educaci\u00f3n e integrante del Comit\u00e9 Pol\u00edtico pelede\u00edsta expres\u00f3 que el noveno congreso del PLD ha servido para superar la desconexi\u00f3n que sufr\u00eda el partido y el gobierno con los sectores populares.<\/p>\n<p>Dijo que el PLD ha aprobado una l\u00ednea nacional que tiende a buscar \u201cel reencuentro con los sectores sociales con los que pr\u00e1cticamente anulamos nuestras relaciones\u201d, indic\u00f3 el<\/p>\n<p>dirigente pol\u00edtico, para agregar que \u201cel partido se est\u00e1 planteando ser parte de apoyo a los movimientos reivindicativos del pa\u00eds\u201d.<\/p>\n<p>\u201cEl PLD tiene que apoyar a los campesinos que est\u00e1n siendo maltratados con el cuestionamiento a la visita sorpresa; el partido tiene que apoyar a las asociaciones y grupos organizados en el campo y tiene que apoyar a los productores porque durante los \u00faltimos 16 a\u00f1os la producci\u00f3n agropecuaria creci\u00f3\u201d, apunt\u00f3 Amarante Baret.<\/p>\n<p>Estim\u00f3 que el PLD tiene que trabajar con el movimiento popular barrial y reencontrarse con las juntas de vecinos, con los clubes de servicio para trabajar e impulsar pol\u00edticas p\u00fablicas que apuntalen el desarrollo.<\/p>\n<p>En el plano interno, el exsenador por Espaillat consider\u00f3 que impera \u201cun \u00e1nimo autocr\u00edtico en la mayor\u00eda de los compa\u00f1eros del PLD, comenzando por el presidente del partido, que en su discurso de juramentaci\u00f3n, el compa\u00f1ero Danilo Medina dijo que ten\u00edamos que ver con esp\u00edritu cr\u00edtico lo que hab\u00eda pasado\u201d.<\/p>\n<p>Dijo que los dos liderazgos del PLD forjados en 16 a\u00f1os de gobierno consecutivo, cuando surgi\u00f3 el encontronazo, \u201cno se gestion\u00f3 correctamente\u201d, lo que \u201ctrajo como consecuencia una divisi\u00f3n dolorosa en el partido que es la que nos lleva a la derrota electoral, tanto en las elecciones municipales como en las congresionales y municipales\u201d.<\/p>\n<p>Afirm\u00f3 que tanto alrededor de Danilo como de Leonel Fern\u00e1ndez hubo personas que se encargaron de sembrar ciza\u00f1as para hacerles creer que se pod\u00eda prescindir el uno del otro.<\/p>\n<p>Dijo que los gobiernos de Leonel y los de Danilo fueron buenos y contribuyeron a que el pa\u00eds creciera a todos los niveles: infraestructura, crecimiento de la econom\u00eda y reducci\u00f3n de pobreza, entre otros.<\/p>\n<p>Consider\u00f3 que los precandidatos presidenciales del PLD quedaron \u201centrampados\u201d en la lucha interna entre Danilo y Leonel, lo que en su caso result\u00f3 ser \u201cuna ficha sacrificable\u201d en aquella lucha \u201cy evidentemente no qued\u00e9 conforme y cuando me retir\u00e9, lo expres\u00e9 con ciertos niveles de prudencia\u201d.<\/p>\n<p>\u201cNos pusimos a hacer campa\u00f1a para que despu\u00e9s nos dijeran que pod\u00edamos montar la reelecci\u00f3n (de Danilo) otra vez. Se le ocurri\u00f3 a un grupo en Palacio\u201d, expres\u00f3 Amarante<\/p>\n<p>Baret, quien agreg\u00f3 que ese grupo pensaba que pod\u00eda convencer a Danilo de una tercera reelecci\u00f3n, lo que valor\u00f3 como \u201cun disparate pol\u00edtico que marc\u00f3 mucho el proceso\u201d.<\/p>\n<p>Expres\u00f3 que cuando conversaba con Danilo, este siempre le dec\u00eda que no estaba en reelecci\u00f3n, \u201cpero un grupo de gente a su alrededor que le dio con pique y con banda a eso, con grandes actos a nivel nacional y los precandidatos quedamos en el aire\u201d.<\/p>\n","protected":false},"excerpt":{"rendered":"<p>Santo Domingo.- \u201cSi alguien meti\u00f3 la mano donde no deb\u00eda, si alguien se comprometi\u00f3 con actos de corrupci\u00f3n y es emplazado en la justicia, simplemente tiene que responder\u201d, expres\u00f3 anoche el dirigente del Partido de la Liberaci\u00f3n Dominicana (PLD), Carlos Amarante Baret. El dirigente pol\u00edtico se\u00f1al\u00f3 que cientos de miembros del PLD asumieron posiciones p\u00fablicas y que si bien el gobierno y el Partido Revolucionario Moderno (PRM) tienen la intenci\u00f3n de desacreditar a los pelede\u00edstas, quien cometiera actos indebidos debe responder en la justicia. \u201cEl PLD solo exige que se respete el debido proceso y se les den las garant\u00edas procesales y constitucionales a todo aquel que sea imputado de alg\u00fan tipo de irregularidad\u201d, expres\u00f3 el exministro de Educaci\u00f3n del pasado gobierno. Entrevistado en el programa televisivo \u201cMcKINNEY\u201d, por Color Visi\u00f3n, Amarante Baret dijo que \u201cevidentemente el PRM tiene una persecuci\u00f3n pol\u00edtica contra nosotros\u201d que a su juicio se expresa \u201cdesacreditando todas las pol\u00edticas implementadas en los \u00faltimos ocho a\u00f1os\u201d. Record\u00f3 que \u201cdesde la m\u00e1s alta magistratura\u201d en obvia alusi\u00f3n al presidente Luis Abinader, se acus\u00f3 al Comit\u00e9 Pol\u00edtico del PLD de ser \u201cuna asociaci\u00f3n de malhechores\u201d. Apunt\u00f3 que hay un plan del partido en el poder para desacreditar y para reducir moralmente al PLD. En su caso, el exministro de Educaci\u00f3n explic\u00f3 que fue llamado desde la Procuradur\u00eda General de la Rep\u00fablica sobre la base de una auditor\u00eda realizada a una parte de su gesti\u00f3n por la C\u00e1mara de Cuenta, que a su juicio quiso ser graciosa con el nuevo gobierno en un momento de serio cuestionamiento a su gesti\u00f3n. Manifest\u00f3 que en la auditor\u00eda a una parte de su gesti\u00f3n y a la de Josefina Pimentel al frente de Educaci\u00f3n, no se encontr\u00f3 ning\u00fan il\u00edcito penal y a lo sumo algunas fallas administrativas que no son exclusivas de su paso por ese ministerio. El PLD apoyar\u00e1 reivindicaciones El ex ministro de Educaci\u00f3n e integrante del Comit\u00e9 Pol\u00edtico pelede\u00edsta expres\u00f3 que el noveno congreso del PLD ha servido para superar la desconexi\u00f3n que sufr\u00eda el partido y el gobierno con los sectores populares. Dijo que el PLD ha aprobado una l\u00ednea nacional que tiende a buscar \u201cel reencuentro con los sectores sociales con los que pr\u00e1cticamente anulamos nuestras relaciones\u201d, indic\u00f3 el dirigente pol\u00edtico, para agregar que \u201cel partido se est\u00e1 planteando ser parte de apoyo a los movimientos reivindicativos del pa\u00eds\u201d. \u201cEl PLD tiene que apoyar a los campesinos que est\u00e1n siendo maltratados con el cuestionamiento a la visita sorpresa; el partido tiene que apoyar a las asociaciones y grupos organizados en el campo y tiene que apoyar a los productores porque durante los \u00faltimos 16 a\u00f1os la producci\u00f3n agropecuaria creci\u00f3\u201d, apunt\u00f3 Amarante Baret. Estim\u00f3 que el PLD tiene que trabajar con el movimiento popular barrial y reencontrarse con las juntas de vecinos, con los clubes de servicio para trabajar e impulsar pol\u00edticas p\u00fablicas que apuntalen el desarrollo. En el plano interno, el exsenador por Espaillat consider\u00f3 que impera \u201cun \u00e1nimo autocr\u00edtico en la mayor\u00eda de los compa\u00f1eros del PLD, comenzando por el presidente del partido, que en su discurso de juramentaci\u00f3n, el compa\u00f1ero Danilo Medina dijo que ten\u00edamos que ver con esp\u00edritu cr\u00edtico lo que hab\u00eda pasado\u201d. Dijo que los dos liderazgos del PLD forjados en 16 a\u00f1os de gobierno consecutivo, cuando surgi\u00f3 el encontronazo, \u201cno se gestion\u00f3 correctamente\u201d, lo que \u201ctrajo como consecuencia una divisi\u00f3n dolorosa en el partido que es la que nos lleva a la derrota electoral, tanto en las elecciones municipales como en las congresionales y municipales\u201d. Afirm\u00f3 que tanto alrededor de Danilo como de Leonel Fern\u00e1ndez hubo personas que se encargaron de sembrar ciza\u00f1as para hacerles creer que se pod\u00eda prescindir el uno del otro. Dijo que los gobiernos de Leonel y los de Danilo fueron buenos y contribuyeron a que el pa\u00eds creciera a todos los niveles: infraestructura, crecimiento de la econom\u00eda y reducci\u00f3n de pobreza, entre otros. Consider\u00f3 que los precandidatos presidenciales del PLD quedaron \u201centrampados\u201d en la lucha interna entre Danilo y Leonel, lo que en su caso result\u00f3 ser \u201cuna ficha sacrificable\u201d en aquella lucha \u201cy evidentemente no qued\u00e9 conforme y cuando me retir\u00e9, lo expres\u00e9 con ciertos niveles de prudencia\u201d. \u201cNos pusimos a hacer campa\u00f1a para que despu\u00e9s nos dijeran que pod\u00edamos montar la reelecci\u00f3n (de Danilo) otra vez. Se le ocurri\u00f3 a un grupo en Palacio\u201d, expres\u00f3 Amarante Baret, quien agreg\u00f3 que ese grupo pensaba que pod\u00eda convencer a Danilo de una tercera reelecci\u00f3n, lo que valor\u00f3 como \u201cun disparate pol\u00edtico que marc\u00f3 mucho el proceso\u201d. Expres\u00f3 que cuando conversaba con Danilo, este siempre le dec\u00eda que no estaba en reelecci\u00f3n, \u201cpero un grupo de gente a su alrededor que le dio con pique y con banda a eso, con grandes actos a nivel nacional y los precandidatos quedamos en el aire\u201d.<\/p>\n","protected":false},"author":3,"featured_media":0,"comment_status":"open","ping_status":"open","sticky":false,"template":"","format":"standard","meta":{"om_disable_all_campaigns":false,"footnotes":""},"categories":[12],"tags":[],"class_list":["post-118293","post","type-post","status-publish","format-standard","hentry","category-politic"],"_links":{"self":[{"href":"https:\/\/conexiondigital.com.do\/index.php\/wp-json\/wp\/v2\/posts\/118293","targetHints":{"allow":["GET"]}}],"collection":[{"href":"https:\/\/conexiondigital.com.do\/index.php\/wp-json\/wp\/v2\/posts"}],"about":[{"href":"https:\/\/conexiondigital.com.do\/index.php\/wp-json\/wp\/v2\/types\/post"}],"author":[{"embeddable":true,"href":"https:\/\/conexiondigital.com.do\/index.php\/wp-json\/wp\/v2\/users\/3"}],"replies":[{"embeddable":true,"href":"https:\/\/conexiondigital.com.do\/index.php\/wp-json\/wp\/v2\/comments?post=118293"}],"version-history":[{"count":1,"href":"https:\/\/conexiondigital.com.do\/index.php\/wp-json\/wp\/v2\/posts\/118293\/revisions"}],"predecessor-version":[{"id":118295,"href":"https:\/\/conexiondigital.com.do\/index.php\/wp-json\/wp\/v2\/posts\/118293\/revisions\/118295"}],"wp:attachment":[{"href":"https:\/\/conexiondigital.com.do\/index.php\/wp-json\/wp\/v2\/media?parent=118293"}],"wp:term":[{"taxonomy":"category","embeddable":true,"href":"https:\/\/conexiondigital.com.do\/index.php\/wp-json\/wp\/v2\/categories?post=118293"},{"taxonomy":"post_tag","embeddable":true,"href":"https:\/\/conexiondigital.com.do\/index.php\/wp-json\/wp\/v2\/tags?post=118293"}],"curies":[{"name":"wp","href":"https:\/\/api.w.org\/{rel}","templated":true}]}}