{"id":119694,"date":"2021-07-13T21:59:46","date_gmt":"2021-07-14T01:59:46","guid":{"rendered":"http:\/\/conexiondigital.com.do\/?p=119694"},"modified":"2021-07-13T21:59:46","modified_gmt":"2021-07-14T01:59:46","slug":"constanza-propeep-realiza-jornada-de-inclusion-social-que-beneficia-a-mas-de-2-mil-personas","status":"publish","type":"post","link":"https:\/\/conexiondigital.com.do\/index.php\/2021\/07\/13\/constanza-propeep-realiza-jornada-de-inclusion-social-que-beneficia-a-mas-de-2-mil-personas\/","title":{"rendered":"CONSTANZA: Propeep realiza jornada de inclusi\u00f3n social que beneficia a m\u00e1s de 2 mil personas"},"content":{"rendered":"<p><img loading=\"lazy\" decoding=\"async\" class=\"size-medium wp-image-119695 aligncenter\" src=\"https:\/\/images.conexiondigital.com.do\/wp-content\/uploads\/wp-content\/uploads\/2021\/07\/e311e4d0-0615-4d15-a85b-1c69c54e6f32-800x450.jpg\" alt=\"\" width=\"800\" height=\"450\" \/>Constanza.- La Direcci\u00f3n General de Proyectos Estrat\u00e9gicos y Especiales de la Presidencia (Propeep); que dirige el ministro Neney Cabrera, realiz\u00f3 este martes una jornada de inclusi\u00f3n social en este municipio, en la que m\u00e1s de 2 mil personas en situaci\u00f3n vulnerable y en la extrema pobreza resultaron favorecidas con asistencia m\u00e9dica, medicamentos, prote\u00ednas, kits de alimentos, mascarillas, alcohol y gel de protecci\u00f3n contra la covid-19.<\/p>\n<p>Adem\u00e1s, se ofrecieron los servicios de inoculaci\u00f3n de las primera y segunda dosis de la vacuna contra el coronavirus SARS-COV-2 causante de la enfermedad.<\/p>\n<p>El acto de apertura estuvo a cargo del director de Plan Quisqueya Digna, Adolfo Pineda; en representaci\u00f3n del ministro Cabrera, quien explic\u00f3 que la actividad se desarrolla por instrucciones del presidente, Luis Abinader, a trav\u00e9s del Plan Nacional de Reducci\u00f3n de la Pobreza Extrema y Promoci\u00f3n de la Inclusi\u00f3n Social que implementa Propeep en todo el territorio nacional.<\/p>\n<p>De igual manera, dijo que m\u00e1s de 5 mil j\u00f3venes se han graduado en oficios t\u00e9cnicos, gracias a sendos acuerdos firmados con las Escuelas Vocacionales de las Fuerzas Armadas y la Polic\u00eda Nacional, y el Instituto Nacional de Formaci\u00f3n T\u00e9cnico Profesional (Infotep).<\/p>\n<p>Sostuvo, que actualmente centenares de j\u00f3venes contin\u00faan el proceso de capacitaci\u00f3n y formaci\u00f3n t\u00e9cnica en diferentes carreras, con el objetivo de promover su incorporaci\u00f3n al mercado laboral y la consecuente movilidad social.<\/p>\n<p>Adolfo Pineda, destac\u00f3 que otro de los programas que ha generado gran impacto, es el relativo al Registro de Nacimiento Tard\u00edo, que cuenta con el acompa\u00f1amiento de la Junta Central Electoral. Mediante este servicio se otorga asesor\u00eda a las personas para que regularicen su Registro Civil (acta de nacimiento) si as\u00ed lo requieren, para que puedan ejercer plenamente sus derechos ciudadanos.<\/p>\n<p>Puntualiz\u00f3, que este a\u00f1o, m\u00e1s de 60 mil personas han sido favorablemente impactadas en estas jornadas, lo que constituye un impulso positivo para lograr disminuir la exclusi\u00f3n y la marginalidad social y elevar la calidad de vida de la poblaci\u00f3n insertada en el mapa de la pobreza extrema.<\/p>\n<p>La asistencia y los servicios fueron ofrecidos en las instalaciones del Centro de Educaci\u00f3n B\u00e1sica Padre Fantino, localizado en la zona c\u00e9ntrica de este municipio.<\/p>\n<p>De su parte, el alcalde de Constanza, Juan Agust\u00edn Luna Lara, agradeci\u00f3 al presidente Abinader, y al ministro Neney Cabrera, por haber tenido en cuenta esta comunidad, y procurar mejorar su calidad de vida.<\/p>\n<p>El ejecutivo municipal destac\u00f3, asimismo, la importancia que tienen estas jornadas porque a trav\u00e9s de ellas, dijo, \u201cel ciudadano de escasos recursos puede encontrar soluci\u00f3n a muchos de sus problemas\u201d.<\/p>\n<p>En tanto, Greisi Pinales; una de la beneficiaria, expres\u00f3 sentirse agradecida del presidente Luis Abinader, \u201cno solo porque vino hace poco a Constanza, sino porque siempre nos tiene pendiente a nosotros los pobres\u201d.<\/p>\n<p>Estas jornadas cuentan con el apoyo de la Escuela Vocacional de las Fuerzas Armadas y la Polic\u00eda Nacional, el Servicio Nacional de Empleo (SENASE) del Ministerio de Trabajo, as\u00ed como el Consejo Nacional de Discapacidad (CONADIS), el Consejo Nacional para el Envejecientes (CONAPEC), el Servicio Nacional de Salud (SENASA), Infotep, entre otras instituciones del Estado.<\/p>\n<p>Tambi\u00e9n cuenta con el apoyo de los ayuntamientos locales, las gobernaciones provinciales, las juntas de vecinos, las iglesias y el liderazgo comunitario.<\/p>\n<p>Las mismas se ejecuta en estricto cumpliendo del protocolo sanitario establecido por la Organizaci\u00f3n Mundial de la Salud (OMS) y el Ministerio de Salud P\u00fablica (MSP), con el uso de mascarillas y guardando el distanciamiento f\u00edsico.<\/p>\n<p>La visita a esta comunidad del representante del ministro Neney Cabrera, incluy\u00f3 una reuni\u00f3n con los directivos de la Asociaci\u00f3n de Productores Hort\u00edcolas del Valle de Constanza, con sacerdotes de las parroquias de la iglesia Nuestra Se\u00f1ora de las Mercedes, y productores de esta importante zona agr\u00edcola del pa\u00eds.<\/p>\n<p>Pineda, tambi\u00e9n visit\u00f3 junto al alcalde, el botadero a cielo abierto de desechos s\u00f3lidos que opera en la comunidad, donde se pudo observar el estado calamitoso en que se encuentra.<\/p>\n","protected":false},"excerpt":{"rendered":"<p>Constanza.- La Direcci\u00f3n General de Proyectos Estrat\u00e9gicos y Especiales de la Presidencia (Propeep); que dirige el ministro Neney Cabrera, realiz\u00f3 este martes una jornada de inclusi\u00f3n social en este municipio, en la que m\u00e1s de 2 mil personas en situaci\u00f3n vulnerable y en la extrema pobreza resultaron favorecidas con asistencia m\u00e9dica, medicamentos, prote\u00ednas, kits de alimentos, mascarillas, alcohol y gel de protecci\u00f3n contra la covid-19. Adem\u00e1s, se ofrecieron los servicios de inoculaci\u00f3n de las primera y segunda dosis de la vacuna contra el coronavirus SARS-COV-2 causante de la enfermedad. El acto de apertura estuvo a cargo del director de Plan Quisqueya Digna, Adolfo Pineda; en representaci\u00f3n del ministro Cabrera, quien explic\u00f3 que la actividad se desarrolla por instrucciones del presidente, Luis Abinader, a trav\u00e9s del Plan Nacional de Reducci\u00f3n de la Pobreza Extrema y Promoci\u00f3n de la Inclusi\u00f3n Social que implementa Propeep en todo el territorio nacional. De igual manera, dijo que m\u00e1s de 5 mil j\u00f3venes se han graduado en oficios t\u00e9cnicos, gracias a sendos acuerdos firmados con las Escuelas Vocacionales de las Fuerzas Armadas y la Polic\u00eda Nacional, y el Instituto Nacional de Formaci\u00f3n T\u00e9cnico Profesional (Infotep). Sostuvo, que actualmente centenares de j\u00f3venes contin\u00faan el proceso de capacitaci\u00f3n y formaci\u00f3n t\u00e9cnica en diferentes carreras, con el objetivo de promover su incorporaci\u00f3n al mercado laboral y la consecuente movilidad social. Adolfo Pineda, destac\u00f3 que otro de los programas que ha generado gran impacto, es el relativo al Registro de Nacimiento Tard\u00edo, que cuenta con el acompa\u00f1amiento de la Junta Central Electoral. Mediante este servicio se otorga asesor\u00eda a las personas para que regularicen su Registro Civil (acta de nacimiento) si as\u00ed lo requieren, para que puedan ejercer plenamente sus derechos ciudadanos. Puntualiz\u00f3, que este a\u00f1o, m\u00e1s de 60 mil personas han sido favorablemente impactadas en estas jornadas, lo que constituye un impulso positivo para lograr disminuir la exclusi\u00f3n y la marginalidad social y elevar la calidad de vida de la poblaci\u00f3n insertada en el mapa de la pobreza extrema. La asistencia y los servicios fueron ofrecidos en las instalaciones del Centro de Educaci\u00f3n B\u00e1sica Padre Fantino, localizado en la zona c\u00e9ntrica de este municipio. De su parte, el alcalde de Constanza, Juan Agust\u00edn Luna Lara, agradeci\u00f3 al presidente Abinader, y al ministro Neney Cabrera, por haber tenido en cuenta esta comunidad, y procurar mejorar su calidad de vida. El ejecutivo municipal destac\u00f3, asimismo, la importancia que tienen estas jornadas porque a trav\u00e9s de ellas, dijo, \u201cel ciudadano de escasos recursos puede encontrar soluci\u00f3n a muchos de sus problemas\u201d. En tanto, Greisi Pinales; una de la beneficiaria, expres\u00f3 sentirse agradecida del presidente Luis Abinader, \u201cno solo porque vino hace poco a Constanza, sino porque siempre nos tiene pendiente a nosotros los pobres\u201d. Estas jornadas cuentan con el apoyo de la Escuela Vocacional de las Fuerzas Armadas y la Polic\u00eda Nacional, el Servicio Nacional de Empleo (SENASE) del Ministerio de Trabajo, as\u00ed como el Consejo Nacional de Discapacidad (CONADIS), el Consejo Nacional para el Envejecientes (CONAPEC), el Servicio Nacional de Salud (SENASA), Infotep, entre otras instituciones del Estado. Tambi\u00e9n cuenta con el apoyo de los ayuntamientos locales, las gobernaciones provinciales, las juntas de vecinos, las iglesias y el liderazgo comunitario. Las mismas se ejecuta en estricto cumpliendo del protocolo sanitario establecido por la Organizaci\u00f3n Mundial de la Salud (OMS) y el Ministerio de Salud P\u00fablica (MSP), con el uso de mascarillas y guardando el distanciamiento f\u00edsico. La visita a esta comunidad del representante del ministro Neney Cabrera, incluy\u00f3 una reuni\u00f3n con los directivos de la Asociaci\u00f3n de Productores Hort\u00edcolas del Valle de Constanza, con sacerdotes de las parroquias de la iglesia Nuestra Se\u00f1ora de las Mercedes, y productores de esta importante zona agr\u00edcola del pa\u00eds. Pineda, tambi\u00e9n visit\u00f3 junto al alcalde, el botadero a cielo abierto de desechos s\u00f3lidos que opera en la comunidad, donde se pudo observar el estado calamitoso en que se encuentra.<\/p>\n","protected":false},"author":6,"featured_media":0,"comment_status":"open","ping_status":"open","sticky":false,"template":"","format":"standard","meta":{"om_disable_all_campaigns":false,"footnotes":""},"categories":[23],"tags":[],"class_list":["post-119694","post","type-post","status-publish","format-standard","hentry","category-nature"],"_links":{"self":[{"href":"https:\/\/conexiondigital.com.do\/index.php\/wp-json\/wp\/v2\/posts\/119694","targetHints":{"allow":["GET"]}}],"collection":[{"href":"https:\/\/conexiondigital.com.do\/index.php\/wp-json\/wp\/v2\/posts"}],"about":[{"href":"https:\/\/conexiondigital.com.do\/index.php\/wp-json\/wp\/v2\/types\/post"}],"author":[{"embeddable":true,"href":"https:\/\/conexiondigital.com.do\/index.php\/wp-json\/wp\/v2\/users\/6"}],"replies":[{"embeddable":true,"href":"https:\/\/conexiondigital.com.do\/index.php\/wp-json\/wp\/v2\/comments?post=119694"}],"version-history":[{"count":1,"href":"https:\/\/conexiondigital.com.do\/index.php\/wp-json\/wp\/v2\/posts\/119694\/revisions"}],"predecessor-version":[{"id":119696,"href":"https:\/\/conexiondigital.com.do\/index.php\/wp-json\/wp\/v2\/posts\/119694\/revisions\/119696"}],"wp:attachment":[{"href":"https:\/\/conexiondigital.com.do\/index.php\/wp-json\/wp\/v2\/media?parent=119694"}],"wp:term":[{"taxonomy":"category","embeddable":true,"href":"https:\/\/conexiondigital.com.do\/index.php\/wp-json\/wp\/v2\/categories?post=119694"},{"taxonomy":"post_tag","embeddable":true,"href":"https:\/\/conexiondigital.com.do\/index.php\/wp-json\/wp\/v2\/tags?post=119694"}],"curies":[{"name":"wp","href":"https:\/\/api.w.org\/{rel}","templated":true}]}}