{"id":120322,"date":"2021-08-18T02:24:30","date_gmt":"2021-08-18T06:24:30","guid":{"rendered":"http:\/\/conexiondigital.com.do\/?p=120322"},"modified":"2021-08-18T02:24:30","modified_gmt":"2021-08-18T06:24:30","slug":"neney-cabrera-confirma-bonos-de-500-pesos-a-vacunados-es-un-aporte-de-empresarios-mocanos-via-propeep","status":"publish","type":"post","link":"https:\/\/conexiondigital.com.do\/index.php\/2021\/08\/18\/neney-cabrera-confirma-bonos-de-500-pesos-a-vacunados-es-un-aporte-de-empresarios-mocanos-via-propeep\/","title":{"rendered":"Neney Cabrera confirma bonos de 500 pesos a vacunados es un aporte de empresarios mocanos v\u00eda Propeep"},"content":{"rendered":"<p><img loading=\"lazy\" decoding=\"async\" class=\"size-medium wp-image-120323 aligncenter\" src=\"https:\/\/images.conexiondigital.com.do\/wp-content\/uploads\/wp-content\/uploads\/2021\/08\/thumbnail_Ministro-Neney-Cabrera-Foto-de-Archivo-800x450.jpg\" alt=\"\" width=\"800\" height=\"450\" \/>El ministro Neney Cabrera, encargado de Proyectos Estrat\u00e9gicos y Especiales de la Presidencia (Propeep), confirm\u00f3 la emisi\u00f3n y entrega de bonos por valor de 500 pesos durante el mes de agosto, a las personas que en la provincia Espaillat acudan a recibir la segunda dosis de la vacuna contra el Covid-19, como un aporte de empresarios mocanos a la jornada \u201cLa Ruta de la Vacunaci\u00f3n\u201d dispuesta por el presidente Luis Abinader.<\/p>\n<p>En una declaraci\u00f3n respecto a una publicaci\u00f3n aparecida en algunos medios, el funcionario precis\u00f3 que el aporte en bono se mantendr\u00e1 hasta el pr\u00f3ximo 30 de agosto y no proviene de los presupuestos del Gobierno central, de Propeep ni de ninguna otra instituci\u00f3n p\u00fablica.<\/p>\n<p>Indic\u00f3 que la entrega se realiza en los centros de vacunaci\u00f3n operados por el Ministerio de Salud P\u00fablica en Moca y dem\u00e1s municipios de Espaillat, con la colaboraci\u00f3n del personal de Propeep y pueden ser utilizados en los establecimientos comerciales participantes, para adquirir productos de la canasta alimenticia.<\/p>\n<p>Neney Cabrera destac\u00f3 la cooperaci\u00f3n del sector empresarial de la provincia Espaillat, que persigue recobrar el dinamismo econ\u00f3mico, lo que solo puede alcanzarse inoculando a la mayor parte de la poblaci\u00f3n con la segunda dosis, en el menor tiempo posible.<\/p>\n<p>Asimismo, asegur\u00f3 que han ido disminuyendo gracias a los esfuerzos del presidente Abinader y del Gobierno, para contrarrestar la pandemia y lograr la reapertura y recuperaci\u00f3n total de la econom\u00eda.<\/p>\n<p>&nbsp;<\/p>\n","protected":false},"excerpt":{"rendered":"<p>El ministro Neney Cabrera, encargado de Proyectos Estrat\u00e9gicos y Especiales de la Presidencia (Propeep), confirm\u00f3 la emisi\u00f3n y entrega de bonos por valor de 500 pesos durante el mes de agosto, a las personas que en la provincia Espaillat acudan a recibir la segunda dosis de la vacuna contra el Covid-19, como un aporte de empresarios mocanos a la jornada \u201cLa Ruta de la Vacunaci\u00f3n\u201d dispuesta por el presidente Luis Abinader. En una declaraci\u00f3n respecto a una publicaci\u00f3n aparecida en algunos medios, el funcionario precis\u00f3 que el aporte en bono se mantendr\u00e1 hasta el pr\u00f3ximo 30 de agosto y no proviene de los presupuestos del Gobierno central, de Propeep ni de ninguna otra instituci\u00f3n p\u00fablica. Indic\u00f3 que la entrega se realiza en los centros de vacunaci\u00f3n operados por el Ministerio de Salud P\u00fablica en Moca y dem\u00e1s municipios de Espaillat, con la colaboraci\u00f3n del personal de Propeep y pueden ser utilizados en los establecimientos comerciales participantes, para adquirir productos de la canasta alimenticia. Neney Cabrera destac\u00f3 la cooperaci\u00f3n del sector empresarial de la provincia Espaillat, que persigue recobrar el dinamismo econ\u00f3mico, lo que solo puede alcanzarse inoculando a la mayor parte de la poblaci\u00f3n con la segunda dosis, en el menor tiempo posible. Asimismo, asegur\u00f3 que han ido disminuyendo gracias a los esfuerzos del presidente Abinader y del Gobierno, para contrarrestar la pandemia y lograr la reapertura y recuperaci\u00f3n total de la econom\u00eda. &nbsp;<\/p>\n","protected":false},"author":3,"featured_media":0,"comment_status":"open","ping_status":"open","sticky":false,"template":"","format":"standard","meta":{"om_disable_all_campaigns":false,"footnotes":""},"categories":[12],"tags":[],"class_list":["post-120322","post","type-post","status-publish","format-standard","hentry","category-politic"],"_links":{"self":[{"href":"https:\/\/conexiondigital.com.do\/index.php\/wp-json\/wp\/v2\/posts\/120322","targetHints":{"allow":["GET"]}}],"collection":[{"href":"https:\/\/conexiondigital.com.do\/index.php\/wp-json\/wp\/v2\/posts"}],"about":[{"href":"https:\/\/conexiondigital.com.do\/index.php\/wp-json\/wp\/v2\/types\/post"}],"author":[{"embeddable":true,"href":"https:\/\/conexiondigital.com.do\/index.php\/wp-json\/wp\/v2\/users\/3"}],"replies":[{"embeddable":true,"href":"https:\/\/conexiondigital.com.do\/index.php\/wp-json\/wp\/v2\/comments?post=120322"}],"version-history":[{"count":1,"href":"https:\/\/conexiondigital.com.do\/index.php\/wp-json\/wp\/v2\/posts\/120322\/revisions"}],"predecessor-version":[{"id":120324,"href":"https:\/\/conexiondigital.com.do\/index.php\/wp-json\/wp\/v2\/posts\/120322\/revisions\/120324"}],"wp:attachment":[{"href":"https:\/\/conexiondigital.com.do\/index.php\/wp-json\/wp\/v2\/media?parent=120322"}],"wp:term":[{"taxonomy":"category","embeddable":true,"href":"https:\/\/conexiondigital.com.do\/index.php\/wp-json\/wp\/v2\/categories?post=120322"},{"taxonomy":"post_tag","embeddable":true,"href":"https:\/\/conexiondigital.com.do\/index.php\/wp-json\/wp\/v2\/tags?post=120322"}],"curies":[{"name":"wp","href":"https:\/\/api.w.org\/{rel}","templated":true}]}}