{"id":120386,"date":"2021-08-22T09:39:26","date_gmt":"2021-08-22T13:39:26","guid":{"rendered":"http:\/\/conexiondigital.com.do\/?p=120386"},"modified":"2021-08-22T09:39:26","modified_gmt":"2021-08-22T13:39:26","slug":"ministro-de-interior-y-policia-resalta-importancia-de-la-creacion-del-tc","status":"publish","type":"post","link":"https:\/\/conexiondigital.com.do\/index.php\/2021\/08\/22\/ministro-de-interior-y-policia-resalta-importancia-de-la-creacion-del-tc\/","title":{"rendered":"Ministro de Interior y Polic\u00eda resalta importancia de la creaci\u00f3n del TC"},"content":{"rendered":"<p><strong><img loading=\"lazy\" decoding=\"async\" class=\"size-medium wp-image-120387 aligncenter\" src=\"https:\/\/images.conexiondigital.com.do\/wp-content\/uploads\/wp-content\/uploads\/2021\/08\/Ministro-MIP-800x533.jpg\" alt=\"\" width=\"800\" height=\"533\" \/>Jes\u00fas Antonio V\u00e1squez Mart\u00ednez y Milton Ray Guevara firmaron un acuerdo de colaboraci\u00f3n para fomentar la difusi\u00f3n del respeto a los derechos fundamentales.<\/strong><\/p>\n<p>SANTO DOMINGO.-\u00a0El ministro de Interior y Polic\u00eda, Jes\u00fas Antonio V\u00e1squez Mart\u00ednez, resalt\u00f3 que uno de los logros m\u00e1s emblem\u00e1ticos de la Constituci\u00f3n actual es la creaci\u00f3n del Tribunal Constitucional como m\u00e1ximo garante e int\u00e9rprete de la supremac\u00eda constitucional y la protecci\u00f3n de los derechos, valores y principios constitucionales.<\/p>\n<p>V\u00e1squez Mart\u00ednez habl\u00f3 del tema luego de la firma de un acuerdo de cooperaci\u00f3n interinstitucional con el Tribunal Constitucional (TC) para fomentar el estudio y la difusi\u00f3n de los derechos fundamentales y de las normas constitucionales.<\/p>\n<p>Afirm\u00f3 que la firma de este acuerdo permitir\u00e1 al TC y al MIP trabajar de manera conjunta los aspectos del plan de seguridad ciudadana y garantizar que sean ejecutados en estricto apego a la Constituci\u00f3n.<\/p>\n<p>\u201cCon la firma de este acuerdo el TC y el MIP trabajaremos en conjunto para todos los aspectos del plan de seguridad ciudadana que sea ejecutado en estricto apego a la Constituci\u00f3n y por igual que el conocimiento de los derechos fundamentales llegue a cada miembro de nuestra instituci\u00f3n y de cada ciudadano, ya que es sumamente importante, es fundamental, porque la seguridad ciudadana es transversal a todos los niveles y repercute en toda la ciudadan\u00eda\u201d, destac\u00f3.<\/p>\n<p>El ministro de Interior y Polic\u00eda asegur\u00f3 que identificaron la necesidad de difundir los valores constitucionales y que los ciudadanos conozcan los derechos fundamentales para garantizar que en los sectores donde se desarrolle la estrategia Mi Pa\u00eds Seguro exista seguridad ciudadana y jur\u00eddica apegada de manera estricta a los derechos fundamentales de los ciudadanos.<\/p>\n<p>Agradeci\u00f3 al magistrado Milton Ray Guevara y a todos los honorables magistrados del TC por acoger este acuerdo que permitir\u00e1 desarrollar la estrategia de seguridad ciudadana apegados a lo que establece el mandato de nuestra Constituci\u00f3n.<\/p>\n<p>El\u00a0acuerdo fue firmado en un acto realizado en la sede de la alta corte y cont\u00f3 con la presencia de magistrados y funcionarios de ambas instituciones.<\/p>\n<p>&nbsp;<\/p>\n<p>&nbsp;<\/p>\n<p>&nbsp;<\/p>\n","protected":false},"excerpt":{"rendered":"<p>Jes\u00fas Antonio V\u00e1squez Mart\u00ednez y Milton Ray Guevara firmaron un acuerdo de colaboraci\u00f3n para fomentar la difusi\u00f3n del respeto a los derechos fundamentales. SANTO DOMINGO.-\u00a0El ministro de Interior y Polic\u00eda, Jes\u00fas Antonio V\u00e1squez Mart\u00ednez, resalt\u00f3 que uno de los logros m\u00e1s emblem\u00e1ticos de la Constituci\u00f3n actual es la creaci\u00f3n del Tribunal Constitucional como m\u00e1ximo garante e int\u00e9rprete de la supremac\u00eda constitucional y la protecci\u00f3n de los derechos, valores y principios constitucionales. V\u00e1squez Mart\u00ednez habl\u00f3 del tema luego de la firma de un acuerdo de cooperaci\u00f3n interinstitucional con el Tribunal Constitucional (TC) para fomentar el estudio y la difusi\u00f3n de los derechos fundamentales y de las normas constitucionales. Afirm\u00f3 que la firma de este acuerdo permitir\u00e1 al TC y al MIP trabajar de manera conjunta los aspectos del plan de seguridad ciudadana y garantizar que sean ejecutados en estricto apego a la Constituci\u00f3n. \u201cCon la firma de este acuerdo el TC y el MIP trabajaremos en conjunto para todos los aspectos del plan de seguridad ciudadana que sea ejecutado en estricto apego a la Constituci\u00f3n y por igual que el conocimiento de los derechos fundamentales llegue a cada miembro de nuestra instituci\u00f3n y de cada ciudadano, ya que es sumamente importante, es fundamental, porque la seguridad ciudadana es transversal a todos los niveles y repercute en toda la ciudadan\u00eda\u201d, destac\u00f3. El ministro de Interior y Polic\u00eda asegur\u00f3 que identificaron la necesidad de difundir los valores constitucionales y que los ciudadanos conozcan los derechos fundamentales para garantizar que en los sectores donde se desarrolle la estrategia Mi Pa\u00eds Seguro exista seguridad ciudadana y jur\u00eddica apegada de manera estricta a los derechos fundamentales de los ciudadanos. Agradeci\u00f3 al magistrado Milton Ray Guevara y a todos los honorables magistrados del TC por acoger este acuerdo que permitir\u00e1 desarrollar la estrategia de seguridad ciudadana apegados a lo que establece el mandato de nuestra Constituci\u00f3n. El\u00a0acuerdo fue firmado en un acto realizado en la sede de la alta corte y cont\u00f3 con la presencia de magistrados y funcionarios de ambas instituciones. &nbsp; &nbsp; &nbsp;<\/p>\n","protected":false},"author":3,"featured_media":0,"comment_status":"open","ping_status":"open","sticky":false,"template":"","format":"standard","meta":{"om_disable_all_campaigns":false,"footnotes":""},"categories":[15],"tags":[],"class_list":["post-120386","post","type-post","status-publish","format-standard","hentry","category-nacionales"],"_links":{"self":[{"href":"https:\/\/conexiondigital.com.do\/index.php\/wp-json\/wp\/v2\/posts\/120386","targetHints":{"allow":["GET"]}}],"collection":[{"href":"https:\/\/conexiondigital.com.do\/index.php\/wp-json\/wp\/v2\/posts"}],"about":[{"href":"https:\/\/conexiondigital.com.do\/index.php\/wp-json\/wp\/v2\/types\/post"}],"author":[{"embeddable":true,"href":"https:\/\/conexiondigital.com.do\/index.php\/wp-json\/wp\/v2\/users\/3"}],"replies":[{"embeddable":true,"href":"https:\/\/conexiondigital.com.do\/index.php\/wp-json\/wp\/v2\/comments?post=120386"}],"version-history":[{"count":1,"href":"https:\/\/conexiondigital.com.do\/index.php\/wp-json\/wp\/v2\/posts\/120386\/revisions"}],"predecessor-version":[{"id":120388,"href":"https:\/\/conexiondigital.com.do\/index.php\/wp-json\/wp\/v2\/posts\/120386\/revisions\/120388"}],"wp:attachment":[{"href":"https:\/\/conexiondigital.com.do\/index.php\/wp-json\/wp\/v2\/media?parent=120386"}],"wp:term":[{"taxonomy":"category","embeddable":true,"href":"https:\/\/conexiondigital.com.do\/index.php\/wp-json\/wp\/v2\/categories?post=120386"},{"taxonomy":"post_tag","embeddable":true,"href":"https:\/\/conexiondigital.com.do\/index.php\/wp-json\/wp\/v2\/tags?post=120386"}],"curies":[{"name":"wp","href":"https:\/\/api.w.org\/{rel}","templated":true}]}}