{"id":120466,"date":"2021-08-25T21:17:18","date_gmt":"2021-08-26T01:17:18","guid":{"rendered":"http:\/\/conexiondigital.com.do\/?p=120466"},"modified":"2021-08-25T21:17:18","modified_gmt":"2021-08-26T01:17:18","slug":"victor-fadul-afirma-estado-de-emergencia-es-medida-desgastada-apela-sinceridad-del-presidente","status":"publish","type":"post","link":"https:\/\/conexiondigital.com.do\/index.php\/2021\/08\/25\/victor-fadul-afirma-estado-de-emergencia-es-medida-desgastada-apela-sinceridad-del-presidente\/","title":{"rendered":"V\u00edctor Fadul afirma Estado de Emergencia es medida desgastada; apela sinceridad del Presidente"},"content":{"rendered":"<p><img loading=\"lazy\" decoding=\"async\" class=\"size-full wp-image-120467 aligncenter\" src=\"https:\/\/images.conexiondigital.com.do\/wp-content\/uploads\/wp-content\/uploads\/2021\/08\/thumbnail_Diputado-Victor-Fadul.jpg\" alt=\"\" width=\"640\" height=\"640\" \/>Santo Domingo.\u00a0\u2013 El diputado del Partido de la Liberaci\u00f3n Dominicana (PLD), V\u00edctor Fadul, dijo este martes que el Estado de Emergencia\u00a0es una\u00a0medida desgastada y que no est\u00e1 reflejando los resultados esperados, por lo que pidi\u00f3 al presidente de la rep\u00fablica sincerarse con el pa\u00eds sobre el tema.<\/p>\n<p>Explic\u00f3, que el mandatario solicit\u00f3 una nueva extensi\u00f3n bajo la justificaci\u00f3n de continuar con las medidas especiales para prevenir el contagio de coronavirus en el pa\u00eds, cuando al d\u00eda de hoy la tasa de positividad diaria es apenas de un 5.26%, y en las \u00faltimas cuatro semanas es de 5.31%.<\/p>\n<p>\u201cSi analizamos el documento que contiene la solicitud, podemos percibir que desde el mes de mayo estamos leyendo exactamente la misma motivaci\u00f3n, entonces, \u00bfest\u00e1 mejorando sinceramente la situaci\u00f3n o solo estamos acostumbr\u00e1ndonos a la situaci\u00f3n? \u00bfEst\u00e1 verdaderamente controlado el covid? \u00bfPara qu\u00e9 estamos utilizando las excepciones del estado de emergencia?\u201d, cuestion\u00f3 el legislador por Santiago.<\/p>\n<p>Record\u00f3, que el partido oficialista criticaba y aborrec\u00eda esta pr\u00e1ctica mientras estaba en la oposici\u00f3n a inicios del a\u00f1o pasado.<\/p>\n<p>\u201cAhora que son Gobierno seguimos bajo un estado de emergencia que, si bien es cierto, al inicio fue la idea m\u00e1s sensata para controlar, regular y mantener la situaci\u00f3n, pero no es menos cierto que partiendo de las estad\u00edsticas al d\u00eda de hoy, ya es una medida desgastada y que no est\u00e1 reflejando los resultados que todos esperamos\u201d, sostuvo Fadul.<\/p>\n<p>Asegur\u00f3, que se necesitan razones m\u00e1s coherentes y convincentes de parte del poder ejecutivo, para poder apoyar la extensi\u00f3n solicitada, siempre y cuando sea para el bienestar del pueblo dominicano.<\/p>\n<p>La C\u00e1mara de Diputados aprob\u00f3 este martes en sesi\u00f3n extraordinaria, la extensi\u00f3n de un nuevo Estado de Emergencia por 45 d\u00edas m\u00e1s, con la ausencia de los diputados del PLD.<\/p>\n","protected":false},"excerpt":{"rendered":"<p>Santo Domingo.\u00a0\u2013 El diputado del Partido de la Liberaci\u00f3n Dominicana (PLD), V\u00edctor Fadul, dijo este martes que el Estado de Emergencia\u00a0es una\u00a0medida desgastada y que no est\u00e1 reflejando los resultados esperados, por lo que pidi\u00f3 al presidente de la rep\u00fablica sincerarse con el pa\u00eds sobre el tema. Explic\u00f3, que el mandatario solicit\u00f3 una nueva extensi\u00f3n bajo la justificaci\u00f3n de continuar con las medidas especiales para prevenir el contagio de coronavirus en el pa\u00eds, cuando al d\u00eda de hoy la tasa de positividad diaria es apenas de un 5.26%, y en las \u00faltimas cuatro semanas es de 5.31%. \u201cSi analizamos el documento que contiene la solicitud, podemos percibir que desde el mes de mayo estamos leyendo exactamente la misma motivaci\u00f3n, entonces, \u00bfest\u00e1 mejorando sinceramente la situaci\u00f3n o solo estamos acostumbr\u00e1ndonos a la situaci\u00f3n? \u00bfEst\u00e1 verdaderamente controlado el covid? \u00bfPara qu\u00e9 estamos utilizando las excepciones del estado de emergencia?\u201d, cuestion\u00f3 el legislador por Santiago. Record\u00f3, que el partido oficialista criticaba y aborrec\u00eda esta pr\u00e1ctica mientras estaba en la oposici\u00f3n a inicios del a\u00f1o pasado. \u201cAhora que son Gobierno seguimos bajo un estado de emergencia que, si bien es cierto, al inicio fue la idea m\u00e1s sensata para controlar, regular y mantener la situaci\u00f3n, pero no es menos cierto que partiendo de las estad\u00edsticas al d\u00eda de hoy, ya es una medida desgastada y que no est\u00e1 reflejando los resultados que todos esperamos\u201d, sostuvo Fadul. Asegur\u00f3, que se necesitan razones m\u00e1s coherentes y convincentes de parte del poder ejecutivo, para poder apoyar la extensi\u00f3n solicitada, siempre y cuando sea para el bienestar del pueblo dominicano. La C\u00e1mara de Diputados aprob\u00f3 este martes en sesi\u00f3n extraordinaria, la extensi\u00f3n de un nuevo Estado de Emergencia por 45 d\u00edas m\u00e1s, con la ausencia de los diputados del PLD.<\/p>\n","protected":false},"author":6,"featured_media":0,"comment_status":"open","ping_status":"open","sticky":false,"template":"","format":"standard","meta":{"om_disable_all_campaigns":false,"footnotes":""},"categories":[12],"tags":[],"class_list":["post-120466","post","type-post","status-publish","format-standard","hentry","category-politic"],"_links":{"self":[{"href":"https:\/\/conexiondigital.com.do\/index.php\/wp-json\/wp\/v2\/posts\/120466","targetHints":{"allow":["GET"]}}],"collection":[{"href":"https:\/\/conexiondigital.com.do\/index.php\/wp-json\/wp\/v2\/posts"}],"about":[{"href":"https:\/\/conexiondigital.com.do\/index.php\/wp-json\/wp\/v2\/types\/post"}],"author":[{"embeddable":true,"href":"https:\/\/conexiondigital.com.do\/index.php\/wp-json\/wp\/v2\/users\/6"}],"replies":[{"embeddable":true,"href":"https:\/\/conexiondigital.com.do\/index.php\/wp-json\/wp\/v2\/comments?post=120466"}],"version-history":[{"count":1,"href":"https:\/\/conexiondigital.com.do\/index.php\/wp-json\/wp\/v2\/posts\/120466\/revisions"}],"predecessor-version":[{"id":120468,"href":"https:\/\/conexiondigital.com.do\/index.php\/wp-json\/wp\/v2\/posts\/120466\/revisions\/120468"}],"wp:attachment":[{"href":"https:\/\/conexiondigital.com.do\/index.php\/wp-json\/wp\/v2\/media?parent=120466"}],"wp:term":[{"taxonomy":"category","embeddable":true,"href":"https:\/\/conexiondigital.com.do\/index.php\/wp-json\/wp\/v2\/categories?post=120466"},{"taxonomy":"post_tag","embeddable":true,"href":"https:\/\/conexiondigital.com.do\/index.php\/wp-json\/wp\/v2\/tags?post=120466"}],"curies":[{"name":"wp","href":"https:\/\/api.w.org\/{rel}","templated":true}]}}