{"id":120476,"date":"2021-08-26T17:19:49","date_gmt":"2021-08-26T21:19:49","guid":{"rendered":"http:\/\/conexiondigital.com.do\/?p=120476"},"modified":"2021-08-26T17:19:49","modified_gmt":"2021-08-26T21:19:49","slug":"inauguran-segundo-festival-cultura-y-gastronomico-sureno","status":"publish","type":"post","link":"https:\/\/conexiondigital.com.do\/index.php\/2021\/08\/26\/inauguran-segundo-festival-cultura-y-gastronomico-sureno\/","title":{"rendered":"Inauguran Segundo Festival Cultura y Gastron\u00f3mico Sure\u00f1o"},"content":{"rendered":"<img loading=\"lazy\" decoding=\"async\" class=\"alignnone  wp-image-120477\" src=\"https:\/\/images.conexiondigital.com.do\/wp-content\/uploads\/wp-content\/uploads\/2021\/08\/SAN-JUAN-800x616.jpg\" alt=\"\" width=\"616\" height=\"474\" \/>\n<p>Las Matas de Farf\u00e1n, San Juan, RD.- En un emocionante acto la Fundaci\u00f3n para el Progreso del Sur (Funprosur), realiz\u00f3 el acto inaugural del segundo Festival Cultural y Gastron\u00f3mico Sure\u00f1o con la participaci\u00f3n de varias autoridades, presentaciones artistitas y el reconocimiento a un mun\u00edcipe destacado de esta ciudad.<\/p>\n<p>En el acto estuvieron presente el Dr. Salvador Ramos, director general de Oficina Nacional de la Propiedad Industrial (ONAPI), Luis Beltre director regional del Instituto Nacional de Formaci\u00f3n T\u00e9cnico Profesional (INFOTEP), Jos\u00e9 Valenzuela c\u00f3nsul dominicano en Juana M\u00e9ndez en Hait\u00ed, los regidores Daniel Aquino y Rosa Jim\u00e9nez, Mar\u00eda Salvador en representaci\u00f3n del alcalde Jos\u00e9 de la Cruz adem\u00e1s Jos\u00e9 De Ferrari encargado de formaci\u00f3n a la artesan\u00eda del Ministerio de Industria y Comercio y MIPYMES, entre otras autoridades.<\/p>\n<p>Durante el acto la invocaci\u00f3n a Dios estuvo bajo la responsabilidad del sacerdote Amaury Beltre, de la iglesia Santa Lucia. La Banda de M\u00fasica Infantil Municipal interpret\u00f3 el himno nacional bajo la direcci\u00f3n del profesor Jos\u00e9 Francisco Montero.<\/p>\n<p>En el evento fueron coronadas las se\u00f1oritas Lorainy Pimentel como reina cultural; Robelisa D Oleo reina folcl\u00f3rica; Daniela Valenzuela reina gastron\u00f3mica. Por sus aportes a la radio difusi\u00f3n y colaboraci\u00f3n del pueblo el comit\u00e9 organizador del segundo Festival Cultural y Gastron\u00f3mico Sure\u00f1o reconoci\u00f3 a Camel Bortokan Zohurey, momento muy emotivo recibiendo los aplausos de los presentes.<\/p>\n<p>Las palabras de bienvenida estuvieron a cargo de la\u00a0Licda. Yohanna Valenzuela, vicepresidente de la fundaci\u00f3n destacando la importancia de actividades como estas, el valor de preservar nuestras costumbres. Agradeci\u00f3 a los patrocinadores que dijeron presente y al mismo tiempo hizo un llamado a los empresarios, instituciones que pocas veces creen en este tipo de proyectos, provocando que muchos muestren desinter\u00e9s en realizarlos. \u201cEstoy aqu\u00ed por mi hermano Alexander, cree en este tipo de eventos y mientras \u00e9l est\u00e9 involucrado contara con mi apoyo. Sean bienvenidos a esta segunda versi\u00f3n del segundo Festival Cultural y Gastron\u00f3mico Sure\u00f1o elaborado con mucho esfuerzo les invito a compartir y disfrutar de las diferentes actividades que estar\u00e1n siendo desarrolladas\u201d\u00a0Expreso Yohanna Valenzuela.<\/p>\n<p>La actividad se desarrolla en el parque central hasta el 29 de agosto de este a\u00f1o 2021, al pronunciar el discurso central del acto el presidente de\u00a0Fundaci\u00f3n para el Progreso del Sur (Funprosur), Alexander Valenzuela, destac\u00f3 la importancia de realizar un evento de esta naturaleza, marcando un precedente en aportes a la arte, la cultura, costumbres, tradiciones y la gastronom\u00eda de la Regi\u00f3n Sur. Muchos meses de trabajo, agradeciendo a los patrocinadores al comit\u00e9 organizador y las personas presentes.<br \/>\n\u00abApostando al desarrollo socioecon\u00f3mico del sur, impulsando el ecoturismo, el turismo religioso, la cultura gastron\u00f3mica y la artesan\u00eda local, como evento tambi\u00e9n hemos puesto los ojos sobre los emprendedores en diversas \u00e1reas y en nuestra producci\u00f3n agropecuaria regional con vocaci\u00f3n de exportaci\u00f3n. Tendremos muchas actividades, manifestaciones art\u00edsticas, talleres y exhibiciones para toda la familia, gracias a todos por su apoyo\u00bb. Dijo Valenzuela.<\/p>\n<p>Para el cierre del acto inaugural a nivel de baile y buena m\u00fasica con la participaci\u00f3n del Ballet Folfklorico del Ministerio de Turismo bajo la direcci\u00f3n del profesor Oscar Batista, seguido de los Palos la Bendici\u00f3n de Dios dirigido por Johan Diaz, finalizando con un buen perico ripia a cargo de Marcelo Beltre y su combo. Un evento dedicado para toda la familia, la plataforma para promover el talento local y promover lo nuestro.<\/p>\n","protected":false},"excerpt":{"rendered":"<p>Las Matas de Farf\u00e1n, San Juan, RD.- En un emocionante acto la Fundaci\u00f3n para el Progreso del Sur (Funprosur), realiz\u00f3 el acto inaugural del segundo Festival Cultural y Gastron\u00f3mico Sure\u00f1o con la participaci\u00f3n de varias autoridades, presentaciones artistitas y el reconocimiento a un mun\u00edcipe destacado de esta ciudad. En el acto estuvieron presente el Dr. Salvador Ramos, director general de Oficina Nacional de la Propiedad Industrial (ONAPI), Luis Beltre director regional del Instituto Nacional de Formaci\u00f3n T\u00e9cnico Profesional (INFOTEP), Jos\u00e9 Valenzuela c\u00f3nsul dominicano en Juana M\u00e9ndez en Hait\u00ed, los regidores Daniel Aquino y Rosa Jim\u00e9nez, Mar\u00eda Salvador en representaci\u00f3n del alcalde Jos\u00e9 de la Cruz adem\u00e1s Jos\u00e9 De Ferrari encargado de formaci\u00f3n a la artesan\u00eda del Ministerio de Industria y Comercio y MIPYMES, entre otras autoridades. Durante el acto la invocaci\u00f3n a Dios estuvo bajo la responsabilidad del sacerdote Amaury Beltre, de la iglesia Santa Lucia. La Banda de M\u00fasica Infantil Municipal interpret\u00f3 el himno nacional bajo la direcci\u00f3n del profesor Jos\u00e9 Francisco Montero. En el evento fueron coronadas las se\u00f1oritas Lorainy Pimentel como reina cultural; Robelisa D Oleo reina folcl\u00f3rica; Daniela Valenzuela reina gastron\u00f3mica. Por sus aportes a la radio difusi\u00f3n y colaboraci\u00f3n del pueblo el comit\u00e9 organizador del segundo Festival Cultural y Gastron\u00f3mico Sure\u00f1o reconoci\u00f3 a Camel Bortokan Zohurey, momento muy emotivo recibiendo los aplausos de los presentes. Las palabras de bienvenida estuvieron a cargo de la\u00a0Licda. Yohanna Valenzuela, vicepresidente de la fundaci\u00f3n destacando la importancia de actividades como estas, el valor de preservar nuestras costumbres. Agradeci\u00f3 a los patrocinadores que dijeron presente y al mismo tiempo hizo un llamado a los empresarios, instituciones que pocas veces creen en este tipo de proyectos, provocando que muchos muestren desinter\u00e9s en realizarlos. \u201cEstoy aqu\u00ed por mi hermano Alexander, cree en este tipo de eventos y mientras \u00e9l est\u00e9 involucrado contara con mi apoyo. Sean bienvenidos a esta segunda versi\u00f3n del segundo Festival Cultural y Gastron\u00f3mico Sure\u00f1o elaborado con mucho esfuerzo les invito a compartir y disfrutar de las diferentes actividades que estar\u00e1n siendo desarrolladas\u201d\u00a0Expreso Yohanna Valenzuela. La actividad se desarrolla en el parque central hasta el 29 de agosto de este a\u00f1o 2021, al pronunciar el discurso central del acto el presidente de\u00a0Fundaci\u00f3n para el Progreso del Sur (Funprosur), Alexander Valenzuela, destac\u00f3 la importancia de realizar un evento de esta naturaleza, marcando un precedente en aportes a la arte, la cultura, costumbres, tradiciones y la gastronom\u00eda de la Regi\u00f3n Sur. Muchos meses de trabajo, agradeciendo a los patrocinadores al comit\u00e9 organizador y las personas presentes. \u00abApostando al desarrollo socioecon\u00f3mico del sur, impulsando el ecoturismo, el turismo religioso, la cultura gastron\u00f3mica y la artesan\u00eda local, como evento tambi\u00e9n hemos puesto los ojos sobre los emprendedores en diversas \u00e1reas y en nuestra producci\u00f3n agropecuaria regional con vocaci\u00f3n de exportaci\u00f3n. Tendremos muchas actividades, manifestaciones art\u00edsticas, talleres y exhibiciones para toda la familia, gracias a todos por su apoyo\u00bb. Dijo Valenzuela. Para el cierre del acto inaugural a nivel de baile y buena m\u00fasica con la participaci\u00f3n del Ballet Folfklorico del Ministerio de Turismo bajo la direcci\u00f3n del profesor Oscar Batista, seguido de los Palos la Bendici\u00f3n de Dios dirigido por Johan Diaz, finalizando con un buen perico ripia a cargo de Marcelo Beltre y su combo. Un evento dedicado para toda la familia, la plataforma para promover el talento local y promover lo nuestro.<\/p>\n","protected":false},"author":6,"featured_media":120477,"comment_status":"open","ping_status":"open","sticky":false,"template":"","format":"standard","meta":{"om_disable_all_campaigns":false,"footnotes":""},"categories":[15],"tags":[],"class_list":["post-120476","post","type-post","status-publish","format-standard","has-post-thumbnail","hentry","category-nacionales"],"_links":{"self":[{"href":"https:\/\/conexiondigital.com.do\/index.php\/wp-json\/wp\/v2\/posts\/120476","targetHints":{"allow":["GET"]}}],"collection":[{"href":"https:\/\/conexiondigital.com.do\/index.php\/wp-json\/wp\/v2\/posts"}],"about":[{"href":"https:\/\/conexiondigital.com.do\/index.php\/wp-json\/wp\/v2\/types\/post"}],"author":[{"embeddable":true,"href":"https:\/\/conexiondigital.com.do\/index.php\/wp-json\/wp\/v2\/users\/6"}],"replies":[{"embeddable":true,"href":"https:\/\/conexiondigital.com.do\/index.php\/wp-json\/wp\/v2\/comments?post=120476"}],"version-history":[{"count":1,"href":"https:\/\/conexiondigital.com.do\/index.php\/wp-json\/wp\/v2\/posts\/120476\/revisions"}],"predecessor-version":[{"id":120478,"href":"https:\/\/conexiondigital.com.do\/index.php\/wp-json\/wp\/v2\/posts\/120476\/revisions\/120478"}],"wp:featuredmedia":[{"embeddable":true,"href":"https:\/\/conexiondigital.com.do\/index.php\/wp-json\/wp\/v2\/media\/120477"}],"wp:attachment":[{"href":"https:\/\/conexiondigital.com.do\/index.php\/wp-json\/wp\/v2\/media?parent=120476"}],"wp:term":[{"taxonomy":"category","embeddable":true,"href":"https:\/\/conexiondigital.com.do\/index.php\/wp-json\/wp\/v2\/categories?post=120476"},{"taxonomy":"post_tag","embeddable":true,"href":"https:\/\/conexiondigital.com.do\/index.php\/wp-json\/wp\/v2\/tags?post=120476"}],"curies":[{"name":"wp","href":"https:\/\/api.w.org\/{rel}","templated":true}]}}