{"id":120758,"date":"2021-09-15T21:10:27","date_gmt":"2021-09-16T01:10:27","guid":{"rendered":"http:\/\/conexiondigital.com.do\/?p=120758"},"modified":"2021-09-15T21:10:27","modified_gmt":"2021-09-16T01:10:27","slug":"fallece-madre-de-los-periodistas-dario-y-alberto-caminero-y-del-intendente-de-bancos","status":"publish","type":"post","link":"https:\/\/conexiondigital.com.do\/index.php\/2021\/09\/15\/fallece-madre-de-los-periodistas-dario-y-alberto-caminero-y-del-intendente-de-bancos\/","title":{"rendered":"FALLECE MADRE DE LOS PERIODISTAS DAR\u00cdO Y ALBERTO CAMINERO Y DEL INTENDENTE DE BANCOS."},"content":{"rendered":"<p><img loading=\"lazy\" decoding=\"async\" class=\"wp-image-120759 alignleft\" src=\"https:\/\/images.conexiondigital.com.do\/wp-content\/uploads\/wp-content\/uploads\/2021\/09\/thumbnail_Osanda-S\u00e1nchez-450x800.jpg\" alt=\"\" width=\"108\" height=\"192\" \/>Falleci\u00f3 a media ma\u00f1ana de\u00a0hoy la se\u00f1ora\u00a0Osanda S\u00e1nchez, (Mam\u00e1 Chaga),\u00a0madre de los periodistas Alberto Caminero, Director de Prensa de Medios Telemicro, Dario Caminero, director de Comunicaciones de la Superintendencia de Seguros y del Intendente de Banco, Julio Enrique Caminero.<\/p>\n<p>La Se\u00f1ora Osanda S\u00e1nchez, de 92 a\u00f1os, present\u00f3 complicaciones de salud hace dos semanas, de las cuales no pudo reponerse.<\/p>\n<p>Le sobreviven adem\u00e1s sus hijos Josefina, Irma, Xiomara, Wilson y H\u00e9ctor Jos\u00e9 Caminero S\u00e1nchez.<\/p>\n<p>En las pr\u00f3ximas horas se anunciar\u00e1 donde se expondr\u00e1n sus restos y honras f\u00fanebres.<\/p>\n","protected":false},"excerpt":{"rendered":"<p>Falleci\u00f3 a media ma\u00f1ana de\u00a0hoy la se\u00f1ora\u00a0Osanda S\u00e1nchez, (Mam\u00e1 Chaga),\u00a0madre de los periodistas Alberto Caminero, Director de Prensa de Medios Telemicro, Dario Caminero, director de Comunicaciones de la Superintendencia de Seguros y del Intendente de Banco, Julio Enrique Caminero. La Se\u00f1ora Osanda S\u00e1nchez, de 92 a\u00f1os, present\u00f3 complicaciones de salud hace dos semanas, de las cuales no pudo reponerse. Le sobreviven adem\u00e1s sus hijos Josefina, Irma, Xiomara, Wilson y H\u00e9ctor Jos\u00e9 Caminero S\u00e1nchez. En las pr\u00f3ximas horas se anunciar\u00e1 donde se expondr\u00e1n sus restos y honras f\u00fanebres.<\/p>\n","protected":false},"author":6,"featured_media":0,"comment_status":"open","ping_status":"open","sticky":false,"template":"","format":"standard","meta":{"om_disable_all_campaigns":false,"footnotes":""},"categories":[15],"tags":[],"class_list":["post-120758","post","type-post","status-publish","format-standard","hentry","category-nacionales"],"_links":{"self":[{"href":"https:\/\/conexiondigital.com.do\/index.php\/wp-json\/wp\/v2\/posts\/120758","targetHints":{"allow":["GET"]}}],"collection":[{"href":"https:\/\/conexiondigital.com.do\/index.php\/wp-json\/wp\/v2\/posts"}],"about":[{"href":"https:\/\/conexiondigital.com.do\/index.php\/wp-json\/wp\/v2\/types\/post"}],"author":[{"embeddable":true,"href":"https:\/\/conexiondigital.com.do\/index.php\/wp-json\/wp\/v2\/users\/6"}],"replies":[{"embeddable":true,"href":"https:\/\/conexiondigital.com.do\/index.php\/wp-json\/wp\/v2\/comments?post=120758"}],"version-history":[{"count":1,"href":"https:\/\/conexiondigital.com.do\/index.php\/wp-json\/wp\/v2\/posts\/120758\/revisions"}],"predecessor-version":[{"id":120760,"href":"https:\/\/conexiondigital.com.do\/index.php\/wp-json\/wp\/v2\/posts\/120758\/revisions\/120760"}],"wp:attachment":[{"href":"https:\/\/conexiondigital.com.do\/index.php\/wp-json\/wp\/v2\/media?parent=120758"}],"wp:term":[{"taxonomy":"category","embeddable":true,"href":"https:\/\/conexiondigital.com.do\/index.php\/wp-json\/wp\/v2\/categories?post=120758"},{"taxonomy":"post_tag","embeddable":true,"href":"https:\/\/conexiondigital.com.do\/index.php\/wp-json\/wp\/v2\/tags?post=120758"}],"curies":[{"name":"wp","href":"https:\/\/api.w.org\/{rel}","templated":true}]}}