{"id":120776,"date":"2021-09-16T21:57:20","date_gmt":"2021-09-17T01:57:20","guid":{"rendered":"http:\/\/conexiondigital.com.do\/?p=120776"},"modified":"2021-09-16T21:57:20","modified_gmt":"2021-09-17T01:57:20","slug":"minerd-presenta-plan-para-un-novedoso-ano-escolar-2021-2022","status":"publish","type":"post","link":"https:\/\/conexiondigital.com.do\/index.php\/2021\/09\/16\/minerd-presenta-plan-para-un-novedoso-ano-escolar-2021-2022\/","title":{"rendered":"Minerd presenta plan para un novedoso a\u00f1o escolar 2021-2022"},"content":{"rendered":"<p><strong><img loading=\"lazy\" decoding=\"async\" class=\"size-full wp-image-120777 alignleft\" src=\"https:\/\/images.conexiondigital.com.do\/wp-content\/uploads\/wp-content\/uploads\/2021\/09\/thumbnail_Rueda-de-prensa.jpg\" alt=\"\" width=\"444\" height=\"250\" \/>La Jornada Escolar Extendida se llenar\u00e1 de contenidos \u00fatiles para el desarrollo de competencias trascendentes; se activa estricto protocolo de bioseguridad<\/strong><\/p>\n<p>Santo Domingo.- El ministerio de Educaci\u00f3n de la Rep\u00fablica Dominicana (MINERD) present\u00f3 este jueves el Plan para el A\u00f1o Escolar 2021 \u2013 2022 dentro del nuevo modelo \u00a0\u201cEducaci\u00f3n para Vivir Mejor\u201d.<\/p>\n<p>El ministro de Educaci\u00f3n, Roberto Fulcar, destac\u00f3 que el plan asegura un servicio de educaci\u00f3n integral, oportuno, pertinente, inclusivo, igualitario y de calidad, facilitar la inserci\u00f3n a la vida en sociedad y al trabajo productivo de sus estudiantes con propensi\u00f3n a una vida mejor, con el mayor grado de participaci\u00f3n, valoraci\u00f3n y aceptaci\u00f3n del pueblo dominicano.<\/p>\n<p>Al respecto, sostuvo que en este a\u00f1o escolar se llenar\u00e1 de contenidos \u00fatiles para el desarrollo de competencias trascendentes la Jornada Escolar Extendida, se fomentar\u00e1 la lectura de forma masiva a trav\u00e9s del programa Dominicana Lee y el estudio y aprendizaje del ingl\u00e9s como segundo idioma.<\/p>\n<p>\u201cTodo lo producido en el a\u00f1o escolar 2020-2021 ser\u00e1 un capital, ser\u00e1 un insumo y un recurso fundamental para apoyar el \u00e9xito de los procesos educativos del a\u00f1o escolar presencial 2021-2022. La empleabilidad es la apuesta que hace el gobierno de la Rep\u00fablica Dominicana y la que tiene especial empe\u00f1o nuestro presidente Luis Abinader. Esto significa que los bachilleres egresados de la educaci\u00f3n preuniversitaria de nuestro pa\u00eds podr\u00e1n vivir de lo que aprendan podr\u00e1n tener mayores posibilidades de acceder a un empleo \u00fatil\u201d, dijo Fulcar.<\/p>\n<p>Sobre el programa de mantenimiento correctivo de la planta f\u00edsica escolar destac\u00f3 que el MINERD ha intervenido un total de 5,159 planteles escolares para un ritmo de intervenci\u00f3n sin precedentes en toda la historia dominicana.<\/p>\n<p>Ante la alta demanda de aulas y la decisi\u00f3n del Minerd de que ning\u00fan estudiante se quede sin cupo escolar, se tom\u00f3 la medida de gestionar espacios adicionales en 12 de las 18 Regionales que han reportado esa necesidad.<\/p>\n<p>Para resguardar la salud de los ni\u00f1os, ni\u00f1as y adolescentes ante la persistencia del COVID19 se activa el estricto protocolo de bioseguridad en todos los planteles del pa\u00eds con el suministro de jab\u00f3n, alcohol, gel desinfectante y mascarillas para los estudiantes y el personal docente y administrativo. Tambi\u00e9n todo lo necesario para la limpieza e higienizaci\u00f3n de los centros educativos.<\/p>\n<p>Programa Retorno a la Alegr\u00eda<\/p>\n<p>Desde este lunes se pone en marcha el programa Retorno a la Alegr\u00eda, con el cual se recibir\u00e1n a los ni\u00f1os, ni\u00f1as y adolescentes a fin de trabajar con estos su adaptaci\u00f3n a la presencia en el aula y apoyar su bienestar psicoafectivo. Dicho programa se desarrollar\u00e1 intensivamente durante las dos primeras semanas del a\u00f1o escolar, continuando despu\u00e9s, aunque con menos intensidad.<\/p>\n<p>\u201cEl a\u00f1o escolar 2020-2021 fue el a\u00f1o en el que nos toc\u00f3 vivir con el Covid19 y fue el tr\u00e1nsito de la educaci\u00f3n a distancia hacia el nuevo modelo educativo. El a\u00f1o escolar 2021-2022 que iniciaremos el pr\u00f3ximo lunes 20 ser\u00e1 el primer verdadero a\u00f1o del nuevo modelo educativo de Educaci\u00f3n para Vivir Mejor\u201d, expres\u00f3.<\/p>\n<p>Como es tradici\u00f3n y especialmente por el hecho de que los estudiantes y profesores han permanecido en confinamiento por a\u00f1o y medio, la Jornada Escolar Extendida iniciar\u00e1 despu\u00e9s de las dos primeras semanas de ambientaci\u00f3n y adaptaci\u00f3n.<\/p>\n<p>Adem\u00e1s del programa de Retorno a la Alegr\u00eda, los profesores estar\u00e1n aplicando evaluaciones diagn\u00f3sticas, mientras que los orientadores y psic\u00f3logos estar\u00e1n evaluando las condiciones psicoemocionales en las que llegan los alumnos. En estas dos semanas de docencia, que tendr\u00e1n una duraci\u00f3n de una tanda regular los estudiantes matutinos estar\u00e1n recibiendo su desayuno escolar y los vespertinos una merienda.<\/p>\n<p>A la fecha se ha vacunado el 98% de los docentes, personal de apoyo y administrativo con la primera y segunda dosis, y est\u00e1 en desarrollo el proceso de aplicaci\u00f3n de la tercera dosis para todo el personal, as\u00ed como la vacunaci\u00f3n de la poblaci\u00f3n estudiantil y sus familiares.<\/p>\n<p>Este a\u00f1o escolar 2021-2022 se entregar\u00e1n 850 mil kits con \u00fatiles escolares, uniformes y zapatos a los estudiantes de los niveles inicial y primaria en las demarcaciones m\u00e1s carenciadas del pa\u00eds, de acuerdo al mapa de pobreza, jornada que est\u00e1 en este momento en proceso.<\/p>\n<p>Se ha adquirido material gastable para los ni\u00f1os y ni\u00f1as del nivel inicial y libros de literatura infantil para la creaci\u00f3n de bibliotecas en las escuelas.<\/p>\n<p>Se dispondr\u00e1 de libros de textos para los niveles inicial y primario y de los niveles B\u00e1sica y Secundaria del subsistema de educaci\u00f3n de j\u00f3venes y adultos. Adem\u00e1s de mobiliario escolar, impresi\u00f3n de registros escolares, gu\u00edas para docentes, actas de calificaciones, manuales y portafolios.<\/p>\n<p>Sobre el Concurso de Oposici\u00f3n Docente resalt\u00f3 que el proceso se encuentra en pleno desarrollo conforme a lo planificado, a los fines de garantizar la incorporaci\u00f3n de los 19 mil docentes requeridos para igual cantidad de plazas disponibles. Participan 71,514 postulantes en 18 Regionales y 122 Distritos Educativos.<\/p>\n<p>Marcha sostenidamente el proceso de dotaci\u00f3n de dispositivos tecnol\u00f3gicos en todo el pa\u00eds.<\/p>\n<p>&nbsp;<\/p>\n","protected":false},"excerpt":{"rendered":"<p>La Jornada Escolar Extendida se llenar\u00e1 de contenidos \u00fatiles para el desarrollo de competencias trascendentes; se activa estricto protocolo de bioseguridad Santo Domingo.- El ministerio de Educaci\u00f3n de la Rep\u00fablica Dominicana (MINERD) present\u00f3 este jueves el Plan para el A\u00f1o Escolar 2021 \u2013 2022 dentro del nuevo modelo \u00a0\u201cEducaci\u00f3n para Vivir Mejor\u201d. El ministro de Educaci\u00f3n, Roberto Fulcar, destac\u00f3 que el plan asegura un servicio de educaci\u00f3n integral, oportuno, pertinente, inclusivo, igualitario y de calidad, facilitar la inserci\u00f3n a la vida en sociedad y al trabajo productivo de sus estudiantes con propensi\u00f3n a una vida mejor, con el mayor grado de participaci\u00f3n, valoraci\u00f3n y aceptaci\u00f3n del pueblo dominicano. Al respecto, sostuvo que en este a\u00f1o escolar se llenar\u00e1 de contenidos \u00fatiles para el desarrollo de competencias trascendentes la Jornada Escolar Extendida, se fomentar\u00e1 la lectura de forma masiva a trav\u00e9s del programa Dominicana Lee y el estudio y aprendizaje del ingl\u00e9s como segundo idioma. \u201cTodo lo producido en el a\u00f1o escolar 2020-2021 ser\u00e1 un capital, ser\u00e1 un insumo y un recurso fundamental para apoyar el \u00e9xito de los procesos educativos del a\u00f1o escolar presencial 2021-2022. La empleabilidad es la apuesta que hace el gobierno de la Rep\u00fablica Dominicana y la que tiene especial empe\u00f1o nuestro presidente Luis Abinader. Esto significa que los bachilleres egresados de la educaci\u00f3n preuniversitaria de nuestro pa\u00eds podr\u00e1n vivir de lo que aprendan podr\u00e1n tener mayores posibilidades de acceder a un empleo \u00fatil\u201d, dijo Fulcar. Sobre el programa de mantenimiento correctivo de la planta f\u00edsica escolar destac\u00f3 que el MINERD ha intervenido un total de 5,159 planteles escolares para un ritmo de intervenci\u00f3n sin precedentes en toda la historia dominicana. Ante la alta demanda de aulas y la decisi\u00f3n del Minerd de que ning\u00fan estudiante se quede sin cupo escolar, se tom\u00f3 la medida de gestionar espacios adicionales en 12 de las 18 Regionales que han reportado esa necesidad. Para resguardar la salud de los ni\u00f1os, ni\u00f1as y adolescentes ante la persistencia del COVID19 se activa el estricto protocolo de bioseguridad en todos los planteles del pa\u00eds con el suministro de jab\u00f3n, alcohol, gel desinfectante y mascarillas para los estudiantes y el personal docente y administrativo. Tambi\u00e9n todo lo necesario para la limpieza e higienizaci\u00f3n de los centros educativos. Programa Retorno a la Alegr\u00eda Desde este lunes se pone en marcha el programa Retorno a la Alegr\u00eda, con el cual se recibir\u00e1n a los ni\u00f1os, ni\u00f1as y adolescentes a fin de trabajar con estos su adaptaci\u00f3n a la presencia en el aula y apoyar su bienestar psicoafectivo. Dicho programa se desarrollar\u00e1 intensivamente durante las dos primeras semanas del a\u00f1o escolar, continuando despu\u00e9s, aunque con menos intensidad. \u201cEl a\u00f1o escolar 2020-2021 fue el a\u00f1o en el que nos toc\u00f3 vivir con el Covid19 y fue el tr\u00e1nsito de la educaci\u00f3n a distancia hacia el nuevo modelo educativo. El a\u00f1o escolar 2021-2022 que iniciaremos el pr\u00f3ximo lunes 20 ser\u00e1 el primer verdadero a\u00f1o del nuevo modelo educativo de Educaci\u00f3n para Vivir Mejor\u201d, expres\u00f3. Como es tradici\u00f3n y especialmente por el hecho de que los estudiantes y profesores han permanecido en confinamiento por a\u00f1o y medio, la Jornada Escolar Extendida iniciar\u00e1 despu\u00e9s de las dos primeras semanas de ambientaci\u00f3n y adaptaci\u00f3n. Adem\u00e1s del programa de Retorno a la Alegr\u00eda, los profesores estar\u00e1n aplicando evaluaciones diagn\u00f3sticas, mientras que los orientadores y psic\u00f3logos estar\u00e1n evaluando las condiciones psicoemocionales en las que llegan los alumnos. En estas dos semanas de docencia, que tendr\u00e1n una duraci\u00f3n de una tanda regular los estudiantes matutinos estar\u00e1n recibiendo su desayuno escolar y los vespertinos una merienda. A la fecha se ha vacunado el 98% de los docentes, personal de apoyo y administrativo con la primera y segunda dosis, y est\u00e1 en desarrollo el proceso de aplicaci\u00f3n de la tercera dosis para todo el personal, as\u00ed como la vacunaci\u00f3n de la poblaci\u00f3n estudiantil y sus familiares. Este a\u00f1o escolar 2021-2022 se entregar\u00e1n 850 mil kits con \u00fatiles escolares, uniformes y zapatos a los estudiantes de los niveles inicial y primaria en las demarcaciones m\u00e1s carenciadas del pa\u00eds, de acuerdo al mapa de pobreza, jornada que est\u00e1 en este momento en proceso. Se ha adquirido material gastable para los ni\u00f1os y ni\u00f1as del nivel inicial y libros de literatura infantil para la creaci\u00f3n de bibliotecas en las escuelas. Se dispondr\u00e1 de libros de textos para los niveles inicial y primario y de los niveles B\u00e1sica y Secundaria del subsistema de educaci\u00f3n de j\u00f3venes y adultos. Adem\u00e1s de mobiliario escolar, impresi\u00f3n de registros escolares, gu\u00edas para docentes, actas de calificaciones, manuales y portafolios. Sobre el Concurso de Oposici\u00f3n Docente resalt\u00f3 que el proceso se encuentra en pleno desarrollo conforme a lo planificado, a los fines de garantizar la incorporaci\u00f3n de los 19 mil docentes requeridos para igual cantidad de plazas disponibles. Participan 71,514 postulantes en 18 Regionales y 122 Distritos Educativos. Marcha sostenidamente el proceso de dotaci\u00f3n de dispositivos tecnol\u00f3gicos en todo el pa\u00eds. &nbsp;<\/p>\n","protected":false},"author":6,"featured_media":0,"comment_status":"open","ping_status":"open","sticky":false,"template":"","format":"standard","meta":{"om_disable_all_campaigns":false,"footnotes":""},"categories":[15],"tags":[],"class_list":["post-120776","post","type-post","status-publish","format-standard","hentry","category-nacionales"],"_links":{"self":[{"href":"https:\/\/conexiondigital.com.do\/index.php\/wp-json\/wp\/v2\/posts\/120776","targetHints":{"allow":["GET"]}}],"collection":[{"href":"https:\/\/conexiondigital.com.do\/index.php\/wp-json\/wp\/v2\/posts"}],"about":[{"href":"https:\/\/conexiondigital.com.do\/index.php\/wp-json\/wp\/v2\/types\/post"}],"author":[{"embeddable":true,"href":"https:\/\/conexiondigital.com.do\/index.php\/wp-json\/wp\/v2\/users\/6"}],"replies":[{"embeddable":true,"href":"https:\/\/conexiondigital.com.do\/index.php\/wp-json\/wp\/v2\/comments?post=120776"}],"version-history":[{"count":1,"href":"https:\/\/conexiondigital.com.do\/index.php\/wp-json\/wp\/v2\/posts\/120776\/revisions"}],"predecessor-version":[{"id":120778,"href":"https:\/\/conexiondigital.com.do\/index.php\/wp-json\/wp\/v2\/posts\/120776\/revisions\/120778"}],"wp:attachment":[{"href":"https:\/\/conexiondigital.com.do\/index.php\/wp-json\/wp\/v2\/media?parent=120776"}],"wp:term":[{"taxonomy":"category","embeddable":true,"href":"https:\/\/conexiondigital.com.do\/index.php\/wp-json\/wp\/v2\/categories?post=120776"},{"taxonomy":"post_tag","embeddable":true,"href":"https:\/\/conexiondigital.com.do\/index.php\/wp-json\/wp\/v2\/tags?post=120776"}],"curies":[{"name":"wp","href":"https:\/\/api.w.org\/{rel}","templated":true}]}}