{"id":120792,"date":"2021-09-18T23:57:32","date_gmt":"2021-09-19T03:57:32","guid":{"rendered":"http:\/\/conexiondigital.com.do\/?p=120792"},"modified":"2021-09-18T23:57:32","modified_gmt":"2021-09-19T03:57:32","slug":"minerd-inicia-entrega-de-tablets-a-agentes-y-promotoras-educativas-de-inaipi","status":"publish","type":"post","link":"https:\/\/conexiondigital.com.do\/index.php\/2021\/09\/18\/minerd-inicia-entrega-de-tablets-a-agentes-y-promotoras-educativas-de-inaipi\/","title":{"rendered":"MINERD inicia entrega de tablets a agentes y promotoras educativas de INAIPI"},"content":{"rendered":"<p><img loading=\"lazy\" decoding=\"async\" class=\"size-full wp-image-120793 aligncenter\" src=\"https:\/\/images.conexiondigital.com.do\/wp-content\/uploads\/wp-content\/uploads\/2021\/09\/minerd.jpg\" alt=\"\" width=\"728\" height=\"420\" \/>Santo Domingo. \u2013 El Ministerio de Educaci\u00f3n inici\u00f3 la entrega de cuatro mil tablets a las agentes educativas y promotoras comunitarias del Instituto Nacional de Atenci\u00f3n a la Primera Infancia (INAIPI), con el objetivo de facilitar el trabajo que realizan con los ni\u00f1os y las familias que reciben asistencias en estos centros a nivel nacional.<\/p>\n<p>La entrega de los equipos se realiz\u00f3 en el Centro de Atenci\u00f3n Integral a la Primera Infancia (CAIPI), ubicado en El Libertador de Herrera, Santo Domingo Oeste, y estuvo encabezado por el ministro Roberto Fulcar.<\/p>\n<p>\u201cMe consta la pasi\u00f3n con la que el equipo del Inaipi est\u00e1 llevando a cabo su labor. Como se han enamorado de esta funci\u00f3n educativa y social que llevan a cabo, por eso el Ministerio de Educaci\u00f3n y nuestra gesti\u00f3n est\u00e1 muy comprometida, no solamente con apoyar este trabajo, sino con ampliarlo sostenidamente\u201d, afirm\u00f3 Fulcar.<\/p>\n<p>A\u00f1adi\u00f3 que ser\u00e1n habilitados m\u00e1s centros de atenci\u00f3n a la primera infancia para incluir a m\u00e1s familias y se har\u00e1n todos los esfuerzos necesarios para que el pr\u00f3ximo a\u00f1o sean aumentados los recursos y el apoyo t\u00e9cnico nacional e internacional.<\/p>\n<p>\u201cYo aspiro que un d\u00eda todos los ni\u00f1os del pa\u00eds entren a la educaci\u00f3n, a la formaci\u00f3n, inducci\u00f3n, preparaci\u00f3n a la misma edad. Las primeras de todas las brechas sociales en naciones subdesarrolladas es que unos beb\u00e9s entran temprano y otros tarde a las aulas, entonces se produce una desventaja comparativa para su desarrollo y para las posibilidades de \u00e9xito en la vida\u201d, sostuvo el ministro.<\/p>\n<p>Dijo que es responsabilidad del Estado garantizar a los ni\u00f1os de todas las provincias del pa\u00eds un futuro digno y mejor desde la temprana edad, por lo que es necesario que todos entren a tiempo a estos centros donde reciban atenciones, cuidados, evaluaciones y sobre todo, amor y calor humano.<\/p>\n<p>La directora\u00a0 ejecutiva de INAIPI, Betsaida Manola Santana, explic\u00f3 que los CAIPI ofrecen atenciones a unos 250 ni\u00f1os y ni\u00f1as y sus familias y cuentan con 10 salas para la atenci\u00f3n integral, por lo que la donaci\u00f3n de los equipos tecnol\u00f3gicos son de gran utilidad para quienes trabajan de cerca con estos grupos.<\/p>\n<p>\u201cLa disposici\u00f3n del ministro Fulcar viene a dar respuesta a una de las principales necesidades t\u00e9cnicas y de comunicaci\u00f3n que ten\u00edan estos centros. Estas tablets ser\u00e1n usadas con una programaci\u00f3n \u00fanica con las animadoras comunitarias, que son las que cubren el Programa de Base Familiar y Comunitaria (PBFC), que sirve de enlace entre el centro y la familia, visit\u00e1ndolas y orient\u00e1ndolas en la pr\u00e1ctica de buena crianza\u201d, sostuvo.<\/p>\n<p>El personal beneficiado trabaja la estimulaci\u00f3n temprana, la educaci\u00f3n inicial, salud y nutrici\u00f3n, detecci\u00f3n temprana de ni\u00f1os y ni\u00f1as con condiciones especiales o condiciones de discapacidad, protecci\u00f3n contra el abuso y la violencia, registro de nacimiento e Identidad y promueve la participaci\u00f3n de las familias y la comunidad.<\/p>\n","protected":false},"excerpt":{"rendered":"<p>Santo Domingo. \u2013 El Ministerio de Educaci\u00f3n inici\u00f3 la entrega de cuatro mil tablets a las agentes educativas y promotoras comunitarias del Instituto Nacional de Atenci\u00f3n a la Primera Infancia (INAIPI), con el objetivo de facilitar el trabajo que realizan con los ni\u00f1os y las familias que reciben asistencias en estos centros a nivel nacional. La entrega de los equipos se realiz\u00f3 en el Centro de Atenci\u00f3n Integral a la Primera Infancia (CAIPI), ubicado en El Libertador de Herrera, Santo Domingo Oeste, y estuvo encabezado por el ministro Roberto Fulcar. \u201cMe consta la pasi\u00f3n con la que el equipo del Inaipi est\u00e1 llevando a cabo su labor. Como se han enamorado de esta funci\u00f3n educativa y social que llevan a cabo, por eso el Ministerio de Educaci\u00f3n y nuestra gesti\u00f3n est\u00e1 muy comprometida, no solamente con apoyar este trabajo, sino con ampliarlo sostenidamente\u201d, afirm\u00f3 Fulcar. A\u00f1adi\u00f3 que ser\u00e1n habilitados m\u00e1s centros de atenci\u00f3n a la primera infancia para incluir a m\u00e1s familias y se har\u00e1n todos los esfuerzos necesarios para que el pr\u00f3ximo a\u00f1o sean aumentados los recursos y el apoyo t\u00e9cnico nacional e internacional. \u201cYo aspiro que un d\u00eda todos los ni\u00f1os del pa\u00eds entren a la educaci\u00f3n, a la formaci\u00f3n, inducci\u00f3n, preparaci\u00f3n a la misma edad. Las primeras de todas las brechas sociales en naciones subdesarrolladas es que unos beb\u00e9s entran temprano y otros tarde a las aulas, entonces se produce una desventaja comparativa para su desarrollo y para las posibilidades de \u00e9xito en la vida\u201d, sostuvo el ministro. Dijo que es responsabilidad del Estado garantizar a los ni\u00f1os de todas las provincias del pa\u00eds un futuro digno y mejor desde la temprana edad, por lo que es necesario que todos entren a tiempo a estos centros donde reciban atenciones, cuidados, evaluaciones y sobre todo, amor y calor humano. La directora\u00a0 ejecutiva de INAIPI, Betsaida Manola Santana, explic\u00f3 que los CAIPI ofrecen atenciones a unos 250 ni\u00f1os y ni\u00f1as y sus familias y cuentan con 10 salas para la atenci\u00f3n integral, por lo que la donaci\u00f3n de los equipos tecnol\u00f3gicos son de gran utilidad para quienes trabajan de cerca con estos grupos. \u201cLa disposici\u00f3n del ministro Fulcar viene a dar respuesta a una de las principales necesidades t\u00e9cnicas y de comunicaci\u00f3n que ten\u00edan estos centros. Estas tablets ser\u00e1n usadas con una programaci\u00f3n \u00fanica con las animadoras comunitarias, que son las que cubren el Programa de Base Familiar y Comunitaria (PBFC), que sirve de enlace entre el centro y la familia, visit\u00e1ndolas y orient\u00e1ndolas en la pr\u00e1ctica de buena crianza\u201d, sostuvo. El personal beneficiado trabaja la estimulaci\u00f3n temprana, la educaci\u00f3n inicial, salud y nutrici\u00f3n, detecci\u00f3n temprana de ni\u00f1os y ni\u00f1as con condiciones especiales o condiciones de discapacidad, protecci\u00f3n contra el abuso y la violencia, registro de nacimiento e Identidad y promueve la participaci\u00f3n de las familias y la comunidad.<\/p>\n","protected":false},"author":3,"featured_media":0,"comment_status":"open","ping_status":"open","sticky":false,"template":"","format":"standard","meta":{"om_disable_all_campaigns":false,"footnotes":""},"categories":[15],"tags":[],"class_list":["post-120792","post","type-post","status-publish","format-standard","hentry","category-nacionales"],"_links":{"self":[{"href":"https:\/\/conexiondigital.com.do\/index.php\/wp-json\/wp\/v2\/posts\/120792","targetHints":{"allow":["GET"]}}],"collection":[{"href":"https:\/\/conexiondigital.com.do\/index.php\/wp-json\/wp\/v2\/posts"}],"about":[{"href":"https:\/\/conexiondigital.com.do\/index.php\/wp-json\/wp\/v2\/types\/post"}],"author":[{"embeddable":true,"href":"https:\/\/conexiondigital.com.do\/index.php\/wp-json\/wp\/v2\/users\/3"}],"replies":[{"embeddable":true,"href":"https:\/\/conexiondigital.com.do\/index.php\/wp-json\/wp\/v2\/comments?post=120792"}],"version-history":[{"count":1,"href":"https:\/\/conexiondigital.com.do\/index.php\/wp-json\/wp\/v2\/posts\/120792\/revisions"}],"predecessor-version":[{"id":120794,"href":"https:\/\/conexiondigital.com.do\/index.php\/wp-json\/wp\/v2\/posts\/120792\/revisions\/120794"}],"wp:attachment":[{"href":"https:\/\/conexiondigital.com.do\/index.php\/wp-json\/wp\/v2\/media?parent=120792"}],"wp:term":[{"taxonomy":"category","embeddable":true,"href":"https:\/\/conexiondigital.com.do\/index.php\/wp-json\/wp\/v2\/categories?post=120792"},{"taxonomy":"post_tag","embeddable":true,"href":"https:\/\/conexiondigital.com.do\/index.php\/wp-json\/wp\/v2\/tags?post=120792"}],"curies":[{"name":"wp","href":"https:\/\/api.w.org\/{rel}","templated":true}]}}