{"id":120982,"date":"2021-09-30T21:57:10","date_gmt":"2021-10-01T01:57:10","guid":{"rendered":"http:\/\/conexiondigital.com.do\/?p=120982"},"modified":"2021-09-30T21:57:10","modified_gmt":"2021-10-01T01:57:10","slug":"fiscalia-del-distrito-nacional-obtiene-pena-maxima-contra-los-que-atacaron-a-yocairi-amarante-con-acido-del-diablo","status":"publish","type":"post","link":"https:\/\/conexiondigital.com.do\/index.php\/2021\/09\/30\/fiscalia-del-distrito-nacional-obtiene-pena-maxima-contra-los-que-atacaron-a-yocairi-amarante-con-acido-del-diablo\/","title":{"rendered":"Fiscal\u00eda del Distrito Nacional obtiene pena m\u00e1xima contra los que atacaron a Yocairi Amarante con \u201c\u00e1cido del diablo\u201d"},"content":{"rendered":"<p><strong><img loading=\"lazy\" decoding=\"async\" class=\"size-full wp-image-120983 alignleft\" src=\"https:\/\/images.conexiondigital.com.do\/wp-content\/uploads\/wp-content\/uploads\/2021\/09\/thumbnail_IMG_3889.jpg\" alt=\"\" width=\"160\" height=\"107\" \/>El Ministerio P\u00fablico estuvo representado por las fiscales litigantes Magalis S\u00e1nchez y Mar\u00eda Silvestre<\/strong><\/p>\n<p>SANTO DOMINGO.- El Tercer Tribunal Colegiado del Distrito Nacional acogi\u00f3 el pedimento de la Fiscal\u00eda del Distrito Nacional y conden\u00f3 a 30 a\u00f1os de prisi\u00f3n a cada uno de los acusados de atacar con \u201c\u00e1cido del diablo\u201d a Yocairi Amarante, en un hecho delictivo registrado en septiembre del a\u00f1o pasado.<\/p>\n<p>Las juezas Arl\u00edn Ventura, Milagros Ram\u00edrez y Leticia Mart\u00ednez escucharon y acogieron como buenas y v\u00e1lidas las pruebas periciales, materiales y documentales aportadas por las representantes del Ministerio P\u00fablico y dispusieron que Willy Antonio Javier Monegro, principal imputado y expareja de la v\u00edctima, Pedro Alexander Sosa M\u00e9ndez y Joan Jos\u00e9 F\u00e9liz, cumplan la pena en la c\u00e1rcel p\u00fablica del kil\u00f3metro 15 de Azua, en donde est\u00e1n recluidos desde que se le dict\u00f3 la medida de coerci\u00f3n.<\/p>\n<p>Las fiscales litigantes Magalis S\u00e1nchez y Mar\u00eda Silvestre demostraron los actos de crueldad de la expareja de la v\u00edctima, as\u00ed c\u00f3mo aunaron un concierto de voluntades para cometer el hecho criminal.<\/p>\n<p>El Ministerio P\u00fablico tambi\u00e9n solicit\u00f3 que el tribunal condenara a Willy Antonio Javier Monegro al pago de las costas penales del proceso judicial. Adem\u00e1s, que todos los procesados realizaran el pago simb\u00f3lico de un peso como indemnizaci\u00f3n a la v\u00edctima.<\/p>\n<p>El \u00f3rgano acusador indic\u00f3, a trav\u00e9s de un comunicado de prensa, que los encartados violaron los art\u00edculos 265 y 266, del C\u00f3digo Penal Dominicano que tipifican la asociaci\u00f3n de malhechores y los 303 y 309 que penalizan la violencia de g\u00e9nero e intrafamiliar.<\/p>\n<p>&nbsp;<\/p>\n","protected":false},"excerpt":{"rendered":"<p>El Ministerio P\u00fablico estuvo representado por las fiscales litigantes Magalis S\u00e1nchez y Mar\u00eda Silvestre SANTO DOMINGO.- El Tercer Tribunal Colegiado del Distrito Nacional acogi\u00f3 el pedimento de la Fiscal\u00eda del Distrito Nacional y conden\u00f3 a 30 a\u00f1os de prisi\u00f3n a cada uno de los acusados de atacar con \u201c\u00e1cido del diablo\u201d a Yocairi Amarante, en un hecho delictivo registrado en septiembre del a\u00f1o pasado. Las juezas Arl\u00edn Ventura, Milagros Ram\u00edrez y Leticia Mart\u00ednez escucharon y acogieron como buenas y v\u00e1lidas las pruebas periciales, materiales y documentales aportadas por las representantes del Ministerio P\u00fablico y dispusieron que Willy Antonio Javier Monegro, principal imputado y expareja de la v\u00edctima, Pedro Alexander Sosa M\u00e9ndez y Joan Jos\u00e9 F\u00e9liz, cumplan la pena en la c\u00e1rcel p\u00fablica del kil\u00f3metro 15 de Azua, en donde est\u00e1n recluidos desde que se le dict\u00f3 la medida de coerci\u00f3n. Las fiscales litigantes Magalis S\u00e1nchez y Mar\u00eda Silvestre demostraron los actos de crueldad de la expareja de la v\u00edctima, as\u00ed c\u00f3mo aunaron un concierto de voluntades para cometer el hecho criminal. El Ministerio P\u00fablico tambi\u00e9n solicit\u00f3 que el tribunal condenara a Willy Antonio Javier Monegro al pago de las costas penales del proceso judicial. Adem\u00e1s, que todos los procesados realizaran el pago simb\u00f3lico de un peso como indemnizaci\u00f3n a la v\u00edctima. El \u00f3rgano acusador indic\u00f3, a trav\u00e9s de un comunicado de prensa, que los encartados violaron los art\u00edculos 265 y 266, del C\u00f3digo Penal Dominicano que tipifican la asociaci\u00f3n de malhechores y los 303 y 309 que penalizan la violencia de g\u00e9nero e intrafamiliar. &nbsp;<\/p>\n","protected":false},"author":3,"featured_media":0,"comment_status":"open","ping_status":"open","sticky":false,"template":"","format":"standard","meta":{"om_disable_all_campaigns":false,"footnotes":""},"categories":[20],"tags":[],"class_list":["post-120982","post","type-post","status-publish","format-standard","hentry","category-football"],"_links":{"self":[{"href":"https:\/\/conexiondigital.com.do\/index.php\/wp-json\/wp\/v2\/posts\/120982","targetHints":{"allow":["GET"]}}],"collection":[{"href":"https:\/\/conexiondigital.com.do\/index.php\/wp-json\/wp\/v2\/posts"}],"about":[{"href":"https:\/\/conexiondigital.com.do\/index.php\/wp-json\/wp\/v2\/types\/post"}],"author":[{"embeddable":true,"href":"https:\/\/conexiondigital.com.do\/index.php\/wp-json\/wp\/v2\/users\/3"}],"replies":[{"embeddable":true,"href":"https:\/\/conexiondigital.com.do\/index.php\/wp-json\/wp\/v2\/comments?post=120982"}],"version-history":[{"count":1,"href":"https:\/\/conexiondigital.com.do\/index.php\/wp-json\/wp\/v2\/posts\/120982\/revisions"}],"predecessor-version":[{"id":120984,"href":"https:\/\/conexiondigital.com.do\/index.php\/wp-json\/wp\/v2\/posts\/120982\/revisions\/120984"}],"wp:attachment":[{"href":"https:\/\/conexiondigital.com.do\/index.php\/wp-json\/wp\/v2\/media?parent=120982"}],"wp:term":[{"taxonomy":"category","embeddable":true,"href":"https:\/\/conexiondigital.com.do\/index.php\/wp-json\/wp\/v2\/categories?post=120982"},{"taxonomy":"post_tag","embeddable":true,"href":"https:\/\/conexiondigital.com.do\/index.php\/wp-json\/wp\/v2\/tags?post=120982"}],"curies":[{"name":"wp","href":"https:\/\/api.w.org\/{rel}","templated":true}]}}