{"id":121115,"date":"2021-10-14T21:27:19","date_gmt":"2021-10-15T01:27:19","guid":{"rendered":"http:\/\/conexiondigital.com.do\/?p=121115"},"modified":"2021-10-14T21:27:19","modified_gmt":"2021-10-15T01:27:19","slug":"el-gobierno-frente-a-las-reformas-que-necesita-el-pais","status":"publish","type":"post","link":"https:\/\/conexiondigital.com.do\/index.php\/2021\/10\/14\/el-gobierno-frente-a-las-reformas-que-necesita-el-pais\/","title":{"rendered":"El gobierno frente a las reformas que necesita el pa\u00eds \u00a0"},"content":{"rendered":"<p><img loading=\"lazy\" decoding=\"async\" class=\"wp-image-121116 alignleft\" src=\"https:\/\/images.conexiondigital.com.do\/wp-content\/uploads\/wp-content\/uploads\/2021\/10\/4db446d8-5223-4837-97b8-c5f2c5f1fd82.jpg\" alt=\"\" width=\"158\" height=\"158\" \/>MI SENTIR<\/p>\n<p>Por Balbueno Medina<\/p>\n<p>El gobierno que encabeza el presidente Luis Abinader, est\u00e1 obligado a producir todas las reformas que en el orden econ\u00f3mico, pol\u00edtico y social necesita la Rep\u00fablica Dominicana, o por el contrario en lo que resta de su mandato se le har\u00e1 muy dif\u00edcil pasarlas con la oposici\u00f3n que le viene.<\/p>\n<p>Desde el a\u00f1o 2012, nuestro pa\u00eds se comprometi\u00f3 a llevar a cabo una serie de reformas que est\u00e1n contenidas en la Ley de Estrategia Nacional de Desarrollo (END), que el pasado gobierno no logr\u00f3 aplicar y por esa raz\u00f3n todas se les han acumulado a la presente gesti\u00f3n, la cual est\u00e1 compelida a impulsarlas para evitar el deterioro total de los par\u00e1metros macroecon\u00f3micos que han sustentado el pa\u00eds en los \u00faltimos a\u00f1os.<\/p>\n<p>La Ley 1-12, entre otras cosas no menos importantes, estableci\u00f3 la aprobaci\u00f3n de tres pactos fundamentales que debieron ser aprobadas por la administraci\u00f3n peledeista que encabez\u00f3 el presidente Danilo Medina, como son: los Pactos Educativos, El\u00e9ctrico y\u00a0\u00a0Fiscal, con los cuales se supon\u00eda luego de su aprobaci\u00f3n la Rep\u00fablica Dominicana continuar\u00eda sin ning\u00fan tipo de dificultades la ruta de su consolidaci\u00f3n econ\u00f3mica, pol\u00edtica y social, pero de esos acuerdos solo fueron cumplidos los primeros dos, ya que el surgimiento de la pandemia tambi\u00e9n frustro los intentos de concretizar el tercero.<\/p>\n<p>Sin embargo, el Pacto Fiscal, que ha sido el m\u00e1s controversial de los mandatos que nos dej\u00f3 la Estrategia Nacional de Desarrollo, representa hoy por hoy el tal\u00f3n de Aquiles para el despegue que necesita la sociedad dominicana para consolidar el grupo de reformas que consensuaron los partidos pol\u00edticos en la campa\u00f1a electoral del a\u00f1o 2012.<\/p>\n<p>Los diversos sectores de la sociedad dominicana reconocen la gravedad de la situaci\u00f3n econ\u00f3mica por la que atraviesa el pa\u00eds, pero tambi\u00e9n est\u00e1n conscientes de la necesidad que tiene el gobierno de recibir ingresos para continuar llevando a cabo los programas de desarrollo que necesita la naci\u00f3n, los cuales no pueden seguir siendo financiados con pr\u00e9stamos internacionales, debido al peso de la deuda externa que carga a cuestas el Estado dominicano.<\/p>\n<p>Ante ese reto, el gobierno se encuentra en una tremenda encrucijada que tendr\u00e1 que vencer tratando de salvar la estabilidad y transparencia del Estado Dominicano como se ha propuesto, y por esa raz\u00f3n tendr\u00e1 que buscar todas las alternativas posibles para concretizar la reforma fiscal pendiente y de esa manera seguir avanzando con las dem\u00e1s reformas institucionales y democr\u00e1ticas que necesita el pa\u00eds, como las del Poder Judicial y la Polic\u00eda Nacional.<\/p>\n<p>Sabemos que habr\u00e1 resistencias de sectores pol\u00edticos y empresariales que desde ya han comenzado a poner sus objeciones sobre todo a la Reforma Fiscal, pero esos sectores deben entender que el momento demanda sacrificios para gobernantes y gobernados y que el deterioro del pa\u00eds, no solo se llevar\u00e1 de paro al gobierno de turno, sino tambi\u00e9n que empeorar\u00e1 la vida de todos los dominicanos, mayormente de los m\u00e1s pobres.<\/p>\n<p>Las reformas al Sistema de Justicia y a la Polic\u00eda Nacional, tampoco se pueden detener y eso depende fundamentalmente tambi\u00e9n de los fundamentos de una Reforma Fiscal, que devuelva el poder recaudatorio al Estado Dominicano para poder llevar a cabo las transformaciones que necesitan esas instancias de poder gubernamental de la naci\u00f3n.<\/p>\n<p>Otra de las reformas que ans\u00eda la sociedad dominicana y que tampoco se debe soslayar es la atinente a la Ley Seguridad Social 87-01, cuyo estudio de modificaci\u00f3n reposa en manos de una Comisi\u00f3n Bicameral del Congreso Nacional y que el gobierno que encabeza el presidente Luis Abinader, se ha comprometido a impulsar porque las pasadas autoridades no tuvieron el inter\u00e9s y la voluntad pol\u00edtica de resolverle ese problema que mantiene intranquilos y sin esperanzas a millones de ciudadanos dominicanos que claman constantemente por una mejora sustancial de esa legislaci\u00f3n.<\/p>\n<p>El reto que tiene este gobierno, desde el punto de vista de lo que hemos se\u00f1alado en este art\u00edculo, es muy grande y esperamos que se arme de valor y coraje para que produzca los cambios que necesita el pa\u00eds, en cuanto a lo que ha venido reclamando de ellas en este momento, porque dudo que si no lo hace ahora pueda cumplir la promesa de pasarlas al llegar el segundo a\u00f1o\u00a0\u00a0de su mandato, debido a lo que conocemos de la idiosincrasia del pol\u00edtico opositor dominicano que cuando est\u00e1 en campa\u00f1a electoral act\u00faa como el caballo con Orejuela que solo mira para lante sin observar el horizonte a ambos lados.<\/p>\n<p>agendasemanal@hotmail.com<\/p>\n<p>&nbsp;<\/p>\n","protected":false},"excerpt":{"rendered":"<p>MI SENTIR Por Balbueno Medina El gobierno que encabeza el presidente Luis Abinader, est\u00e1 obligado a producir todas las reformas que en el orden econ\u00f3mico, pol\u00edtico y social necesita la Rep\u00fablica Dominicana, o por el contrario en lo que resta de su mandato se le har\u00e1 muy dif\u00edcil pasarlas con la oposici\u00f3n que le viene. Desde el a\u00f1o 2012, nuestro pa\u00eds se comprometi\u00f3 a llevar a cabo una serie de reformas que est\u00e1n contenidas en la Ley de Estrategia Nacional de Desarrollo (END), que el pasado gobierno no logr\u00f3 aplicar y por esa raz\u00f3n todas se les han acumulado a la presente gesti\u00f3n, la cual est\u00e1 compelida a impulsarlas para evitar el deterioro total de los par\u00e1metros macroecon\u00f3micos que han sustentado el pa\u00eds en los \u00faltimos a\u00f1os. La Ley 1-12, entre otras cosas no menos importantes, estableci\u00f3 la aprobaci\u00f3n de tres pactos fundamentales que debieron ser aprobadas por la administraci\u00f3n peledeista que encabez\u00f3 el presidente Danilo Medina, como son: los Pactos Educativos, El\u00e9ctrico y\u00a0\u00a0Fiscal, con los cuales se supon\u00eda luego de su aprobaci\u00f3n la Rep\u00fablica Dominicana continuar\u00eda sin ning\u00fan tipo de dificultades la ruta de su consolidaci\u00f3n econ\u00f3mica, pol\u00edtica y social, pero de esos acuerdos solo fueron cumplidos los primeros dos, ya que el surgimiento de la pandemia tambi\u00e9n frustro los intentos de concretizar el tercero. Sin embargo, el Pacto Fiscal, que ha sido el m\u00e1s controversial de los mandatos que nos dej\u00f3 la Estrategia Nacional de Desarrollo, representa hoy por hoy el tal\u00f3n de Aquiles para el despegue que necesita la sociedad dominicana para consolidar el grupo de reformas que consensuaron los partidos pol\u00edticos en la campa\u00f1a electoral del a\u00f1o 2012. Los diversos sectores de la sociedad dominicana reconocen la gravedad de la situaci\u00f3n econ\u00f3mica por la que atraviesa el pa\u00eds, pero tambi\u00e9n est\u00e1n conscientes de la necesidad que tiene el gobierno de recibir ingresos para continuar llevando a cabo los programas de desarrollo que necesita la naci\u00f3n, los cuales no pueden seguir siendo financiados con pr\u00e9stamos internacionales, debido al peso de la deuda externa que carga a cuestas el Estado dominicano. Ante ese reto, el gobierno se encuentra en una tremenda encrucijada que tendr\u00e1 que vencer tratando de salvar la estabilidad y transparencia del Estado Dominicano como se ha propuesto, y por esa raz\u00f3n tendr\u00e1 que buscar todas las alternativas posibles para concretizar la reforma fiscal pendiente y de esa manera seguir avanzando con las dem\u00e1s reformas institucionales y democr\u00e1ticas que necesita el pa\u00eds, como las del Poder Judicial y la Polic\u00eda Nacional. Sabemos que habr\u00e1 resistencias de sectores pol\u00edticos y empresariales que desde ya han comenzado a poner sus objeciones sobre todo a la Reforma Fiscal, pero esos sectores deben entender que el momento demanda sacrificios para gobernantes y gobernados y que el deterioro del pa\u00eds, no solo se llevar\u00e1 de paro al gobierno de turno, sino tambi\u00e9n que empeorar\u00e1 la vida de todos los dominicanos, mayormente de los m\u00e1s pobres. Las reformas al Sistema de Justicia y a la Polic\u00eda Nacional, tampoco se pueden detener y eso depende fundamentalmente tambi\u00e9n de los fundamentos de una Reforma Fiscal, que devuelva el poder recaudatorio al Estado Dominicano para poder llevar a cabo las transformaciones que necesitan esas instancias de poder gubernamental de la naci\u00f3n. Otra de las reformas que ans\u00eda la sociedad dominicana y que tampoco se debe soslayar es la atinente a la Ley Seguridad Social 87-01, cuyo estudio de modificaci\u00f3n reposa en manos de una Comisi\u00f3n Bicameral del Congreso Nacional y que el gobierno que encabeza el presidente Luis Abinader, se ha comprometido a impulsar porque las pasadas autoridades no tuvieron el inter\u00e9s y la voluntad pol\u00edtica de resolverle ese problema que mantiene intranquilos y sin esperanzas a millones de ciudadanos dominicanos que claman constantemente por una mejora sustancial de esa legislaci\u00f3n. El reto que tiene este gobierno, desde el punto de vista de lo que hemos se\u00f1alado en este art\u00edculo, es muy grande y esperamos que se arme de valor y coraje para que produzca los cambios que necesita el pa\u00eds, en cuanto a lo que ha venido reclamando de ellas en este momento, porque dudo que si no lo hace ahora pueda cumplir la promesa de pasarlas al llegar el segundo a\u00f1o\u00a0\u00a0de su mandato, debido a lo que conocemos de la idiosincrasia del pol\u00edtico opositor dominicano que cuando est\u00e1 en campa\u00f1a electoral act\u00faa como el caballo con Orejuela que solo mira para lante sin observar el horizonte a ambos lados. agendasemanal@hotmail.com &nbsp;<\/p>\n","protected":false},"author":3,"featured_media":0,"comment_status":"open","ping_status":"open","sticky":false,"template":"","format":"standard","meta":{"om_disable_all_campaigns":false,"footnotes":""},"categories":[56,52],"tags":[],"class_list":["post-121115","post","type-post","status-publish","format-standard","hentry","category-economia","category-opinion"],"_links":{"self":[{"href":"https:\/\/conexiondigital.com.do\/index.php\/wp-json\/wp\/v2\/posts\/121115","targetHints":{"allow":["GET"]}}],"collection":[{"href":"https:\/\/conexiondigital.com.do\/index.php\/wp-json\/wp\/v2\/posts"}],"about":[{"href":"https:\/\/conexiondigital.com.do\/index.php\/wp-json\/wp\/v2\/types\/post"}],"author":[{"embeddable":true,"href":"https:\/\/conexiondigital.com.do\/index.php\/wp-json\/wp\/v2\/users\/3"}],"replies":[{"embeddable":true,"href":"https:\/\/conexiondigital.com.do\/index.php\/wp-json\/wp\/v2\/comments?post=121115"}],"version-history":[{"count":1,"href":"https:\/\/conexiondigital.com.do\/index.php\/wp-json\/wp\/v2\/posts\/121115\/revisions"}],"predecessor-version":[{"id":121117,"href":"https:\/\/conexiondigital.com.do\/index.php\/wp-json\/wp\/v2\/posts\/121115\/revisions\/121117"}],"wp:attachment":[{"href":"https:\/\/conexiondigital.com.do\/index.php\/wp-json\/wp\/v2\/media?parent=121115"}],"wp:term":[{"taxonomy":"category","embeddable":true,"href":"https:\/\/conexiondigital.com.do\/index.php\/wp-json\/wp\/v2\/categories?post=121115"},{"taxonomy":"post_tag","embeddable":true,"href":"https:\/\/conexiondigital.com.do\/index.php\/wp-json\/wp\/v2\/tags?post=121115"}],"curies":[{"name":"wp","href":"https:\/\/api.w.org\/{rel}","templated":true}]}}