{"id":121254,"date":"2021-11-05T09:34:31","date_gmt":"2021-11-05T13:34:31","guid":{"rendered":"http:\/\/conexiondigital.com.do\/?p=121254"},"modified":"2021-11-05T09:34:31","modified_gmt":"2021-11-05T13:34:31","slug":"fuerza-del-pueblo-comparte-preocupacion-del-gobierno-sobre-caos-en-haiti","status":"publish","type":"post","link":"https:\/\/conexiondigital.com.do\/index.php\/2021\/11\/05\/fuerza-del-pueblo-comparte-preocupacion-del-gobierno-sobre-caos-en-haiti\/","title":{"rendered":"Fuerza del Pueblo comparte preocupaci\u00f3n del gobierno sobre caos en Hait\u00ed"},"content":{"rendered":"<p><img loading=\"lazy\" decoding=\"async\" class=\"size-full wp-image-121255 aligncenter\" src=\"https:\/\/images.conexiondigital.com.do\/wp-content\/uploads\/wp-content\/uploads\/2021\/11\/thumbnail_WhatsApp-Image-2021-11-04-at-6.37.39-PM.jpg\" alt=\"\" width=\"693\" height=\"370\" \/>Santo Domingo.- El miembro de la Direcci\u00f3n Pol\u00edtica de la Fuerza del Pueblo, Rafael Alburquerque, inform\u00f3 que esa organizaci\u00f3n comparte la preocupaci\u00f3n del gobierno sobre el caos que se vive en el vecino pa\u00eds, Hait\u00ed.<\/p>\n<p>\u00abEn la reuni\u00f3n de la Fuerza del Pueblo con el presidente Luis Abinader y dem\u00e1s partidos, como coordinador de la comisi\u00f3n de FP, expres\u00e9 compartir la preocupaci\u00f3n del gobierno sobre el caos\u00a0que se vive en Hait\u00ed\u00bb, dijo Alburquerque en un tweet.<\/p>\n<p>El exvicepresidente de la Rep\u00fablica Dominicana, inform\u00f3 adem\u00e1s que, \u00abLas medidas a adoptar para garantizar la seguridad de nuestro pa\u00eds, ser\u00e1n llevadas a la Direcci\u00f3n Pol\u00edtica de FP, para posteriormente fijar posici\u00f3n sobre el tema\u00bb.La comisi\u00f3n que represent\u00f3 a la FP en la reuni\u00f3n convocada por el gobierno para tratar la situaci\u00f3n de Hait\u00ed, estuvo integrada adem\u00e1s de Alburquerque, por Radham\u00e9s Jim\u00e9nez, coordinador pol\u00edtico de FP, Manojo Pichardo, secretario de asuntos internacionales, e Inocencio Garc\u00eda, secretario de asuntos haitianos.<\/p>\n","protected":false},"excerpt":{"rendered":"<p>Santo Domingo.- El miembro de la Direcci\u00f3n Pol\u00edtica de la Fuerza del Pueblo, Rafael Alburquerque, inform\u00f3 que esa organizaci\u00f3n comparte la preocupaci\u00f3n del gobierno sobre el caos que se vive en el vecino pa\u00eds, Hait\u00ed. \u00abEn la reuni\u00f3n de la Fuerza del Pueblo con el presidente Luis Abinader y dem\u00e1s partidos, como coordinador de la comisi\u00f3n de FP, expres\u00e9 compartir la preocupaci\u00f3n del gobierno sobre el caos\u00a0que se vive en Hait\u00ed\u00bb, dijo Alburquerque en un tweet. El exvicepresidente de la Rep\u00fablica Dominicana, inform\u00f3 adem\u00e1s que, \u00abLas medidas a adoptar para garantizar la seguridad de nuestro pa\u00eds, ser\u00e1n llevadas a la Direcci\u00f3n Pol\u00edtica de FP, para posteriormente fijar posici\u00f3n sobre el tema\u00bb.La comisi\u00f3n que represent\u00f3 a la FP en la reuni\u00f3n convocada por el gobierno para tratar la situaci\u00f3n de Hait\u00ed, estuvo integrada adem\u00e1s de Alburquerque, por Radham\u00e9s Jim\u00e9nez, coordinador pol\u00edtico de FP, Manojo Pichardo, secretario de asuntos internacionales, e Inocencio Garc\u00eda, secretario de asuntos haitianos.<\/p>\n","protected":false},"author":3,"featured_media":0,"comment_status":"open","ping_status":"open","sticky":false,"template":"","format":"standard","meta":{"om_disable_all_campaigns":false,"footnotes":""},"categories":[12],"tags":[],"class_list":["post-121254","post","type-post","status-publish","format-standard","hentry","category-politic"],"_links":{"self":[{"href":"https:\/\/conexiondigital.com.do\/index.php\/wp-json\/wp\/v2\/posts\/121254","targetHints":{"allow":["GET"]}}],"collection":[{"href":"https:\/\/conexiondigital.com.do\/index.php\/wp-json\/wp\/v2\/posts"}],"about":[{"href":"https:\/\/conexiondigital.com.do\/index.php\/wp-json\/wp\/v2\/types\/post"}],"author":[{"embeddable":true,"href":"https:\/\/conexiondigital.com.do\/index.php\/wp-json\/wp\/v2\/users\/3"}],"replies":[{"embeddable":true,"href":"https:\/\/conexiondigital.com.do\/index.php\/wp-json\/wp\/v2\/comments?post=121254"}],"version-history":[{"count":1,"href":"https:\/\/conexiondigital.com.do\/index.php\/wp-json\/wp\/v2\/posts\/121254\/revisions"}],"predecessor-version":[{"id":121256,"href":"https:\/\/conexiondigital.com.do\/index.php\/wp-json\/wp\/v2\/posts\/121254\/revisions\/121256"}],"wp:attachment":[{"href":"https:\/\/conexiondigital.com.do\/index.php\/wp-json\/wp\/v2\/media?parent=121254"}],"wp:term":[{"taxonomy":"category","embeddable":true,"href":"https:\/\/conexiondigital.com.do\/index.php\/wp-json\/wp\/v2\/categories?post=121254"},{"taxonomy":"post_tag","embeddable":true,"href":"https:\/\/conexiondigital.com.do\/index.php\/wp-json\/wp\/v2\/tags?post=121254"}],"curies":[{"name":"wp","href":"https:\/\/api.w.org\/{rel}","templated":true}]}}