{"id":121732,"date":"2021-12-04T07:20:08","date_gmt":"2021-12-04T11:20:08","guid":{"rendered":"http:\/\/conexiondigital.com.do\/?p=121732"},"modified":"2021-12-04T07:20:08","modified_gmt":"2021-12-04T11:20:08","slug":"abel-martinez-conquista-el-corazon-de-peledeistas-en-la-caleta-y-boca-chica","status":"publish","type":"post","link":"https:\/\/conexiondigital.com.do\/index.php\/2021\/12\/04\/abel-martinez-conquista-el-corazon-de-peledeistas-en-la-caleta-y-boca-chica\/","title":{"rendered":"Abel Mart\u00ednez conquista el coraz\u00f3n de pelede\u00edstas en La Caleta y Boca Chica"},"content":{"rendered":"<p><strong><img loading=\"lazy\" decoding=\"async\" class=\"size-medium wp-image-121733 aligncenter\" src=\"https:\/\/images.conexiondigital.com.do\/wp-content\/uploads\/wp-content\/uploads\/2021\/12\/01-ABEL-MARTINEZ-JURAMENTA-EQUIPO-TRABAJO-LA-CALETA-800x492.jpg\" alt=\"\" width=\"800\" height=\"492\" \/>Se suma a trabajar por su candidatura Soterio Ram\u00edrez, reconocido exbaloncetista electo al Pabell\u00f3n de la Fama, miembro del Comit\u00e9 Central y secretario de Deportes del PLD, quien recorrer\u00e1 el pa\u00eds para consolidar el movimiento \u201cDeportistas Con Abel\u201d.<\/strong><\/p>\n<p>La Caleta.- El aspirante a la nominaci\u00f3n presidencial Abel Mart\u00ednez conquist\u00f3 el coraz\u00f3n de la dirigencia del Partido de la Liberaci\u00f3n Dominicana (PLD) junto a cientos de j\u00f3venes y mujeres que pasaron a formar parte de su proyecto presidencial en La Caleta y Boca Chica de Santo Domingo Este.<\/p>\n<p>Durante los encuentros quedaron juramentados los equipos de coordinaci\u00f3n de trabajo en La Caleta y varios movimientos de apoyo conformado por j\u00f3venes y mujeres que ven en Mart\u00ednez la verdadera opci\u00f3n de transformaci\u00f3n para el retorno a la estabilidad del pa\u00eds, asegurando as\u00ed la tranquilidad y seguridad de las familias dominicanas.<\/p>\n<p>\u201cLes invitamos a que sigan integrando a todo el dominicano que entienda que nuestro pa\u00eds debe retomar el sendero de la dominicanidad, la estabilidad, y el bienestar que se ha perdido en manos de las actuales autoridades que dirigen el pa\u00eds.\u00a0Querer gobernar no es saber gobernar y entenderlo le ha costado mucho a nuestro pueblo,\u00a0ese pueblo que desde ya les dice a los inquilinos del Palacio, que basta de improvisaciones, de falsas promesas, del golpeo sistem\u00e1tico a la clase pobre, de indiferencia e indolencia. Un pueblo que le dio la oportunidad y que ellos han traicionado con un cambio que ha convertido al pobre en m\u00e1s pobre y mantiene a la clase media en zozobra porque solo gobiernan en beneficio de grupos elitistas de la sociedad.\u201d<\/p>\n<p>En este recorrido se sum\u00f3 en apoyo el exbaloncetista Soterio Ram\u00edrez, exaltado al pabell\u00f3n de la fama, miembro del CC y secretario de Deportes del PLD, quien afirma que \u201cAbel ha demostrado que es un gerente con sensibilidad social y la Rep\u00fablica Dominicana post pandemia necesita un hombre con experiencia de Estado. Tiene todas las condiciones para ser el pr\u00f3ximo presidente de la Rep\u00fablica\u201d ya que, a su juicio, tiene la capacidad y el carisma para dirigir el destino del pa\u00eds por lo que asegur\u00f3 que \u201cno podemos quedarnos de brazos cruzados viendo c\u00f3mo se va hundiendo nuestro pa\u00eds en este momento\u201d.<\/p>\n<p>Abel estuvo acompa\u00f1ado por miembros del Comit\u00e9 Pol\u00edtico, Comit\u00e9 Central, alcaldes, exalcaldes, regidores, as\u00ed como de l\u00edderes comunitarios y representantes de diversos sectores de la sociedad.<\/p>\n","protected":false},"excerpt":{"rendered":"<p>Se suma a trabajar por su candidatura Soterio Ram\u00edrez, reconocido exbaloncetista electo al Pabell\u00f3n de la Fama, miembro del Comit\u00e9 Central y secretario de Deportes del PLD, quien recorrer\u00e1 el pa\u00eds para consolidar el movimiento \u201cDeportistas Con Abel\u201d. La Caleta.- El aspirante a la nominaci\u00f3n presidencial Abel Mart\u00ednez conquist\u00f3 el coraz\u00f3n de la dirigencia del Partido de la Liberaci\u00f3n Dominicana (PLD) junto a cientos de j\u00f3venes y mujeres que pasaron a formar parte de su proyecto presidencial en La Caleta y Boca Chica de Santo Domingo Este. Durante los encuentros quedaron juramentados los equipos de coordinaci\u00f3n de trabajo en La Caleta y varios movimientos de apoyo conformado por j\u00f3venes y mujeres que ven en Mart\u00ednez la verdadera opci\u00f3n de transformaci\u00f3n para el retorno a la estabilidad del pa\u00eds, asegurando as\u00ed la tranquilidad y seguridad de las familias dominicanas. \u201cLes invitamos a que sigan integrando a todo el dominicano que entienda que nuestro pa\u00eds debe retomar el sendero de la dominicanidad, la estabilidad, y el bienestar que se ha perdido en manos de las actuales autoridades que dirigen el pa\u00eds.\u00a0Querer gobernar no es saber gobernar y entenderlo le ha costado mucho a nuestro pueblo,\u00a0ese pueblo que desde ya les dice a los inquilinos del Palacio, que basta de improvisaciones, de falsas promesas, del golpeo sistem\u00e1tico a la clase pobre, de indiferencia e indolencia. Un pueblo que le dio la oportunidad y que ellos han traicionado con un cambio que ha convertido al pobre en m\u00e1s pobre y mantiene a la clase media en zozobra porque solo gobiernan en beneficio de grupos elitistas de la sociedad.\u201d En este recorrido se sum\u00f3 en apoyo el exbaloncetista Soterio Ram\u00edrez, exaltado al pabell\u00f3n de la fama, miembro del CC y secretario de Deportes del PLD, quien afirma que \u201cAbel ha demostrado que es un gerente con sensibilidad social y la Rep\u00fablica Dominicana post pandemia necesita un hombre con experiencia de Estado. Tiene todas las condiciones para ser el pr\u00f3ximo presidente de la Rep\u00fablica\u201d ya que, a su juicio, tiene la capacidad y el carisma para dirigir el destino del pa\u00eds por lo que asegur\u00f3 que \u201cno podemos quedarnos de brazos cruzados viendo c\u00f3mo se va hundiendo nuestro pa\u00eds en este momento\u201d. Abel estuvo acompa\u00f1ado por miembros del Comit\u00e9 Pol\u00edtico, Comit\u00e9 Central, alcaldes, exalcaldes, regidores, as\u00ed como de l\u00edderes comunitarios y representantes de diversos sectores de la sociedad.<\/p>\n","protected":false},"author":6,"featured_media":0,"comment_status":"open","ping_status":"open","sticky":false,"template":"","format":"standard","meta":{"om_disable_all_campaigns":false,"footnotes":""},"categories":[12],"tags":[],"class_list":["post-121732","post","type-post","status-publish","format-standard","hentry","category-politic"],"_links":{"self":[{"href":"https:\/\/conexiondigital.com.do\/index.php\/wp-json\/wp\/v2\/posts\/121732","targetHints":{"allow":["GET"]}}],"collection":[{"href":"https:\/\/conexiondigital.com.do\/index.php\/wp-json\/wp\/v2\/posts"}],"about":[{"href":"https:\/\/conexiondigital.com.do\/index.php\/wp-json\/wp\/v2\/types\/post"}],"author":[{"embeddable":true,"href":"https:\/\/conexiondigital.com.do\/index.php\/wp-json\/wp\/v2\/users\/6"}],"replies":[{"embeddable":true,"href":"https:\/\/conexiondigital.com.do\/index.php\/wp-json\/wp\/v2\/comments?post=121732"}],"version-history":[{"count":1,"href":"https:\/\/conexiondigital.com.do\/index.php\/wp-json\/wp\/v2\/posts\/121732\/revisions"}],"predecessor-version":[{"id":121734,"href":"https:\/\/conexiondigital.com.do\/index.php\/wp-json\/wp\/v2\/posts\/121732\/revisions\/121734"}],"wp:attachment":[{"href":"https:\/\/conexiondigital.com.do\/index.php\/wp-json\/wp\/v2\/media?parent=121732"}],"wp:term":[{"taxonomy":"category","embeddable":true,"href":"https:\/\/conexiondigital.com.do\/index.php\/wp-json\/wp\/v2\/categories?post=121732"},{"taxonomy":"post_tag","embeddable":true,"href":"https:\/\/conexiondigital.com.do\/index.php\/wp-json\/wp\/v2\/tags?post=121732"}],"curies":[{"name":"wp","href":"https:\/\/api.w.org\/{rel}","templated":true}]}}