{"id":121766,"date":"2021-12-05T17:51:06","date_gmt":"2021-12-05T21:51:06","guid":{"rendered":"http:\/\/conexiondigital.com.do\/?p=121766"},"modified":"2021-12-05T17:51:06","modified_gmt":"2021-12-05T21:51:06","slug":"julio-cesar-valentin-francisco-dominguez-brito-representa-la-honestidad-decencia-y-la-esperanza-del-pld","status":"publish","type":"post","link":"https:\/\/conexiondigital.com.do\/index.php\/2021\/12\/05\/julio-cesar-valentin-francisco-dominguez-brito-representa-la-honestidad-decencia-y-la-esperanza-del-pld\/","title":{"rendered":"Julio C\u00e9sar Valent\u00edn: \u201cFrancisco Dom\u00ednguez Brito representa la honestidad, decencia y la esperanza del PLD\u201d"},"content":{"rendered":"<p><img loading=\"lazy\" decoding=\"async\" class=\"size-medium wp-image-121767 aligncenter\" src=\"https:\/\/images.conexiondigital.com.do\/wp-content\/uploads\/wp-content\/uploads\/2021\/12\/WhatsApp-Image-2021-12-03-at-9.50.21-PM-800x516.jpg\" alt=\"\" width=\"800\" height=\"516\" \/>SANTIAGO. \u2013\u00a0En un concurrido acto este viernes en la ciudad de Santiago, el miembro del comit\u00e9 pol\u00edtico del Partido de la Liberaci\u00f3n Dominicana (PLD), Julio C\u00e9sar Valent\u00edn, ofreci\u00f3 su apoyo al proyecto presidencial de su compa\u00f1ero Francisco Dom\u00ednguez Brito.<\/p>\n<p>Dijo estar convencido, que de quienes compiten en estos momentos, Francisco Dom\u00ednguez Brito, es quien m\u00e1s se aproxima a los ideales y valores del l\u00edder que lo sedujo a la actividad pol\u00edtica, el profesor Juan Bosch.<\/p>\n<p>\u201cVoy apoyar a esta persona, y hay que reconocerlo, por su honestidad, porque es alguien decente, solidario, humano, sensible y sencillo. Respaldo porque estoy convencido, convicto y confeso, que es del bando que refer\u00eda Jos\u00e9 Mart\u00ed, que aman, fundan y construyen\u201d, sostuvo Valent\u00edn.<\/p>\n<p>Manifest\u00f3, que, si el PLD deposita la confianza en los hombros de Francisco Dom\u00ednguez Brito, esa organizaci\u00f3n tendr\u00e1 la oportunidad de corregir, avanzar, recuperar, construir\u00e1, amar\u00e1 y har\u00e1 crecer la esperanza de que es posible estar en la pol\u00edtica, hacerlo con decencia y con ganas de servir, incluir y no destruir.<\/p>\n<p>De su lado, Francisco Dom\u00ednguez Brito, agradeci\u00f3 el apoyo de quien denomin\u00f3 su amigo y hermano, en este camino que, a su juicio, deber\u00e1 llevarlos a subir juntos las escaleras del palacio presidencial.<\/p>\n<p>\u201cNos llena de orgullo contar con su apoyo y con su liderazgo, no solo en Santiago, sino en todo el pa\u00eds. Cada d\u00eda m\u00e1s este proyecto presidencial se fortalece con figuras de primer nivel, de talento, de preparaci\u00f3n y, sobre todo, de altos est\u00e1ndares morales y pol\u00edticos\u201d, expres\u00f3.<\/p>\n<p>Al detallar las principales calamidades por las que atraviesan las familias dominicanas en lo que va de gesti\u00f3n de este Gobierno, indic\u00f3, que el pueblo dominicano tiene que volver a ser la prioridad n\u00famero uno de la agenda\u00a0\u201custedes tienen que ser los primeros, y eso Julio C\u00e9sar Valent\u00edn lo sabe, lo defiende y lo har\u00e1 saber al pa\u00eds entero\u201d.<\/p>\n<p>Junto al secretario de asuntos internacionales del PLD, pasaron a respaldar las aspiraciones de Francisco Dom\u00ednguez Brito: Los diputados Benedicto Hern\u00e1ndez y Juan Manuel Ventura; Hilario Fern\u00e1ndez, alcalde de J\u00e1nico; los presidentes municipales, Nelson Rodr\u00edguez, Salvador S\u00e1nchez, Agust\u00edn B\u00e1ez; los regidores Domingo Vargas, Pedro Dur\u00e1n y Yahaira Trinidad; El\u00edas P\u00e9rez, empresario; los dirigentes Jorge Moronta y C\u00e9sar Ramos.<\/p>\n<p>As\u00ed como tambi\u00e9n, el director municipal de El Caimito, Remy Peralta; los miembros del comit\u00e9 central del PLD, C\u00e9sar Moya, Francisco Matos, Lidia Pe\u00f1a, Roberto Espinal y Salvador P\u00e9rez; los ex directores municipales, Papo Jorge, Rafael Payamps, Manuel Castillo, William Ventura, Marino Luciano y Samuel Pe\u00f1a; el ex alcalde Leo Abreu; los ex regidores, Mayra Rodr\u00edguez, H\u00e9ctor Mart\u00ednez y Mochy D\u00edaz; Jos\u00e9 Alejandro Parra, presidente de intermedio; Dr. Eliel Rosario, vicepresidente nacional del Colegio M\u00e9dico Dominicano, entre cientos de dirigentes, amigos y colaboradores del ex senador por Santiago.<\/p>\n","protected":false},"excerpt":{"rendered":"<p>SANTIAGO. \u2013\u00a0En un concurrido acto este viernes en la ciudad de Santiago, el miembro del comit\u00e9 pol\u00edtico del Partido de la Liberaci\u00f3n Dominicana (PLD), Julio C\u00e9sar Valent\u00edn, ofreci\u00f3 su apoyo al proyecto presidencial de su compa\u00f1ero Francisco Dom\u00ednguez Brito. Dijo estar convencido, que de quienes compiten en estos momentos, Francisco Dom\u00ednguez Brito, es quien m\u00e1s se aproxima a los ideales y valores del l\u00edder que lo sedujo a la actividad pol\u00edtica, el profesor Juan Bosch. \u201cVoy apoyar a esta persona, y hay que reconocerlo, por su honestidad, porque es alguien decente, solidario, humano, sensible y sencillo. Respaldo porque estoy convencido, convicto y confeso, que es del bando que refer\u00eda Jos\u00e9 Mart\u00ed, que aman, fundan y construyen\u201d, sostuvo Valent\u00edn. Manifest\u00f3, que, si el PLD deposita la confianza en los hombros de Francisco Dom\u00ednguez Brito, esa organizaci\u00f3n tendr\u00e1 la oportunidad de corregir, avanzar, recuperar, construir\u00e1, amar\u00e1 y har\u00e1 crecer la esperanza de que es posible estar en la pol\u00edtica, hacerlo con decencia y con ganas de servir, incluir y no destruir. De su lado, Francisco Dom\u00ednguez Brito, agradeci\u00f3 el apoyo de quien denomin\u00f3 su amigo y hermano, en este camino que, a su juicio, deber\u00e1 llevarlos a subir juntos las escaleras del palacio presidencial. \u201cNos llena de orgullo contar con su apoyo y con su liderazgo, no solo en Santiago, sino en todo el pa\u00eds. Cada d\u00eda m\u00e1s este proyecto presidencial se fortalece con figuras de primer nivel, de talento, de preparaci\u00f3n y, sobre todo, de altos est\u00e1ndares morales y pol\u00edticos\u201d, expres\u00f3. Al detallar las principales calamidades por las que atraviesan las familias dominicanas en lo que va de gesti\u00f3n de este Gobierno, indic\u00f3, que el pueblo dominicano tiene que volver a ser la prioridad n\u00famero uno de la agenda\u00a0\u201custedes tienen que ser los primeros, y eso Julio C\u00e9sar Valent\u00edn lo sabe, lo defiende y lo har\u00e1 saber al pa\u00eds entero\u201d. Junto al secretario de asuntos internacionales del PLD, pasaron a respaldar las aspiraciones de Francisco Dom\u00ednguez Brito: Los diputados Benedicto Hern\u00e1ndez y Juan Manuel Ventura; Hilario Fern\u00e1ndez, alcalde de J\u00e1nico; los presidentes municipales, Nelson Rodr\u00edguez, Salvador S\u00e1nchez, Agust\u00edn B\u00e1ez; los regidores Domingo Vargas, Pedro Dur\u00e1n y Yahaira Trinidad; El\u00edas P\u00e9rez, empresario; los dirigentes Jorge Moronta y C\u00e9sar Ramos. As\u00ed como tambi\u00e9n, el director municipal de El Caimito, Remy Peralta; los miembros del comit\u00e9 central del PLD, C\u00e9sar Moya, Francisco Matos, Lidia Pe\u00f1a, Roberto Espinal y Salvador P\u00e9rez; los ex directores municipales, Papo Jorge, Rafael Payamps, Manuel Castillo, William Ventura, Marino Luciano y Samuel Pe\u00f1a; el ex alcalde Leo Abreu; los ex regidores, Mayra Rodr\u00edguez, H\u00e9ctor Mart\u00ednez y Mochy D\u00edaz; Jos\u00e9 Alejandro Parra, presidente de intermedio; Dr. Eliel Rosario, vicepresidente nacional del Colegio M\u00e9dico Dominicano, entre cientos de dirigentes, amigos y colaboradores del ex senador por Santiago.<\/p>\n","protected":false},"author":6,"featured_media":0,"comment_status":"open","ping_status":"open","sticky":false,"template":"","format":"standard","meta":{"om_disable_all_campaigns":false,"footnotes":""},"categories":[12],"tags":[],"class_list":["post-121766","post","type-post","status-publish","format-standard","hentry","category-politic"],"_links":{"self":[{"href":"https:\/\/conexiondigital.com.do\/index.php\/wp-json\/wp\/v2\/posts\/121766","targetHints":{"allow":["GET"]}}],"collection":[{"href":"https:\/\/conexiondigital.com.do\/index.php\/wp-json\/wp\/v2\/posts"}],"about":[{"href":"https:\/\/conexiondigital.com.do\/index.php\/wp-json\/wp\/v2\/types\/post"}],"author":[{"embeddable":true,"href":"https:\/\/conexiondigital.com.do\/index.php\/wp-json\/wp\/v2\/users\/6"}],"replies":[{"embeddable":true,"href":"https:\/\/conexiondigital.com.do\/index.php\/wp-json\/wp\/v2\/comments?post=121766"}],"version-history":[{"count":1,"href":"https:\/\/conexiondigital.com.do\/index.php\/wp-json\/wp\/v2\/posts\/121766\/revisions"}],"predecessor-version":[{"id":121768,"href":"https:\/\/conexiondigital.com.do\/index.php\/wp-json\/wp\/v2\/posts\/121766\/revisions\/121768"}],"wp:attachment":[{"href":"https:\/\/conexiondigital.com.do\/index.php\/wp-json\/wp\/v2\/media?parent=121766"}],"wp:term":[{"taxonomy":"category","embeddable":true,"href":"https:\/\/conexiondigital.com.do\/index.php\/wp-json\/wp\/v2\/categories?post=121766"},{"taxonomy":"post_tag","embeddable":true,"href":"https:\/\/conexiondigital.com.do\/index.php\/wp-json\/wp\/v2\/tags?post=121766"}],"curies":[{"name":"wp","href":"https:\/\/api.w.org\/{rel}","templated":true}]}}