{"id":122282,"date":"2022-01-23T08:51:38","date_gmt":"2022-01-23T12:51:38","guid":{"rendered":"http:\/\/conexiondigital.com.do\/?p=122282"},"modified":"2022-01-23T08:51:38","modified_gmt":"2022-01-23T12:51:38","slug":"abel-martinez-expresa-pesar-por-la-muerte-de-monsenor-agripino-nunez-collado","status":"publish","type":"post","link":"https:\/\/conexiondigital.com.do\/index.php\/2022\/01\/23\/abel-martinez-expresa-pesar-por-la-muerte-de-monsenor-agripino-nunez-collado\/","title":{"rendered":"Abel Mart\u00ednez expresa pesar por la muerte de monse\u00f1or Agripino N\u00fa\u00f1ez Collado"},"content":{"rendered":"<p><strong><img loading=\"lazy\" decoding=\"async\" class=\"size-full wp-image-122283 aligncenter\" src=\"https:\/\/images.conexiondigital.com.do\/wp-content\/uploads\/wp-content\/uploads\/2022\/01\/thumbnail_483825cc-4522-4dc9-ba19-2326f33b860c.jpg\" alt=\"\" width=\"680\" height=\"444\" \/>Declara tres d\u00edas de duelo municipal desde este domingo<\/strong><\/p>\n<p>Santiago. &#8211;\u00a0El alcalde Abel Mart\u00ednez, expres\u00f3 profundo pesar por el fallecimiento de monse\u00f1or Agripino Nu\u00f1ez Collado, asegurando que la muerte del religioso representa una p\u00e9rdida muy sensible para todo el pa\u00eds.<\/p>\n<p>Mart\u00ednez destac\u00f3 los grandes aportes de monse\u00f1or N\u00fa\u00f1ez Collado en el desarrollo y progreso de la Rep\u00fablica Dominicana, destac\u00e1ndose como Rector Magn\u00edfico de la Pontificia Universidad Cat\u00f3lica Madre y Maestra y en su rol de mediador por excelencia en los momentos m\u00e1s cr\u00edticos vividos por los sectores pol\u00edticos y econ\u00f3micos de nuestro pa\u00eds en las \u00faltimas d\u00e9cadas.<\/p>\n<p>El alcalde Abel Mart\u00ednez, en nombre del pueblo de Santiago, donde N\u00fa\u00f1ez Collado, vivi\u00f3 hasta la hora de su muerte, dijo lamentar su deceso y ha declarado tres d\u00edas de duelo municipal ante la p\u00e9rdida de tan distinguido ciudadano, a quien consider\u00f3 un soporte para la democracia dominicana.<\/p>\n<p>El duelo municipal fue emitido mediante una Disposici\u00f3n Administrativa dada por el alcalde Mart\u00ednez\u00a0\u00a0\u00a0y estar\u00e1 vigente desde este domingo 23 al mi\u00e9rcoles 25 de enero.<\/p>\n<p>Monse\u00f1or Agripino Antonio N\u00fa\u00f1ez Collado naci\u00f3 el 9 de noviembre de 1933, en La Galeta, municipio Sabana Iglesia y su deceso se produjo a los 88 a\u00f1os de edad, luego de estar aquejado de complicaciones de salud. El representante de la iglesia cat\u00f3lica, se destac\u00f3 en la vida social y pol\u00edtica del pa\u00eds por ser mediador en los principales conflictos sociales y pol\u00edticos vividos desde los gobiernos de Joaqu\u00edn Balaguer.<\/p>\n","protected":false},"excerpt":{"rendered":"<p>Declara tres d\u00edas de duelo municipal desde este domingo Santiago. &#8211;\u00a0El alcalde Abel Mart\u00ednez, expres\u00f3 profundo pesar por el fallecimiento de monse\u00f1or Agripino Nu\u00f1ez Collado, asegurando que la muerte del religioso representa una p\u00e9rdida muy sensible para todo el pa\u00eds. Mart\u00ednez destac\u00f3 los grandes aportes de monse\u00f1or N\u00fa\u00f1ez Collado en el desarrollo y progreso de la Rep\u00fablica Dominicana, destac\u00e1ndose como Rector Magn\u00edfico de la Pontificia Universidad Cat\u00f3lica Madre y Maestra y en su rol de mediador por excelencia en los momentos m\u00e1s cr\u00edticos vividos por los sectores pol\u00edticos y econ\u00f3micos de nuestro pa\u00eds en las \u00faltimas d\u00e9cadas. El alcalde Abel Mart\u00ednez, en nombre del pueblo de Santiago, donde N\u00fa\u00f1ez Collado, vivi\u00f3 hasta la hora de su muerte, dijo lamentar su deceso y ha declarado tres d\u00edas de duelo municipal ante la p\u00e9rdida de tan distinguido ciudadano, a quien consider\u00f3 un soporte para la democracia dominicana. El duelo municipal fue emitido mediante una Disposici\u00f3n Administrativa dada por el alcalde Mart\u00ednez\u00a0\u00a0\u00a0y estar\u00e1 vigente desde este domingo 23 al mi\u00e9rcoles 25 de enero. Monse\u00f1or Agripino Antonio N\u00fa\u00f1ez Collado naci\u00f3 el 9 de noviembre de 1933, en La Galeta, municipio Sabana Iglesia y su deceso se produjo a los 88 a\u00f1os de edad, luego de estar aquejado de complicaciones de salud. El representante de la iglesia cat\u00f3lica, se destac\u00f3 en la vida social y pol\u00edtica del pa\u00eds por ser mediador en los principales conflictos sociales y pol\u00edticos vividos desde los gobiernos de Joaqu\u00edn Balaguer.<\/p>\n","protected":false},"author":6,"featured_media":0,"comment_status":"open","ping_status":"open","sticky":false,"template":"","format":"standard","meta":{"om_disable_all_campaigns":false,"footnotes":""},"categories":[12],"tags":[],"class_list":["post-122282","post","type-post","status-publish","format-standard","hentry","category-politic"],"_links":{"self":[{"href":"https:\/\/conexiondigital.com.do\/index.php\/wp-json\/wp\/v2\/posts\/122282","targetHints":{"allow":["GET"]}}],"collection":[{"href":"https:\/\/conexiondigital.com.do\/index.php\/wp-json\/wp\/v2\/posts"}],"about":[{"href":"https:\/\/conexiondigital.com.do\/index.php\/wp-json\/wp\/v2\/types\/post"}],"author":[{"embeddable":true,"href":"https:\/\/conexiondigital.com.do\/index.php\/wp-json\/wp\/v2\/users\/6"}],"replies":[{"embeddable":true,"href":"https:\/\/conexiondigital.com.do\/index.php\/wp-json\/wp\/v2\/comments?post=122282"}],"version-history":[{"count":1,"href":"https:\/\/conexiondigital.com.do\/index.php\/wp-json\/wp\/v2\/posts\/122282\/revisions"}],"predecessor-version":[{"id":122284,"href":"https:\/\/conexiondigital.com.do\/index.php\/wp-json\/wp\/v2\/posts\/122282\/revisions\/122284"}],"wp:attachment":[{"href":"https:\/\/conexiondigital.com.do\/index.php\/wp-json\/wp\/v2\/media?parent=122282"}],"wp:term":[{"taxonomy":"category","embeddable":true,"href":"https:\/\/conexiondigital.com.do\/index.php\/wp-json\/wp\/v2\/categories?post=122282"},{"taxonomy":"post_tag","embeddable":true,"href":"https:\/\/conexiondigital.com.do\/index.php\/wp-json\/wp\/v2\/tags?post=122282"}],"curies":[{"name":"wp","href":"https:\/\/api.w.org\/{rel}","templated":true}]}}