{"id":122394,"date":"2022-02-03T22:31:12","date_gmt":"2022-02-04T02:31:12","guid":{"rendered":"http:\/\/conexiondigital.com.do\/?p=122394"},"modified":"2022-02-03T22:31:12","modified_gmt":"2022-02-04T02:31:12","slug":"prd-conforma-direccion-nacional-del-sector-externo-que-le-apoyara-en-proximas-elecciones","status":"publish","type":"post","link":"https:\/\/conexiondigital.com.do\/index.php\/2022\/02\/03\/prd-conforma-direccion-nacional-del-sector-externo-que-le-apoyara-en-proximas-elecciones\/","title":{"rendered":"PRD conforma direcci\u00f3n nacional del Sector Externo que le apoyar\u00e1 en pr\u00f3ximas elecciones"},"content":{"rendered":"<p><img loading=\"lazy\" decoding=\"async\" class=\"size-medium wp-image-122395 aligncenter\" src=\"https:\/\/images.conexiondigital.com.do\/wp-content\/uploads\/wp-content\/uploads\/2022\/02\/Sector-Externo-1-800x534.jpg\" alt=\"\" width=\"800\" height=\"534\" \/>Santo Domingo.- El presidente del Partido Revolucionario Dominicano (PRD), Miguel Vargas Maldonado, dej\u00f3 instalada la direcci\u00f3n nacional del sector Externo que apoyar\u00e1 a dicha organizaci\u00f3n en los comicios venideros.<\/p>\n<p>La medida se enmarca en el prop\u00f3sito fundamental y objetivo estrat\u00e9gico de crecimiento del partido definido para el 2022.<\/p>\n<p>En ese orden, se inform\u00f3 que el PRD avanza en su programa nacional de crecimiento.<\/p>\n<p>El ingeniero Vargas Maldonado ha identificado la necesidad de habilitar espacios formales de participaci\u00f3n para personalidades y entidades intermedias de la sociedad dominicana.<\/p>\n<p>Con este prop\u00f3sito, el PRD defini\u00f3 el calendario de actividades con la estructura partidaria, que se sustenta en los frentes de masas y en los \u00f3rganos institucionales provinciales y municipales.<\/p>\n<p>Vargas Maldonado manifest\u00f3 que es el PRD el partido de las oportunidades.<\/p>\n<p>\u201cHoy abrimos nuestras puertas y ventanas para que figuras con vocaci\u00f3n de servicio p\u00fablico y social inicien el proceso de crecimiento cuantitativo y cualitativo del partido\u201d, expres\u00f3.<\/p>\n<p>En apoyo al programa de crecimiento del PRD, la coordinaci\u00f3n\u00a0 nacional del Sector Externo escogi\u00f3 al doctor Eduardo Mej\u00eda J. como su coordinador nacional.<\/p>\n<p>Como director ejecutivo de este movimiento se confirm\u00f3 a Aneurys Batista.<\/p>\n<p>De inmediato, al hacer uso de la palabra, tanto el Dr. Mej\u00eda J. como otros l\u00edderes, motivaron a los presentes a unir esfuerzos conjuntamente.<\/p>\n<p>En la reuni\u00f3n celebrada en un restaurante de la capital, definieron la ruta de trabajo a seguir para la consecuci\u00f3n del objetivo 2022 de crecimiento y masificaci\u00f3n del PRD.<\/p>\n<p>En este encuentro se destacaron figuras como: Edwin Dom\u00ednguez, Eddy Bueno, William de Jes\u00fas, Luis Gonz\u00e1lez, William Medrano, Elvis Medina, Roberto Torres, Marcel Fon Fr\u00edas, Rafael Melo Mendoza, Anita S\u00e1nchez, H\u00e9ctor Germ\u00e1n, Orlando B\u00e1ez, los doctores Jaime Adam,\u00a0Sergio Romeo Sol\u00eds Tavera y Fernando Ram\u00edrez Zain, entre otras personalidades.<\/p>\n<p>Por la direcci\u00f3n nacional del partido, acompa\u00f1aron a Vargas Maldonado: do\u00f1a Peggy Cabral, Janet Camilo, Ram\u00f3n S\u00e1nchez, Rafael D\u00edaz, Rafael (Fello) Suberv\u00ed, H\u00e9ctor Guzm\u00e1n y \u00c1ngel Acosta.<\/p>\n","protected":false},"excerpt":{"rendered":"<p>Santo Domingo.- El presidente del Partido Revolucionario Dominicano (PRD), Miguel Vargas Maldonado, dej\u00f3 instalada la direcci\u00f3n nacional del sector Externo que apoyar\u00e1 a dicha organizaci\u00f3n en los comicios venideros. La medida se enmarca en el prop\u00f3sito fundamental y objetivo estrat\u00e9gico de crecimiento del partido definido para el 2022. En ese orden, se inform\u00f3 que el PRD avanza en su programa nacional de crecimiento. El ingeniero Vargas Maldonado ha identificado la necesidad de habilitar espacios formales de participaci\u00f3n para personalidades y entidades intermedias de la sociedad dominicana. Con este prop\u00f3sito, el PRD defini\u00f3 el calendario de actividades con la estructura partidaria, que se sustenta en los frentes de masas y en los \u00f3rganos institucionales provinciales y municipales. Vargas Maldonado manifest\u00f3 que es el PRD el partido de las oportunidades. \u201cHoy abrimos nuestras puertas y ventanas para que figuras con vocaci\u00f3n de servicio p\u00fablico y social inicien el proceso de crecimiento cuantitativo y cualitativo del partido\u201d, expres\u00f3. En apoyo al programa de crecimiento del PRD, la coordinaci\u00f3n\u00a0 nacional del Sector Externo escogi\u00f3 al doctor Eduardo Mej\u00eda J. como su coordinador nacional. Como director ejecutivo de este movimiento se confirm\u00f3 a Aneurys Batista. De inmediato, al hacer uso de la palabra, tanto el Dr. Mej\u00eda J. como otros l\u00edderes, motivaron a los presentes a unir esfuerzos conjuntamente. En la reuni\u00f3n celebrada en un restaurante de la capital, definieron la ruta de trabajo a seguir para la consecuci\u00f3n del objetivo 2022 de crecimiento y masificaci\u00f3n del PRD. En este encuentro se destacaron figuras como: Edwin Dom\u00ednguez, Eddy Bueno, William de Jes\u00fas, Luis Gonz\u00e1lez, William Medrano, Elvis Medina, Roberto Torres, Marcel Fon Fr\u00edas, Rafael Melo Mendoza, Anita S\u00e1nchez, H\u00e9ctor Germ\u00e1n, Orlando B\u00e1ez, los doctores Jaime Adam,\u00a0Sergio Romeo Sol\u00eds Tavera y Fernando Ram\u00edrez Zain, entre otras personalidades. Por la direcci\u00f3n nacional del partido, acompa\u00f1aron a Vargas Maldonado: do\u00f1a Peggy Cabral, Janet Camilo, Ram\u00f3n S\u00e1nchez, Rafael D\u00edaz, Rafael (Fello) Suberv\u00ed, H\u00e9ctor Guzm\u00e1n y \u00c1ngel Acosta.<\/p>\n","protected":false},"author":6,"featured_media":0,"comment_status":"open","ping_status":"open","sticky":false,"template":"","format":"standard","meta":{"om_disable_all_campaigns":false,"footnotes":""},"categories":[12],"tags":[],"class_list":["post-122394","post","type-post","status-publish","format-standard","hentry","category-politic"],"_links":{"self":[{"href":"https:\/\/conexiondigital.com.do\/index.php\/wp-json\/wp\/v2\/posts\/122394","targetHints":{"allow":["GET"]}}],"collection":[{"href":"https:\/\/conexiondigital.com.do\/index.php\/wp-json\/wp\/v2\/posts"}],"about":[{"href":"https:\/\/conexiondigital.com.do\/index.php\/wp-json\/wp\/v2\/types\/post"}],"author":[{"embeddable":true,"href":"https:\/\/conexiondigital.com.do\/index.php\/wp-json\/wp\/v2\/users\/6"}],"replies":[{"embeddable":true,"href":"https:\/\/conexiondigital.com.do\/index.php\/wp-json\/wp\/v2\/comments?post=122394"}],"version-history":[{"count":1,"href":"https:\/\/conexiondigital.com.do\/index.php\/wp-json\/wp\/v2\/posts\/122394\/revisions"}],"predecessor-version":[{"id":122396,"href":"https:\/\/conexiondigital.com.do\/index.php\/wp-json\/wp\/v2\/posts\/122394\/revisions\/122396"}],"wp:attachment":[{"href":"https:\/\/conexiondigital.com.do\/index.php\/wp-json\/wp\/v2\/media?parent=122394"}],"wp:term":[{"taxonomy":"category","embeddable":true,"href":"https:\/\/conexiondigital.com.do\/index.php\/wp-json\/wp\/v2\/categories?post=122394"},{"taxonomy":"post_tag","embeddable":true,"href":"https:\/\/conexiondigital.com.do\/index.php\/wp-json\/wp\/v2\/tags?post=122394"}],"curies":[{"name":"wp","href":"https:\/\/api.w.org\/{rel}","templated":true}]}}