{"id":122521,"date":"2022-02-17T22:33:03","date_gmt":"2022-02-18T02:33:03","guid":{"rendered":"http:\/\/conexiondigital.com.do\/?p=122521"},"modified":"2022-02-17T22:33:03","modified_gmt":"2022-02-18T02:33:03","slug":"victor-fadul-dice-gobierno-disfraza-la-verdad-con-la-famosa-reforma-constitucional","status":"publish","type":"post","link":"https:\/\/conexiondigital.com.do\/index.php\/2022\/02\/17\/victor-fadul-dice-gobierno-disfraza-la-verdad-con-la-famosa-reforma-constitucional\/","title":{"rendered":"V\u00edctor Fadul dice Gobierno disfraza la verdad con la \u201cfamosa\u201d reforma constitucional"},"content":{"rendered":"<p><img loading=\"lazy\" decoding=\"async\" class=\"size-medium wp-image-122522 aligncenter\" src=\"https:\/\/images.conexiondigital.com.do\/wp-content\/uploads\/wp-content\/uploads\/2022\/02\/PHOTO-2022-02-16-20-57-58-800x712.jpg\" alt=\"\" width=\"800\" height=\"712\" \/>SANTO DOMINGO. \u2013 El diputado por el Partido de la Liberaci\u00f3n Dominicana (PLD), V\u00edctor Fadul, manifest\u00f3 este jueves que con la \u201cfamosa\u201d reforma constitucional el Gobierno solo busca modificar el 50+1 para la elecci\u00f3n presidencial.<\/p>\n<p>Calific\u00f3 de una burla que el oficialismo diga que dicha reforma ser\u00eda para dotar al pa\u00eds de un Ministerio P\u00fablico independiente, cuando el m\u00f3vil de la misma es pol\u00edtico.<\/p>\n<p>\u201cHan querido disfrazar la verdad con lo del Ministerio P\u00fablico, pero a vox populi se conocen sus intenciones reeleccionistas, as\u00ed como tambi\u00e9n, que su nivel de aceptaci\u00f3n en el electorado va en picada, es por ello que ven como \u00fanica opci\u00f3n de competir reducir el porcentaje requerido para ganar una elecci\u00f3n presidencial\u201d, expres\u00f3 Fadul.<\/p>\n<p>El congresista santiaguero lament\u00f3 que hayan utilizado una figura pol\u00edtica de la talla de Milagros Ortiz Bosch para introducir el tema en la opini\u00f3n p\u00fablica, para luego ofrecer una versi\u00f3n totalmente distinta.<\/p>\n<p>\u201cA do\u00f1a Milagros la usaron, poni\u00e9ndola a hablar de ese tema en un medio de comunicaci\u00f3n, para luego salir a desmentirla, al igual como ha sucedido con otros temas importantes para el pa\u00eds, no respetaron siquiera el nivel que posee en la vida p\u00fablica\u201d. agreg\u00f3.<\/p>\n<p>Finalmente, V\u00edctor Fadul entiende que la eliminaci\u00f3n del 50+1 que se requiere para ganar unas elecciones presidenciales, le har\u00eda un da\u00f1o colosal a la democracia en la Rep\u00fablica Dominicana.<\/p>\n","protected":false},"excerpt":{"rendered":"<p>SANTO DOMINGO. \u2013 El diputado por el Partido de la Liberaci\u00f3n Dominicana (PLD), V\u00edctor Fadul, manifest\u00f3 este jueves que con la \u201cfamosa\u201d reforma constitucional el Gobierno solo busca modificar el 50+1 para la elecci\u00f3n presidencial. Calific\u00f3 de una burla que el oficialismo diga que dicha reforma ser\u00eda para dotar al pa\u00eds de un Ministerio P\u00fablico independiente, cuando el m\u00f3vil de la misma es pol\u00edtico. \u201cHan querido disfrazar la verdad con lo del Ministerio P\u00fablico, pero a vox populi se conocen sus intenciones reeleccionistas, as\u00ed como tambi\u00e9n, que su nivel de aceptaci\u00f3n en el electorado va en picada, es por ello que ven como \u00fanica opci\u00f3n de competir reducir el porcentaje requerido para ganar una elecci\u00f3n presidencial\u201d, expres\u00f3 Fadul. El congresista santiaguero lament\u00f3 que hayan utilizado una figura pol\u00edtica de la talla de Milagros Ortiz Bosch para introducir el tema en la opini\u00f3n p\u00fablica, para luego ofrecer una versi\u00f3n totalmente distinta. \u201cA do\u00f1a Milagros la usaron, poni\u00e9ndola a hablar de ese tema en un medio de comunicaci\u00f3n, para luego salir a desmentirla, al igual como ha sucedido con otros temas importantes para el pa\u00eds, no respetaron siquiera el nivel que posee en la vida p\u00fablica\u201d. agreg\u00f3. Finalmente, V\u00edctor Fadul entiende que la eliminaci\u00f3n del 50+1 que se requiere para ganar unas elecciones presidenciales, le har\u00eda un da\u00f1o colosal a la democracia en la Rep\u00fablica Dominicana.<\/p>\n","protected":false},"author":6,"featured_media":0,"comment_status":"open","ping_status":"open","sticky":false,"template":"","format":"standard","meta":{"om_disable_all_campaigns":false,"footnotes":""},"categories":[12],"tags":[],"class_list":["post-122521","post","type-post","status-publish","format-standard","hentry","category-politic"],"_links":{"self":[{"href":"https:\/\/conexiondigital.com.do\/index.php\/wp-json\/wp\/v2\/posts\/122521","targetHints":{"allow":["GET"]}}],"collection":[{"href":"https:\/\/conexiondigital.com.do\/index.php\/wp-json\/wp\/v2\/posts"}],"about":[{"href":"https:\/\/conexiondigital.com.do\/index.php\/wp-json\/wp\/v2\/types\/post"}],"author":[{"embeddable":true,"href":"https:\/\/conexiondigital.com.do\/index.php\/wp-json\/wp\/v2\/users\/6"}],"replies":[{"embeddable":true,"href":"https:\/\/conexiondigital.com.do\/index.php\/wp-json\/wp\/v2\/comments?post=122521"}],"version-history":[{"count":1,"href":"https:\/\/conexiondigital.com.do\/index.php\/wp-json\/wp\/v2\/posts\/122521\/revisions"}],"predecessor-version":[{"id":122523,"href":"https:\/\/conexiondigital.com.do\/index.php\/wp-json\/wp\/v2\/posts\/122521\/revisions\/122523"}],"wp:attachment":[{"href":"https:\/\/conexiondigital.com.do\/index.php\/wp-json\/wp\/v2\/media?parent=122521"}],"wp:term":[{"taxonomy":"category","embeddable":true,"href":"https:\/\/conexiondigital.com.do\/index.php\/wp-json\/wp\/v2\/categories?post=122521"},{"taxonomy":"post_tag","embeddable":true,"href":"https:\/\/conexiondigital.com.do\/index.php\/wp-json\/wp\/v2\/tags?post=122521"}],"curies":[{"name":"wp","href":"https:\/\/api.w.org\/{rel}","templated":true}]}}