{"id":122900,"date":"2022-03-27T11:13:29","date_gmt":"2022-03-27T15:13:29","guid":{"rendered":"http:\/\/conexiondigital.com.do\/?p=122900"},"modified":"2022-03-27T11:13:29","modified_gmt":"2022-03-27T15:13:29","slug":"presidente-abinader-visitara-provincia-la-altagracia-este-viernes-tambien-bonao-y-la-vega-durante-sabado-y-domingo-2","status":"publish","type":"post","link":"https:\/\/conexiondigital.com.do\/index.php\/2022\/03\/27\/presidente-abinader-visitara-provincia-la-altagracia-este-viernes-tambien-bonao-y-la-vega-durante-sabado-y-domingo-2\/","title":{"rendered":"Presidente Abinader visitar\u00e1 provincia La Altagracia este viernes; tambi\u00e9n Bonao y La Vega durante s\u00e1bado y domingo"},"content":{"rendered":"<p><img loading=\"lazy\" decoding=\"async\" class=\"size-medium wp-image-122901 aligncenter\" src=\"https:\/\/images.conexiondigital.com.do\/wp-content\/uploads\/wp-content\/uploads\/2022\/03\/6a5cd96e-e5bc-491e-9b35-06ad1ac0b61c-800x534.jpg\" alt=\"\" width=\"800\" height=\"534\" \/>El presidente Luis Abinader realizar\u00e1 desde este viernes hasta este domingo una agitada agenda de trabajo, agotando un calendario de tres d\u00edas en las provincias La Altagracia, Monse\u00f1or Nouel y La Vega.<\/p>\n<p>A las 10 de la ma\u00f1ana del viernes, el mandatario asistir\u00e1 a la reinauguraci\u00f3n del templo de San Dionisio en Hig\u00fcey, mientras que a la 1:00 de la tarde participar\u00e1 en el primer picazo del nuevo parque industrial Industrias Aguayo, en San Rafael del Yuma.<\/p>\n<p>S\u00e1bado 26 &#8211; Bonao<\/p>\n<p>El fin de semana, la agenda del presidente Abinader dar\u00e1 inicio a las 10 de la ma\u00f1ana con la inauguraci\u00f3n de la subestaci\u00f3n el\u00e9ctrica ETE, en la entrada de Falconbridge.<\/p>\n<p>La Vega<\/p>\n<p>Al culminar este primer acto, el jefe de Estado continuar\u00e1 su recorrido hacia la provincia de La Vega donde participar\u00e1 en el primer palazo del proyecto inmobiliario Vista del Valle en el que se construir\u00e1n 800 viviendas.<\/p>\n<p>Luego encabezar\u00e1 un acto de Sup\u00e9rate, que se vienen realizando en distintos puntos del pa\u00eds para la entrega de las nuevas tarjetas de ayuda econ\u00f3mica en beneficio de las familias m\u00e1s humildes.<\/p>\n<p>Acto seguido, presidir\u00e1 el inicio del programa de pavimentaci\u00f3n del Ministerio de Obras P\u00fablicas y posteriormente sostendr\u00e1 un encuentro con juntas de vecinos en el polideportivo.<\/p>\n<p>M\u00e1s tarde dar\u00e1 el primer palazo para la construcci\u00f3n de la Torre Profesional La Concepci\u00f3n y otro primer palazo para la construcci\u00f3n de un proyecto inmobiliario de 728 viviendas de bajo costo.<\/p>\n<p>Continuar\u00e1 sus actividades en la Zona Franca donde participar\u00e1 en la inauguraci\u00f3n de la Empresa Exportadora de Vegetales y el primer palazo para la construcci\u00f3n de naves industriales.<\/p>\n<p>En horas de la noche, sostendr\u00e1 una cena empresarial privada.<\/p>\n<p>Domingo 27 \u2013 La Vega<\/p>\n<p>Para este domingo, el presidente Luis Abinader seguir\u00e1 desarrollando su agenda en la provincia de La Vega, iniciando a las 10 de la ma\u00f1ana con la visita a los barrios Inco y Don Fausto.<\/p>\n<p>Luego se reunir\u00e1 con los medios de comunicaci\u00f3n locales y al t\u00e9rmino, visitar\u00e1 la construcci\u00f3n de la UASD en esta demarcaci\u00f3n.<\/p>\n<p>Asimismo, asistir\u00e1 a la inauguraci\u00f3n del edificio de CORAAVEGA y la estaci\u00f3n de bombeo del proyecto Parque Lineal.<\/p>\n<p>Posteriormente el mandatario almorzar\u00e1 con el sector agropecuario y luego estar\u00e1 presente en la inauguraci\u00f3n de la tienda de insumos en Ranchito.<\/p>\n","protected":false},"excerpt":{"rendered":"<p>El presidente Luis Abinader realizar\u00e1 desde este viernes hasta este domingo una agitada agenda de trabajo, agotando un calendario de tres d\u00edas en las provincias La Altagracia, Monse\u00f1or Nouel y La Vega. A las 10 de la ma\u00f1ana del viernes, el mandatario asistir\u00e1 a la reinauguraci\u00f3n del templo de San Dionisio en Hig\u00fcey, mientras que a la 1:00 de la tarde participar\u00e1 en el primer picazo del nuevo parque industrial Industrias Aguayo, en San Rafael del Yuma. S\u00e1bado 26 &#8211; Bonao El fin de semana, la agenda del presidente Abinader dar\u00e1 inicio a las 10 de la ma\u00f1ana con la inauguraci\u00f3n de la subestaci\u00f3n el\u00e9ctrica ETE, en la entrada de Falconbridge. La Vega Al culminar este primer acto, el jefe de Estado continuar\u00e1 su recorrido hacia la provincia de La Vega donde participar\u00e1 en el primer palazo del proyecto inmobiliario Vista del Valle en el que se construir\u00e1n 800 viviendas. Luego encabezar\u00e1 un acto de Sup\u00e9rate, que se vienen realizando en distintos puntos del pa\u00eds para la entrega de las nuevas tarjetas de ayuda econ\u00f3mica en beneficio de las familias m\u00e1s humildes. Acto seguido, presidir\u00e1 el inicio del programa de pavimentaci\u00f3n del Ministerio de Obras P\u00fablicas y posteriormente sostendr\u00e1 un encuentro con juntas de vecinos en el polideportivo. M\u00e1s tarde dar\u00e1 el primer palazo para la construcci\u00f3n de la Torre Profesional La Concepci\u00f3n y otro primer palazo para la construcci\u00f3n de un proyecto inmobiliario de 728 viviendas de bajo costo. Continuar\u00e1 sus actividades en la Zona Franca donde participar\u00e1 en la inauguraci\u00f3n de la Empresa Exportadora de Vegetales y el primer palazo para la construcci\u00f3n de naves industriales. En horas de la noche, sostendr\u00e1 una cena empresarial privada. Domingo 27 \u2013 La Vega Para este domingo, el presidente Luis Abinader seguir\u00e1 desarrollando su agenda en la provincia de La Vega, iniciando a las 10 de la ma\u00f1ana con la visita a los barrios Inco y Don Fausto. Luego se reunir\u00e1 con los medios de comunicaci\u00f3n locales y al t\u00e9rmino, visitar\u00e1 la construcci\u00f3n de la UASD en esta demarcaci\u00f3n. Asimismo, asistir\u00e1 a la inauguraci\u00f3n del edificio de CORAAVEGA y la estaci\u00f3n de bombeo del proyecto Parque Lineal. Posteriormente el mandatario almorzar\u00e1 con el sector agropecuario y luego estar\u00e1 presente en la inauguraci\u00f3n de la tienda de insumos en Ranchito.<\/p>\n","protected":false},"author":6,"featured_media":0,"comment_status":"open","ping_status":"open","sticky":false,"template":"","format":"standard","meta":{"om_disable_all_campaigns":false,"footnotes":""},"categories":[15],"tags":[],"class_list":["post-122900","post","type-post","status-publish","format-standard","hentry","category-nacionales"],"_links":{"self":[{"href":"https:\/\/conexiondigital.com.do\/index.php\/wp-json\/wp\/v2\/posts\/122900","targetHints":{"allow":["GET"]}}],"collection":[{"href":"https:\/\/conexiondigital.com.do\/index.php\/wp-json\/wp\/v2\/posts"}],"about":[{"href":"https:\/\/conexiondigital.com.do\/index.php\/wp-json\/wp\/v2\/types\/post"}],"author":[{"embeddable":true,"href":"https:\/\/conexiondigital.com.do\/index.php\/wp-json\/wp\/v2\/users\/6"}],"replies":[{"embeddable":true,"href":"https:\/\/conexiondigital.com.do\/index.php\/wp-json\/wp\/v2\/comments?post=122900"}],"version-history":[{"count":1,"href":"https:\/\/conexiondigital.com.do\/index.php\/wp-json\/wp\/v2\/posts\/122900\/revisions"}],"predecessor-version":[{"id":122902,"href":"https:\/\/conexiondigital.com.do\/index.php\/wp-json\/wp\/v2\/posts\/122900\/revisions\/122902"}],"wp:attachment":[{"href":"https:\/\/conexiondigital.com.do\/index.php\/wp-json\/wp\/v2\/media?parent=122900"}],"wp:term":[{"taxonomy":"category","embeddable":true,"href":"https:\/\/conexiondigital.com.do\/index.php\/wp-json\/wp\/v2\/categories?post=122900"},{"taxonomy":"post_tag","embeddable":true,"href":"https:\/\/conexiondigital.com.do\/index.php\/wp-json\/wp\/v2\/tags?post=122900"}],"curies":[{"name":"wp","href":"https:\/\/api.w.org\/{rel}","templated":true}]}}