{"id":123116,"date":"2022-06-13T20:57:12","date_gmt":"2022-06-14T00:57:12","guid":{"rendered":"http:\/\/conexiondigital.com.do\/?p=123116"},"modified":"2022-06-13T20:57:12","modified_gmt":"2022-06-14T00:57:12","slug":"abel-martinez-no-se-puede-hablar-de-futuro-para-la-juventud-sin-que-exista-un-presente-de-oportunidades","status":"publish","type":"post","link":"https:\/\/conexiondigital.com.do\/index.php\/2022\/06\/13\/abel-martinez-no-se-puede-hablar-de-futuro-para-la-juventud-sin-que-exista-un-presente-de-oportunidades\/","title":{"rendered":"Abel Mart\u00ednez: \u201cNo se puede hablar de futuro para la juventud sin que exista un presente de oportunidades\u201d"},"content":{"rendered":"<p><img loading=\"lazy\" decoding=\"async\" class=\"size-medium wp-image-123117 aligncenter\" src=\"https:\/\/images.conexiondigital.com.do\/wp-content\/uploads\/wp-content\/uploads\/2022\/06\/JOVENES-DE-LA-VEGA-CON-ABEL-800x406.jpg\" alt=\"\" width=\"800\" height=\"406\" \/>La Vega.-\u00a0\u00a0Ante centenares de j\u00f3venes que se juramentaron en su proyecto pol\u00edtico, el aspirante presidencial del Partido de la Liberaci\u00f3n Dominicana(PLD) Abel Mart\u00ednez, asegur\u00f3 que la juventud merece y necesita que se pongan en sus zapatos para conocer su sentir y necesidades.<\/p>\n<p>&nbsp;<\/p>\n<p>Mart\u00ednez destac\u00f3 que la ausencia de oportunidades y la falta de implementaci\u00f3n de pol\u00edticas p\u00fablicas incluyentes dirigidas a este importante segmento de la poblaci\u00f3n, se ve reflejada d\u00eda a d\u00eda en la desesperanza que refleja una gran mayor\u00eda de ellos, quienes llevan el sentimiento amargo de entender que no tienen futuro y que su \u00fanica alternativa es delinquir o vivir sumidos en vicios.<\/p>\n<p>&nbsp;<\/p>\n<p>\u201cNuestros j\u00f3venes siempre han tenido que escuchar que son el futuro; sin embargo, hay que traspasar esas palabras a la realidad con hechos. No podemos seguir permitiendo que la juventud que se esfuerza en prepararse, se les haga casi imposible obtener un empleo digno mientras termina sus estudios universitarios, ni que existan tantas limitaciones burocr\u00e1ticas para poder acceder al primer empleo una vez graduados\u201d, asegur\u00f3 Abel Mart\u00ednez, manifestando, adem\u00e1s, que hay que eliminar las desigualdades y ser m\u00e1s justos con los que menos facilidades tienen para capacitarse.<\/p>\n<p>&nbsp;<\/p>\n<p>Abel se\u00f1al\u00f3 que desde siempre ha apostado a la juventud y aboga por la eliminaci\u00f3n de la discriminaci\u00f3n que padecen y la falta de confianza que los estigmatiza, destacando que sus equipos de trabajo en todos los \u00e1mbitos, siempre se han destacado por estar compuestos por j\u00f3venes comprometidos, convencido de que hay que garantizarles espacios de desarrollo desde el presente, para que exista futuro.<\/p>\n<p>&nbsp;<\/p>\n<p>\u201cCreo en la juventud que quiere salir adelante honradamente y estoy convencido de que desde el presente es que se construye futuro, y en ese camino de lucha a favor de los mejores intereses del pa\u00eds, deben asumir un rol protag\u00f3nico, porque son ustedes los que est\u00e1n llamados a ser parte de las transformaciones positivas que amerita la Rep\u00fablica Dominica y para hacer esto posible, hay que crear las oportunidades de capacitaci\u00f3n, de empleo y de emprendimiento con planificaci\u00f3n, para que esas oportunidades lleguen a todos por igual. Hay que conocer sus necesidades, saber lo que sienten y pueden ustedes estar seguros de que Abel Mart\u00ednez no solo se identifica con la juventud, sino que, adem\u00e1s, hace a\u00f1os que me he puesto en sus zapatos\u201d, dijo Abel, quien recibi\u00f3 una respuesta llena de euforia y energ\u00eda de los presentes.<\/p>\n<p>&nbsp;<\/p>\n<p>La actividad de juramentaci\u00f3n municipal de la juventud con Abel se realiz\u00f3 en el Teatro Dosa del municipio de La Vega, a la que acudieron los altos dirigentes de la provincia, miembros del Comit\u00e9 Pol\u00edtico, del Comit\u00e9 Central, presidentes de comit\u00e9s intermedios y de base, as\u00ed como una gran representaci\u00f3n de la sociedad.<\/p>\n<p>&nbsp;<\/p>\n","protected":false},"excerpt":{"rendered":"<p>La Vega.-\u00a0\u00a0Ante centenares de j\u00f3venes que se juramentaron en su proyecto pol\u00edtico, el aspirante presidencial del Partido de la Liberaci\u00f3n Dominicana(PLD) Abel Mart\u00ednez, asegur\u00f3 que la juventud merece y necesita que se pongan en sus zapatos para conocer su sentir y necesidades. &nbsp; Mart\u00ednez destac\u00f3 que la ausencia de oportunidades y la falta de implementaci\u00f3n de pol\u00edticas p\u00fablicas incluyentes dirigidas a este importante segmento de la poblaci\u00f3n, se ve reflejada d\u00eda a d\u00eda en la desesperanza que refleja una gran mayor\u00eda de ellos, quienes llevan el sentimiento amargo de entender que no tienen futuro y que su \u00fanica alternativa es delinquir o vivir sumidos en vicios. &nbsp; \u201cNuestros j\u00f3venes siempre han tenido que escuchar que son el futuro; sin embargo, hay que traspasar esas palabras a la realidad con hechos. No podemos seguir permitiendo que la juventud que se esfuerza en prepararse, se les haga casi imposible obtener un empleo digno mientras termina sus estudios universitarios, ni que existan tantas limitaciones burocr\u00e1ticas para poder acceder al primer empleo una vez graduados\u201d, asegur\u00f3 Abel Mart\u00ednez, manifestando, adem\u00e1s, que hay que eliminar las desigualdades y ser m\u00e1s justos con los que menos facilidades tienen para capacitarse. &nbsp; Abel se\u00f1al\u00f3 que desde siempre ha apostado a la juventud y aboga por la eliminaci\u00f3n de la discriminaci\u00f3n que padecen y la falta de confianza que los estigmatiza, destacando que sus equipos de trabajo en todos los \u00e1mbitos, siempre se han destacado por estar compuestos por j\u00f3venes comprometidos, convencido de que hay que garantizarles espacios de desarrollo desde el presente, para que exista futuro. &nbsp; \u201cCreo en la juventud que quiere salir adelante honradamente y estoy convencido de que desde el presente es que se construye futuro, y en ese camino de lucha a favor de los mejores intereses del pa\u00eds, deben asumir un rol protag\u00f3nico, porque son ustedes los que est\u00e1n llamados a ser parte de las transformaciones positivas que amerita la Rep\u00fablica Dominica y para hacer esto posible, hay que crear las oportunidades de capacitaci\u00f3n, de empleo y de emprendimiento con planificaci\u00f3n, para que esas oportunidades lleguen a todos por igual. Hay que conocer sus necesidades, saber lo que sienten y pueden ustedes estar seguros de que Abel Mart\u00ednez no solo se identifica con la juventud, sino que, adem\u00e1s, hace a\u00f1os que me he puesto en sus zapatos\u201d, dijo Abel, quien recibi\u00f3 una respuesta llena de euforia y energ\u00eda de los presentes. &nbsp; La actividad de juramentaci\u00f3n municipal de la juventud con Abel se realiz\u00f3 en el Teatro Dosa del municipio de La Vega, a la que acudieron los altos dirigentes de la provincia, miembros del Comit\u00e9 Pol\u00edtico, del Comit\u00e9 Central, presidentes de comit\u00e9s intermedios y de base, as\u00ed como una gran representaci\u00f3n de la sociedad. &nbsp;<\/p>\n","protected":false},"author":6,"featured_media":0,"comment_status":"open","ping_status":"open","sticky":false,"template":"","format":"standard","meta":{"om_disable_all_campaigns":false,"footnotes":""},"categories":[12],"tags":[],"class_list":["post-123116","post","type-post","status-publish","format-standard","hentry","category-politic"],"_links":{"self":[{"href":"https:\/\/conexiondigital.com.do\/index.php\/wp-json\/wp\/v2\/posts\/123116","targetHints":{"allow":["GET"]}}],"collection":[{"href":"https:\/\/conexiondigital.com.do\/index.php\/wp-json\/wp\/v2\/posts"}],"about":[{"href":"https:\/\/conexiondigital.com.do\/index.php\/wp-json\/wp\/v2\/types\/post"}],"author":[{"embeddable":true,"href":"https:\/\/conexiondigital.com.do\/index.php\/wp-json\/wp\/v2\/users\/6"}],"replies":[{"embeddable":true,"href":"https:\/\/conexiondigital.com.do\/index.php\/wp-json\/wp\/v2\/comments?post=123116"}],"version-history":[{"count":1,"href":"https:\/\/conexiondigital.com.do\/index.php\/wp-json\/wp\/v2\/posts\/123116\/revisions"}],"predecessor-version":[{"id":123118,"href":"https:\/\/conexiondigital.com.do\/index.php\/wp-json\/wp\/v2\/posts\/123116\/revisions\/123118"}],"wp:attachment":[{"href":"https:\/\/conexiondigital.com.do\/index.php\/wp-json\/wp\/v2\/media?parent=123116"}],"wp:term":[{"taxonomy":"category","embeddable":true,"href":"https:\/\/conexiondigital.com.do\/index.php\/wp-json\/wp\/v2\/categories?post=123116"},{"taxonomy":"post_tag","embeddable":true,"href":"https:\/\/conexiondigital.com.do\/index.php\/wp-json\/wp\/v2\/tags?post=123116"}],"curies":[{"name":"wp","href":"https:\/\/api.w.org\/{rel}","templated":true}]}}