{"id":123170,"date":"2022-07-01T18:43:51","date_gmt":"2022-07-01T22:43:51","guid":{"rendered":"http:\/\/conexiondigital.com.do\/?p=123170"},"modified":"2022-07-01T18:43:51","modified_gmt":"2022-07-01T22:43:51","slug":"miguel-vargas-demanda-del-gobierno-dejar-sin-efecto-anunciados-aumentos-a-tarifa-electrica","status":"publish","type":"post","link":"https:\/\/conexiondigital.com.do\/index.php\/2022\/07\/01\/miguel-vargas-demanda-del-gobierno-dejar-sin-efecto-anunciados-aumentos-a-tarifa-electrica\/","title":{"rendered":"Miguel Vargas demanda del gobierno dejar sin efecto anunciados aumentos a tarifa el\u00e9ctrica"},"content":{"rendered":"<p><strong><img loading=\"lazy\" decoding=\"async\" class=\"size-full wp-image-123171 aligncenter\" src=\"https:\/\/images.conexiondigital.com.do\/wp-content\/uploads\/wp-content\/uploads\/2022\/07\/thumbnail_Miguel-Vargas-M.jpg\" alt=\"\" width=\"776\" height=\"506\" \/>Advierte: \u201cEsto es un elemento que agrava el ya insoportable nivel inflacionario; tampoco el pueblo puede pagar el costo de la incapacidad y las deficiencias demostradas por los gestores del sector el\u00e9ctrico\u201d.<\/strong><\/p>\n<p>Santo Domingo.- El ingeniero Miguel Vargas Maldonado solicit\u00f3 al gobierno anular los anunciados incrementos a la tarifa el\u00e9ctrica en el mes de julio, dada la actual situaci\u00f3n econ\u00f3mica impactada por una alta inflaci\u00f3n que golpea los bolsillos de los hogares dominicanos.<\/p>\n<p>Precis\u00f3 que desde el pasado mes de octubre del 2021, y mediante resoluci\u00f3n de la Superintendencia de Electricidad, las Empresas de Distribuci\u00f3n de Electricidad (EDES) aplican un factor de indexaci\u00f3n.<\/p>\n<p>El presidente del Partido Revolucionario Dominicano (PRD) se\u00f1al\u00f3 que dicho factor es actualizado trimestralmente y que ahora la poblaci\u00f3n se ve agobiada por la anunciada aplicaci\u00f3n de esta medida.<\/p>\n<p>El PRD record\u00f3 que en febrero del pasado a\u00f1o manifest\u00f3 su firme oposici\u00f3n a la firma del Pacto El\u00e9ctrico sin que se resolvieran los temas de disidencia, en particular, el referente a la tarifa t\u00e9cnica all\u00ed discutida y que hab\u00eda quedado en estado de disenso.<\/p>\n<p>\u201cCoherentes con ese planteamiento, hoy reiteramos que la aplicaci\u00f3n de esta medida da\u00f1a al pueblo dominicano, en particular, a los que pagan la electricidad y, especialmente, a los usuarios de menor consumo\u201d, sostuvo.<\/p>\n<p>Vargas destac\u00f3 que los clientes, residenciales y comerciales, que consumen 200 kilovatios horas al mes o menos, representan el 75% de los clientes de las distribuidoras.<\/p>\n<p>\u201cEllos representan los quintiles de los que menos tienen y menos pueden. A la vez, contradictoriamente, son ya los m\u00e1s afectados\u201d, alert\u00f3.<\/p>\n<p>El l\u00edder perrede\u00edsta agreg\u00f3 que el aumento acumulado para la tarifa residencial de los clientes con consumos mensuales iguales o menores a 200 kilovatios horas, con relaci\u00f3n a octubre 2021, oscila entre 41% y 46%.<\/p>\n<p>\u201cEsto resulta en un duro golpe a estas familias\u201d, advirti\u00f3 Vargas Maldonado.<\/p>\n<p>Sobre los clientes comerciales con consumos mensuales iguales o menores a 200 kilovatios hora al mes, se\u00f1al\u00f3 que el aumento acumulado con relaci\u00f3n a octubre de 2021 se sit\u00faa entre 50% y 56%.<\/p>\n<p>\u201cResulta inconcebible que la soluci\u00f3n a los d\u00e9ficits de flujo de caja de las EDES se procure salvar o resolver a trav\u00e9s de medidas como \u00e9stas, mientras se obvia abordar las p\u00e9rdidas de las tres distribuidoras, que aumentaron de 28% en diciembre de 2021 a 34% en marzo de 2022\u201d, sancion\u00f3.<\/p>\n<p>\u201cDicha situaci\u00f3n luce agravada por el inmoral aumento de la empleoman\u00eda que se verifica en estas entidades, que se situ\u00f3 en el orden de los 7,500 empleados a marzo 2022\u201d, prosigui\u00f3.<\/p>\n<p>Vargas explic\u00f3 que esta cantidad es m\u00e1s de cuatro veces la requerida seg\u00fan el estudio de tarifa t\u00e9cnica elaborado en 2016 por la consultora chilena INECON.<\/p>\n<p>\u201cDicho informe establec\u00eda en alrededor de 1,800 los empleados necesarios\u201d, alert\u00f3 el presidente del PRD.<\/p>\n<p>Los apagones son el elemento que estamos pagando m\u00e1s caro en el pa\u00eds<\/p>\n<p>\u201cA partir de ma\u00f1ana, el Gobierno ha decidido ajustar la\u00a0tarifa el\u00e9ctrica, mediante un aumento de 9% para los clientes residenciales que consuman hasta 300 kilovatios hora (kWh) y de 7.6 % para los peque\u00f1os comercios\u201d, destac\u00f3 Vargas.<\/p>\n<p>\u201cEstos consumidores juntos representan alrededor del 80 % de los usuarios regulados por las empresas distribuidoras de electricidad, lo que constituye en este momento una carga econ\u00f3mica insostenible\u201d, advirti\u00f3.<\/p>\n<p>Tambi\u00e9n resalt\u00f3 que esto ocurre \u201cmientras el pa\u00eds experimenta una ola de apagones, evidentemente, producto de la ineficiencia de la gesti\u00f3n del sector el\u00e9ctrico\u201d.<\/p>\n<p>\u201cDesde el PRD advertimos que esta situaci\u00f3n est\u00e1 generando desde ya un malestar colectivo que podr\u00eda derivar en manifestaciones sociales no deseadas en este momento\u201d, precis\u00f3.<\/p>\n<p>Tambi\u00e9n sancion\u00f3 que \u201cel aumento en la tarifa comercial de peque\u00f1os y medianos negocios se traduce, obligatoriamente, en un incremento a la canasta familiar, esto es: comida m\u00e1s cara, desempleo, medicinas caras e inseguridad\u201d.<\/p>\n<p>\u201cTodo lo anterior es agravado por el impacto de los desagradables apagones que tenemos de vuelta en esta gesti\u00f3n\u201d, apunt\u00f3 Vargas.<\/p>\n<p>\u201cEn consecuencia, demandamos del gobierno suspender la aplicaci\u00f3n de esta resoluci\u00f3n de la Superintendencia de Electricidad que aumentar\u00e1 la tarifa el\u00e9ctrica a partir de ahora, indexaci\u00f3n que terminar\u00e1 da\u00f1ando a los hogares dominicanos de los que menos tienen y menos pueden\u201d, reiter\u00f3.<\/p>\n<p>&nbsp;<\/p>\n<p>&nbsp;<\/p>\n<p>&nbsp;<\/p>\n","protected":false},"excerpt":{"rendered":"<p>Advierte: \u201cEsto es un elemento que agrava el ya insoportable nivel inflacionario; tampoco el pueblo puede pagar el costo de la incapacidad y las deficiencias demostradas por los gestores del sector el\u00e9ctrico\u201d. Santo Domingo.- El ingeniero Miguel Vargas Maldonado solicit\u00f3 al gobierno anular los anunciados incrementos a la tarifa el\u00e9ctrica en el mes de julio, dada la actual situaci\u00f3n econ\u00f3mica impactada por una alta inflaci\u00f3n que golpea los bolsillos de los hogares dominicanos. Precis\u00f3 que desde el pasado mes de octubre del 2021, y mediante resoluci\u00f3n de la Superintendencia de Electricidad, las Empresas de Distribuci\u00f3n de Electricidad (EDES) aplican un factor de indexaci\u00f3n. El presidente del Partido Revolucionario Dominicano (PRD) se\u00f1al\u00f3 que dicho factor es actualizado trimestralmente y que ahora la poblaci\u00f3n se ve agobiada por la anunciada aplicaci\u00f3n de esta medida. El PRD record\u00f3 que en febrero del pasado a\u00f1o manifest\u00f3 su firme oposici\u00f3n a la firma del Pacto El\u00e9ctrico sin que se resolvieran los temas de disidencia, en particular, el referente a la tarifa t\u00e9cnica all\u00ed discutida y que hab\u00eda quedado en estado de disenso. \u201cCoherentes con ese planteamiento, hoy reiteramos que la aplicaci\u00f3n de esta medida da\u00f1a al pueblo dominicano, en particular, a los que pagan la electricidad y, especialmente, a los usuarios de menor consumo\u201d, sostuvo. Vargas destac\u00f3 que los clientes, residenciales y comerciales, que consumen 200 kilovatios horas al mes o menos, representan el 75% de los clientes de las distribuidoras. \u201cEllos representan los quintiles de los que menos tienen y menos pueden. A la vez, contradictoriamente, son ya los m\u00e1s afectados\u201d, alert\u00f3. El l\u00edder perrede\u00edsta agreg\u00f3 que el aumento acumulado para la tarifa residencial de los clientes con consumos mensuales iguales o menores a 200 kilovatios horas, con relaci\u00f3n a octubre 2021, oscila entre 41% y 46%. \u201cEsto resulta en un duro golpe a estas familias\u201d, advirti\u00f3 Vargas Maldonado. Sobre los clientes comerciales con consumos mensuales iguales o menores a 200 kilovatios hora al mes, se\u00f1al\u00f3 que el aumento acumulado con relaci\u00f3n a octubre de 2021 se sit\u00faa entre 50% y 56%. \u201cResulta inconcebible que la soluci\u00f3n a los d\u00e9ficits de flujo de caja de las EDES se procure salvar o resolver a trav\u00e9s de medidas como \u00e9stas, mientras se obvia abordar las p\u00e9rdidas de las tres distribuidoras, que aumentaron de 28% en diciembre de 2021 a 34% en marzo de 2022\u201d, sancion\u00f3. \u201cDicha situaci\u00f3n luce agravada por el inmoral aumento de la empleoman\u00eda que se verifica en estas entidades, que se situ\u00f3 en el orden de los 7,500 empleados a marzo 2022\u201d, prosigui\u00f3. Vargas explic\u00f3 que esta cantidad es m\u00e1s de cuatro veces la requerida seg\u00fan el estudio de tarifa t\u00e9cnica elaborado en 2016 por la consultora chilena INECON. \u201cDicho informe establec\u00eda en alrededor de 1,800 los empleados necesarios\u201d, alert\u00f3 el presidente del PRD. Los apagones son el elemento que estamos pagando m\u00e1s caro en el pa\u00eds \u201cA partir de ma\u00f1ana, el Gobierno ha decidido ajustar la\u00a0tarifa el\u00e9ctrica, mediante un aumento de 9% para los clientes residenciales que consuman hasta 300 kilovatios hora (kWh) y de 7.6 % para los peque\u00f1os comercios\u201d, destac\u00f3 Vargas. \u201cEstos consumidores juntos representan alrededor del 80 % de los usuarios regulados por las empresas distribuidoras de electricidad, lo que constituye en este momento una carga econ\u00f3mica insostenible\u201d, advirti\u00f3. Tambi\u00e9n resalt\u00f3 que esto ocurre \u201cmientras el pa\u00eds experimenta una ola de apagones, evidentemente, producto de la ineficiencia de la gesti\u00f3n del sector el\u00e9ctrico\u201d. \u201cDesde el PRD advertimos que esta situaci\u00f3n est\u00e1 generando desde ya un malestar colectivo que podr\u00eda derivar en manifestaciones sociales no deseadas en este momento\u201d, precis\u00f3. Tambi\u00e9n sancion\u00f3 que \u201cel aumento en la tarifa comercial de peque\u00f1os y medianos negocios se traduce, obligatoriamente, en un incremento a la canasta familiar, esto es: comida m\u00e1s cara, desempleo, medicinas caras e inseguridad\u201d. \u201cTodo lo anterior es agravado por el impacto de los desagradables apagones que tenemos de vuelta en esta gesti\u00f3n\u201d, apunt\u00f3 Vargas. \u201cEn consecuencia, demandamos del gobierno suspender la aplicaci\u00f3n de esta resoluci\u00f3n de la Superintendencia de Electricidad que aumentar\u00e1 la tarifa el\u00e9ctrica a partir de ahora, indexaci\u00f3n que terminar\u00e1 da\u00f1ando a los hogares dominicanos de los que menos tienen y menos pueden\u201d, reiter\u00f3. &nbsp; &nbsp; &nbsp;<\/p>\n","protected":false},"author":6,"featured_media":0,"comment_status":"open","ping_status":"open","sticky":false,"template":"","format":"standard","meta":{"om_disable_all_campaigns":false,"footnotes":""},"categories":[12],"tags":[],"class_list":["post-123170","post","type-post","status-publish","format-standard","hentry","category-politic"],"_links":{"self":[{"href":"https:\/\/conexiondigital.com.do\/index.php\/wp-json\/wp\/v2\/posts\/123170","targetHints":{"allow":["GET"]}}],"collection":[{"href":"https:\/\/conexiondigital.com.do\/index.php\/wp-json\/wp\/v2\/posts"}],"about":[{"href":"https:\/\/conexiondigital.com.do\/index.php\/wp-json\/wp\/v2\/types\/post"}],"author":[{"embeddable":true,"href":"https:\/\/conexiondigital.com.do\/index.php\/wp-json\/wp\/v2\/users\/6"}],"replies":[{"embeddable":true,"href":"https:\/\/conexiondigital.com.do\/index.php\/wp-json\/wp\/v2\/comments?post=123170"}],"version-history":[{"count":1,"href":"https:\/\/conexiondigital.com.do\/index.php\/wp-json\/wp\/v2\/posts\/123170\/revisions"}],"predecessor-version":[{"id":123172,"href":"https:\/\/conexiondigital.com.do\/index.php\/wp-json\/wp\/v2\/posts\/123170\/revisions\/123172"}],"wp:attachment":[{"href":"https:\/\/conexiondigital.com.do\/index.php\/wp-json\/wp\/v2\/media?parent=123170"}],"wp:term":[{"taxonomy":"category","embeddable":true,"href":"https:\/\/conexiondigital.com.do\/index.php\/wp-json\/wp\/v2\/categories?post=123170"},{"taxonomy":"post_tag","embeddable":true,"href":"https:\/\/conexiondigital.com.do\/index.php\/wp-json\/wp\/v2\/tags?post=123170"}],"curies":[{"name":"wp","href":"https:\/\/api.w.org\/{rel}","templated":true}]}}