{"id":123383,"date":"2022-08-01T18:21:53","date_gmt":"2022-08-01T22:21:53","guid":{"rendered":"http:\/\/conexiondigital.com.do\/?p=123383"},"modified":"2022-08-01T18:21:53","modified_gmt":"2022-08-01T22:21:53","slug":"eted-realizara-trabajos-de-interconexion-en-subestacion-cabreto","status":"publish","type":"post","link":"https:\/\/conexiondigital.com.do\/index.php\/2022\/08\/01\/eted-realizara-trabajos-de-interconexion-en-subestacion-cabreto\/","title":{"rendered":"ETED REALIZAR\u00c1 TRABAJOS DE INTERCONEXI\u00d3N EN SUBESTACI\u00d3N CABRETO\u00a0"},"content":{"rendered":"<p><img loading=\"lazy\" decoding=\"async\" class=\"size-medium wp-image-123384 aligncenter\" src=\"https:\/\/images.conexiondigital.com.do\/wp-content\/uploads\/wp-content\/uploads\/2022\/08\/thumbnail_Subestaci\u00f3n-345138-kV-Cabreto-800x450.jpg\" alt=\"\" width=\"800\" height=\"450\" \/>La Empresa de Transmisi\u00f3n El\u00e9ctrica Dominicana (ETED) realizar\u00e1 trabajos de interconexi\u00f3n de la l\u00ednea 345 kV en la subestaci\u00f3n Cabreto, municipio de Guerra, este s\u00e1bado 30 de julio, de 8:00 a.m. a 5:00 p.m., los cuales podr\u00edan ocasionar interrupciones parciales en la zona norte y en localidades aleda\u00f1as a esta subestaci\u00f3n.<\/p>\n<p>Estos se realizan para brindar un servicio estable, eficiente y de calidad, adem\u00e1s, aumentar la confiabilidad de la zona norte del pa\u00eds.<\/p>\n<p>La ETED recuerda su compromiso de mantener en \u00f3ptimas condiciones las infraestructuras el\u00e9ctricas en el pa\u00eds y pide disculpas por los inconvenientes que esto pueda causar, apelando a la comprensi\u00f3n de los ciudadanos que viven en las zonas que se ver\u00e1n impactadas por estos trabajos.<\/p>\n<p>&nbsp;<\/p>\n","protected":false},"excerpt":{"rendered":"<p>La Empresa de Transmisi\u00f3n El\u00e9ctrica Dominicana (ETED) realizar\u00e1 trabajos de interconexi\u00f3n de la l\u00ednea 345 kV en la subestaci\u00f3n Cabreto, municipio de Guerra, este s\u00e1bado 30 de julio, de 8:00 a.m. a 5:00 p.m., los cuales podr\u00edan ocasionar interrupciones parciales en la zona norte y en localidades aleda\u00f1as a esta subestaci\u00f3n. Estos se realizan para brindar un servicio estable, eficiente y de calidad, adem\u00e1s, aumentar la confiabilidad de la zona norte del pa\u00eds. La ETED recuerda su compromiso de mantener en \u00f3ptimas condiciones las infraestructuras el\u00e9ctricas en el pa\u00eds y pide disculpas por los inconvenientes que esto pueda causar, apelando a la comprensi\u00f3n de los ciudadanos que viven en las zonas que se ver\u00e1n impactadas por estos trabajos. &nbsp;<\/p>\n","protected":false},"author":6,"featured_media":0,"comment_status":"open","ping_status":"open","sticky":false,"template":"","format":"standard","meta":{"om_disable_all_campaigns":false,"footnotes":""},"categories":[56],"tags":[],"class_list":["post-123383","post","type-post","status-publish","format-standard","hentry","category-economia"],"_links":{"self":[{"href":"https:\/\/conexiondigital.com.do\/index.php\/wp-json\/wp\/v2\/posts\/123383","targetHints":{"allow":["GET"]}}],"collection":[{"href":"https:\/\/conexiondigital.com.do\/index.php\/wp-json\/wp\/v2\/posts"}],"about":[{"href":"https:\/\/conexiondigital.com.do\/index.php\/wp-json\/wp\/v2\/types\/post"}],"author":[{"embeddable":true,"href":"https:\/\/conexiondigital.com.do\/index.php\/wp-json\/wp\/v2\/users\/6"}],"replies":[{"embeddable":true,"href":"https:\/\/conexiondigital.com.do\/index.php\/wp-json\/wp\/v2\/comments?post=123383"}],"version-history":[{"count":1,"href":"https:\/\/conexiondigital.com.do\/index.php\/wp-json\/wp\/v2\/posts\/123383\/revisions"}],"predecessor-version":[{"id":123385,"href":"https:\/\/conexiondigital.com.do\/index.php\/wp-json\/wp\/v2\/posts\/123383\/revisions\/123385"}],"wp:attachment":[{"href":"https:\/\/conexiondigital.com.do\/index.php\/wp-json\/wp\/v2\/media?parent=123383"}],"wp:term":[{"taxonomy":"category","embeddable":true,"href":"https:\/\/conexiondigital.com.do\/index.php\/wp-json\/wp\/v2\/categories?post=123383"},{"taxonomy":"post_tag","embeddable":true,"href":"https:\/\/conexiondigital.com.do\/index.php\/wp-json\/wp\/v2\/tags?post=123383"}],"curies":[{"name":"wp","href":"https:\/\/api.w.org\/{rel}","templated":true}]}}