{"id":123386,"date":"2022-08-01T18:24:05","date_gmt":"2022-08-01T22:24:05","guid":{"rendered":"http:\/\/conexiondigital.com.do\/?p=123386"},"modified":"2022-08-01T18:24:05","modified_gmt":"2022-08-01T22:24:05","slug":"radhames-jimenez-afirma-legado-politico-de-johnny-ventura-es-inconmensurable-que-dejo-profundas-huellas-en-la-historia-politica-del-pais","status":"publish","type":"post","link":"https:\/\/conexiondigital.com.do\/index.php\/2022\/08\/01\/radhames-jimenez-afirma-legado-politico-de-johnny-ventura-es-inconmensurable-que-dejo-profundas-huellas-en-la-historia-politica-del-pais\/","title":{"rendered":"Radham\u00e9s Jim\u00e9nez afirma legado pol\u00edtico de Johnny Ventura es inconmensurable, que dej\u00f3 profundas huellas en la historia pol\u00edtica del pa\u00eds"},"content":{"rendered":"<p><img loading=\"lazy\" decoding=\"async\" class=\"size-full wp-image-123387 alignleft\" src=\"https:\/\/images.conexiondigital.com.do\/wp-content\/uploads\/wp-content\/uploads\/2022\/08\/thumbnail_rada-1.jpg\" alt=\"\" width=\"286\" height=\"176\" \/>Santo Domingo. &#8211; A prop\u00f3sito de conmemorarse hoy el primer a\u00f1o de la partida f\u00edsica del \u00eddolo del merengue dominicano Johnny Ventura, el vicepresidente de la Fuerza del Pueblo, Radham\u00e9s Jim\u00e9nez Pe\u00f1a, afirm\u00f3 que el legado pol\u00edtico que leg\u00f3 Johnny al pa\u00eds es inconmensurable, y dej\u00f3 profundas huellas en la historia pol\u00edtica de la Rep\u00fablica Dominicana.<\/p>\n<p>&nbsp;<\/p>\n<p>\u201cPara nosotros el legado pol\u00edtico de Johnny es inconmensurable, es un icono nuestro, que nunca ser\u00e1 olvidado, sus principios y valores cada vez m\u00e1s ser\u00e1n enarbolados en nuestra organizaci\u00f3n pol\u00edtica la Fuerza del Pueblo\u201d refiri\u00f3 el dirigente pol\u00edtico.<\/p>\n<p>&nbsp;<\/p>\n<p>Agreg\u00f3, que los principios y valores del caballo mayor perdurar\u00e1 en el coraz\u00f3n y en la mente de todos los dominicanos.<\/p>\n<p>&nbsp;<\/p>\n<p>\u00bb En nuestro caso particular, Johnny fue nuestro \u00eddolo desde muy ni\u00f1o en la parte art\u00edstica, Dios nos dio la oportunidad de conocerle personalmente; de cultivar una amistad hasta el d\u00eda de su partida, siempre le recordaremos, y ser\u00e1 una l\u00ednea a seguir, su ejemplo nunca morir\u00e1, Johnny vivir\u00e1 por siempre en nuestros corazones\u00bb, rese\u00f1\u00f3.<\/p>\n<p>&nbsp;<\/p>\n<p>Estas declaraciones fueron ofrecidas al ser abordado por la prensa, la misa celebrada la tarde de hoy en la Catedral de Santo Domingo.<\/p>\n","protected":false},"excerpt":{"rendered":"<p>Santo Domingo. &#8211; A prop\u00f3sito de conmemorarse hoy el primer a\u00f1o de la partida f\u00edsica del \u00eddolo del merengue dominicano Johnny Ventura, el vicepresidente de la Fuerza del Pueblo, Radham\u00e9s Jim\u00e9nez Pe\u00f1a, afirm\u00f3 que el legado pol\u00edtico que leg\u00f3 Johnny al pa\u00eds es inconmensurable, y dej\u00f3 profundas huellas en la historia pol\u00edtica de la Rep\u00fablica Dominicana. &nbsp; \u201cPara nosotros el legado pol\u00edtico de Johnny es inconmensurable, es un icono nuestro, que nunca ser\u00e1 olvidado, sus principios y valores cada vez m\u00e1s ser\u00e1n enarbolados en nuestra organizaci\u00f3n pol\u00edtica la Fuerza del Pueblo\u201d refiri\u00f3 el dirigente pol\u00edtico. &nbsp; Agreg\u00f3, que los principios y valores del caballo mayor perdurar\u00e1 en el coraz\u00f3n y en la mente de todos los dominicanos. &nbsp; \u00bb En nuestro caso particular, Johnny fue nuestro \u00eddolo desde muy ni\u00f1o en la parte art\u00edstica, Dios nos dio la oportunidad de conocerle personalmente; de cultivar una amistad hasta el d\u00eda de su partida, siempre le recordaremos, y ser\u00e1 una l\u00ednea a seguir, su ejemplo nunca morir\u00e1, Johnny vivir\u00e1 por siempre en nuestros corazones\u00bb, rese\u00f1\u00f3. &nbsp; Estas declaraciones fueron ofrecidas al ser abordado por la prensa, la misa celebrada la tarde de hoy en la Catedral de Santo Domingo.<\/p>\n","protected":false},"author":6,"featured_media":0,"comment_status":"open","ping_status":"open","sticky":false,"template":"","format":"standard","meta":{"om_disable_all_campaigns":false,"footnotes":""},"categories":[12],"tags":[],"class_list":["post-123386","post","type-post","status-publish","format-standard","hentry","category-politic"],"_links":{"self":[{"href":"https:\/\/conexiondigital.com.do\/index.php\/wp-json\/wp\/v2\/posts\/123386","targetHints":{"allow":["GET"]}}],"collection":[{"href":"https:\/\/conexiondigital.com.do\/index.php\/wp-json\/wp\/v2\/posts"}],"about":[{"href":"https:\/\/conexiondigital.com.do\/index.php\/wp-json\/wp\/v2\/types\/post"}],"author":[{"embeddable":true,"href":"https:\/\/conexiondigital.com.do\/index.php\/wp-json\/wp\/v2\/users\/6"}],"replies":[{"embeddable":true,"href":"https:\/\/conexiondigital.com.do\/index.php\/wp-json\/wp\/v2\/comments?post=123386"}],"version-history":[{"count":1,"href":"https:\/\/conexiondigital.com.do\/index.php\/wp-json\/wp\/v2\/posts\/123386\/revisions"}],"predecessor-version":[{"id":123388,"href":"https:\/\/conexiondigital.com.do\/index.php\/wp-json\/wp\/v2\/posts\/123386\/revisions\/123388"}],"wp:attachment":[{"href":"https:\/\/conexiondigital.com.do\/index.php\/wp-json\/wp\/v2\/media?parent=123386"}],"wp:term":[{"taxonomy":"category","embeddable":true,"href":"https:\/\/conexiondigital.com.do\/index.php\/wp-json\/wp\/v2\/categories?post=123386"},{"taxonomy":"post_tag","embeddable":true,"href":"https:\/\/conexiondigital.com.do\/index.php\/wp-json\/wp\/v2\/tags?post=123386"}],"curies":[{"name":"wp","href":"https:\/\/api.w.org\/{rel}","templated":true}]}}