{"id":123549,"date":"2022-08-21T16:38:07","date_gmt":"2022-08-21T20:38:07","guid":{"rendered":"http:\/\/conexiondigital.com.do\/?p=123549"},"modified":"2022-08-21T16:38:43","modified_gmt":"2022-08-21T20:38:43","slug":"yanira-fondeur-advierte-sistema-esta-fallando-mujeres-victimas-de-violencia","status":"publish","type":"post","link":"https:\/\/conexiondigital.com.do\/index.php\/2022\/08\/21\/yanira-fondeur-advierte-sistema-esta-fallando-mujeres-victimas-de-violencia\/","title":{"rendered":"Yanira Fondeur, advierte sistema est\u00e1 fallando mujeres v\u00edctimas de violencia"},"content":{"rendered":"<p><img loading=\"lazy\" decoding=\"async\" class=\"size-full wp-image-123551 aligncenter\" src=\"https:\/\/images.conexiondigital.com.do\/wp-content\/uploads\/wp-content\/uploads\/2022\/08\/thumbnail_PHOTO-2022-08-17-21-09-55.jpg\" alt=\"\" width=\"770\" height=\"433\" \/>La presidenta de la Fundaci\u00f3n Vida Sin Violencia, licenciada Yanira Fondeur, advirti\u00f3 que el sistema le est\u00e1 fallando a las mujeres v\u00edctimas de violencia y feminicidios, porque en lo que va de a\u00f1o han ocurrido 49 casos, de las cuales 40 han sido cometidos por parejas o ex parejas.<\/p>\n<p>Entrevistada por el periodista Federico M\u00e9ndez, en el programa Esferas de Poder, que se transmite los domingos de 8:00 a 9:00 de la ma\u00f1ana, por RNN Canal 27, plante\u00f3 que es injusto e incluso indigno que mujeres hayan perdido la vida a pesar de tener \u00f3rdenes de protecci\u00f3n.<\/p>\n<p>La activista de la sociedad civil afirm\u00f3 que de esas v\u00edctimas de violencia de g\u00e9nero se han generado 53 hu\u00e9rfanos, situaci\u00f3n que coloca a Rep\u00fablica Dominicana entre los pa\u00edses de Am\u00e9rica Latina con mayor tasa de feminicidio.<\/p>\n<p>Manifest\u00f3 que cuatro mujeres cayeron v\u00edctimas de feminicidios teniendo \u00f3rdenes de protecci\u00f3n frente a las amenazas de que sus vidas corr\u00edan peligro como consecuencia de la violencia.<\/p>\n<p>Deplor\u00f3 que solamente en lo que va del mes de agosto en Santiago han ocurrido dos feminicidios de mujeres que ten\u00edan \u00f3rdenes de protecci\u00f3n.<\/p>\n<p>\u201cEntonces el sistema est\u00e1 fallando, necesitamos medidas, o sea, investigaciones y consecuencias para quienes fallan en el sistema ante estas vidas, porque no solamente estamos hablando de una mujer, estamos hablando de una familia que se destruye por completo\u201d, signific\u00f3.<\/p>\n<p>Lament\u00f3 que casos tr\u00e1gicos suceden en el hogar que debe estar revestido de la mayor seguridad y en presencia de ni\u00f1as y ni\u00f1os, que adem\u00e1s de la secuela quedan con el trauma producto del hecho.<\/p>\n<p>Fondeur recomend\u00f3 la existencia de una polic\u00eda especializada en violencia intrafamiliar y de g\u00e9nero por la complejidad que entra\u00f1a el manejo del tema, con el prop\u00f3sito de que no se revictimice a la mujer que busca ayuda.<\/p>\n<p>\u201cRealmente son alarmantes los niveles de violencia que existen en nuestra naci\u00f3n contra las mujeres, no solamente podemos circunscribirlos a los feminicidios, porque hay muchos casos de violencia grave que gracias a Dios no culminan en asesinatos\u201d, adujo.<\/p>\n<p>Calific\u00f3 como inaceptable que una v\u00edctima de violencia luego de pasar meses y a veces a\u00f1os de miedo, violencia y verg\u00fcenza, sentido de culpabilidad, aislamiento y otras acciones que afectan su salud mental, que decide tener el valor de buscar ayuda ante las autoridades, que le fallen cuando tiene una orden de protecci\u00f3n.<\/p>\n<p>\u201cEntendemos que hay que seguir sensibilizando a jueces, a polic\u00edas y a ministerios p\u00fablicos para que vean, antes de dictar una orden de protecci\u00f3n, la peligrosidad que tiene el agresor y el riesgo que corre la vida de la v\u00edctima que busca ayuda pensando que la van a salvar\u201d, acot\u00f3.<\/p>\n<p>Sostuvo que inmediatamente se notifica una amenaza en contra de una mujer, se debe establecer si el agresor porta arma de fuego, para proceder de inmediato a su retenci\u00f3n.<\/p>\n<p>Entiende que esto forma parte de un conjunto de medidas protocolares que deben ejecutarse con el prop\u00f3sito de que haya garant\u00edas para la vida de la mujer amenazada.<\/p>\n<p>Fondeur manifest\u00f3 que el Estado ha estado haciendo esfuerzos y hay mayores casas de acogida, las cuales se elevan a 16, pero entiende que la base de la problem\u00e1tica est\u00e1 en la prevenci\u00f3n.<\/p>\n<p>\u201cNo tenemos que esperar llegar a una casa de acogida, es prevenir, seguir creando conciencia para que haya una masculinidad respetuosa, que se integre al cuidado del hogar\u201d, subray\u00f3.<\/p>\n<p>Advirti\u00f3 que cuando la mujer decide terminar con una relaci\u00f3n t\u00f3xica es donde m\u00e1s peligro enfrenta su integridad f\u00edsica.<\/p>\n<p>Considera que debe haber seguimiento a las \u00f3rdenes de protecci\u00f3n porque de nada vale que se emitan si al final el hombre logra su objetivo de asesinar a una mujer.<\/p>\n<p>&nbsp;<\/p>\n","protected":false},"excerpt":{"rendered":"<p>La presidenta de la Fundaci\u00f3n Vida Sin Violencia, licenciada Yanira Fondeur, advirti\u00f3 que el sistema le est\u00e1 fallando a las mujeres v\u00edctimas de violencia y feminicidios, porque en lo que va de a\u00f1o han ocurrido 49 casos, de las cuales 40 han sido cometidos por parejas o ex parejas. Entrevistada por el periodista Federico M\u00e9ndez, en el programa Esferas de Poder, que se transmite los domingos de 8:00 a 9:00 de la ma\u00f1ana, por RNN Canal 27, plante\u00f3 que es injusto e incluso indigno que mujeres hayan perdido la vida a pesar de tener \u00f3rdenes de protecci\u00f3n. La activista de la sociedad civil afirm\u00f3 que de esas v\u00edctimas de violencia de g\u00e9nero se han generado 53 hu\u00e9rfanos, situaci\u00f3n que coloca a Rep\u00fablica Dominicana entre los pa\u00edses de Am\u00e9rica Latina con mayor tasa de feminicidio. Manifest\u00f3 que cuatro mujeres cayeron v\u00edctimas de feminicidios teniendo \u00f3rdenes de protecci\u00f3n frente a las amenazas de que sus vidas corr\u00edan peligro como consecuencia de la violencia. Deplor\u00f3 que solamente en lo que va del mes de agosto en Santiago han ocurrido dos feminicidios de mujeres que ten\u00edan \u00f3rdenes de protecci\u00f3n. \u201cEntonces el sistema est\u00e1 fallando, necesitamos medidas, o sea, investigaciones y consecuencias para quienes fallan en el sistema ante estas vidas, porque no solamente estamos hablando de una mujer, estamos hablando de una familia que se destruye por completo\u201d, signific\u00f3. Lament\u00f3 que casos tr\u00e1gicos suceden en el hogar que debe estar revestido de la mayor seguridad y en presencia de ni\u00f1as y ni\u00f1os, que adem\u00e1s de la secuela quedan con el trauma producto del hecho. Fondeur recomend\u00f3 la existencia de una polic\u00eda especializada en violencia intrafamiliar y de g\u00e9nero por la complejidad que entra\u00f1a el manejo del tema, con el prop\u00f3sito de que no se revictimice a la mujer que busca ayuda. \u201cRealmente son alarmantes los niveles de violencia que existen en nuestra naci\u00f3n contra las mujeres, no solamente podemos circunscribirlos a los feminicidios, porque hay muchos casos de violencia grave que gracias a Dios no culminan en asesinatos\u201d, adujo. Calific\u00f3 como inaceptable que una v\u00edctima de violencia luego de pasar meses y a veces a\u00f1os de miedo, violencia y verg\u00fcenza, sentido de culpabilidad, aislamiento y otras acciones que afectan su salud mental, que decide tener el valor de buscar ayuda ante las autoridades, que le fallen cuando tiene una orden de protecci\u00f3n. \u201cEntendemos que hay que seguir sensibilizando a jueces, a polic\u00edas y a ministerios p\u00fablicos para que vean, antes de dictar una orden de protecci\u00f3n, la peligrosidad que tiene el agresor y el riesgo que corre la vida de la v\u00edctima que busca ayuda pensando que la van a salvar\u201d, acot\u00f3. Sostuvo que inmediatamente se notifica una amenaza en contra de una mujer, se debe establecer si el agresor porta arma de fuego, para proceder de inmediato a su retenci\u00f3n. Entiende que esto forma parte de un conjunto de medidas protocolares que deben ejecutarse con el prop\u00f3sito de que haya garant\u00edas para la vida de la mujer amenazada. Fondeur manifest\u00f3 que el Estado ha estado haciendo esfuerzos y hay mayores casas de acogida, las cuales se elevan a 16, pero entiende que la base de la problem\u00e1tica est\u00e1 en la prevenci\u00f3n. \u201cNo tenemos que esperar llegar a una casa de acogida, es prevenir, seguir creando conciencia para que haya una masculinidad respetuosa, que se integre al cuidado del hogar\u201d, subray\u00f3. Advirti\u00f3 que cuando la mujer decide terminar con una relaci\u00f3n t\u00f3xica es donde m\u00e1s peligro enfrenta su integridad f\u00edsica. Considera que debe haber seguimiento a las \u00f3rdenes de protecci\u00f3n porque de nada vale que se emitan si al final el hombre logra su objetivo de asesinar a una mujer. &nbsp;<\/p>\n","protected":false},"author":3,"featured_media":0,"comment_status":"open","ping_status":"open","sticky":false,"template":"","format":"standard","meta":{"om_disable_all_campaigns":false,"footnotes":""},"categories":[15],"tags":[],"class_list":["post-123549","post","type-post","status-publish","format-standard","hentry","category-nacionales"],"_links":{"self":[{"href":"https:\/\/conexiondigital.com.do\/index.php\/wp-json\/wp\/v2\/posts\/123549","targetHints":{"allow":["GET"]}}],"collection":[{"href":"https:\/\/conexiondigital.com.do\/index.php\/wp-json\/wp\/v2\/posts"}],"about":[{"href":"https:\/\/conexiondigital.com.do\/index.php\/wp-json\/wp\/v2\/types\/post"}],"author":[{"embeddable":true,"href":"https:\/\/conexiondigital.com.do\/index.php\/wp-json\/wp\/v2\/users\/3"}],"replies":[{"embeddable":true,"href":"https:\/\/conexiondigital.com.do\/index.php\/wp-json\/wp\/v2\/comments?post=123549"}],"version-history":[{"count":2,"href":"https:\/\/conexiondigital.com.do\/index.php\/wp-json\/wp\/v2\/posts\/123549\/revisions"}],"predecessor-version":[{"id":123552,"href":"https:\/\/conexiondigital.com.do\/index.php\/wp-json\/wp\/v2\/posts\/123549\/revisions\/123552"}],"wp:attachment":[{"href":"https:\/\/conexiondigital.com.do\/index.php\/wp-json\/wp\/v2\/media?parent=123549"}],"wp:term":[{"taxonomy":"category","embeddable":true,"href":"https:\/\/conexiondigital.com.do\/index.php\/wp-json\/wp\/v2\/categories?post=123549"},{"taxonomy":"post_tag","embeddable":true,"href":"https:\/\/conexiondigital.com.do\/index.php\/wp-json\/wp\/v2\/tags?post=123549"}],"curies":[{"name":"wp","href":"https:\/\/api.w.org\/{rel}","templated":true}]}}