{"id":123583,"date":"2022-08-22T18:38:24","date_gmt":"2022-08-22T22:38:24","guid":{"rendered":"http:\/\/conexiondigital.com.do\/?p=123583"},"modified":"2022-08-22T18:38:24","modified_gmt":"2022-08-22T22:38:24","slug":"abinader-y-ministro-de-educacion-inauguran-escuela","status":"publish","type":"post","link":"https:\/\/conexiondigital.com.do\/index.php\/2022\/08\/22\/abinader-y-ministro-de-educacion-inauguran-escuela\/","title":{"rendered":"Abinader y ministro de Educaci\u00f3n inauguran escuela"},"content":{"rendered":"<p><img loading=\"lazy\" decoding=\"async\" class=\"size-medium wp-image-123584 aligncenter\" src=\"https:\/\/images.conexiondigital.com.do\/wp-content\/uploads\/wp-content\/uploads\/2022\/08\/thumbnail_DSC04731-800x533.jpg\" alt=\"\" width=\"800\" height=\"533\" \/>Monte Plata.-\u00a0 El presidente de la Rep\u00fablica, Luis Abinader, junto al ministro de Educaci\u00f3n, \u00c1ngel Hern\u00e1ndez, entregaron este domingo a la comunidad de Mata de Pl\u00e1tano el Centro Educativo Melania Manzueta, con una inversi\u00f3n de RD$31,887,410.41, y que beneficiar\u00e1\u00a0 a m\u00e1s de 130 estudiantes de los niveles Inicial, B\u00e1sico y Medio.<\/p>\n<p>El plantel, que favorecer\u00e1 tambi\u00e9n a los sectores de La Recta, Lambedera del Pico, Mata de Pl\u00e1tano Arriba y Mata de Pl\u00e1tano Abajo, cuenta con nueve aulas,\u00a0 una cancha, cocina, comedor, ba\u00f1o, \u00e1rea administrativa, un aula de inicial, tres \u00e1reas c\u00edvicas, \u00e1rea perimetral, biblioteca, sal\u00f3n de profesores y de orientaci\u00f3n, parqueos,\u00a0 \u00e1rea de recreaci\u00f3n, entre otros espacios.<\/p>\n<p>Con la construcci\u00f3n del moderno centro educativo los mun\u00edcipes tambi\u00e9n recibieron el encache y cierre de una ca\u00f1ada, que estaba ubicada en las inmediaciones de la escuela, as\u00ed como la canalizaci\u00f3n de una tuber\u00eda de hormig\u00f3n y agua potable.<\/p>\n<p>El discurso central del acto inaugural estuvo a cargo del ministro Hern\u00e1ndez, quien expres\u00f3 que estos esfuerzos est\u00e1n encaminados para garantizar que en el inicio del pr\u00f3ximo a\u00f1o escolar ning\u00fan ni\u00f1o quede fuera de las aulas.<\/p>\n<p>Indic\u00f3 que el Gobierno Central est\u00e1 dando respuesta a esas necesidades evidenciadas a nivel nacional de falta de aulas, para extender los requerimientos de la expansi\u00f3n de la matr\u00edcula estudiantil de todo el pa\u00eds.<\/p>\n<p>\u00abLa escuela cambia vidas, y todos tenemos que aportar para que eso siga as\u00ed\u00bb, subray\u00f3 el titular de ese \u00f3rgano estatal, al tiempo que aplaudi\u00f3 la \u00abvocaci\u00f3n del presidente de la Rep\u00fablica, por construir futuro, porque las escuelas son el futuro\u00bb, se\u00f1al\u00f3 el ministro de Educaci\u00f3n.<\/p>\n<p>Hern\u00e1ndez subray\u00f3 que la escuela cambia vidas, por lo tanto, sugiri\u00f3 que \u00abtodos debemos asumir la escuela como nuestra primera responsabilidad para que el aprendizaje de esos ni\u00f1os sea lo principal\u00bb.<\/p>\n<p>El director del centro, Kelvin Bautista Tineo, enfatiz\u00f3 que la comunidad de Mata de Pl\u00e1tano tuvo que esperar m\u00e1s de 20 a\u00f1os para que se le construyera un plantel en d\u00f3nde los ni\u00f1os se sintieran seguros y recibieran el pan de la ense\u00f1anza de manera digna y acord\u00e9 a los nuevos tiempos.<\/p>\n<p>Afirm\u00f3 que \u00abeste es el principio de un cambio profundo, donde est\u00e1 m\u00e1s que demostrado que la mejor inversi\u00f3n es la que se hace en educaci\u00f3n, y m\u00e1s a\u00fan como la hace usted se\u00f1or Presidente, demostrando que en el sistema educativo no se gasta, al contrario, se invierte\u00bb.<\/p>\n<p>En ese sentido, el estudiante de sexto grado Pedro Junior Arc\u00e1ngel Abreu, agradeci\u00f3 en nombre de toda la comunidad estudiantil al presidente Abinader y al ministro Hern\u00e1ndez por la construcci\u00f3n de este magn\u00edfico plantel escolar.<\/p>\n<p>\u00abGracias, se\u00f1or presidente, por este hermoso plantel que albergar\u00e1 a cientos de alumnos y nos permitir\u00e1 el crecimiento integral para el beneficio de nuestra comunidad. A usted tambi\u00e9n, se\u00f1or ministro de Educaci\u00f3n, gracias de coraz\u00f3n por hacernos entrega de un centro educativo que elevar\u00e1 la dignidad de todos los ni\u00f1os\u00bb, manifest\u00f3 el alumno.<\/p>\n<p>Al bendecir el acto, el Padre Ren\u00e9 San\u00f3n, de la Parroquia Sagrado Coraz\u00f3n de Jes\u00fas, agradeci\u00f3 al presidente por la construcci\u00f3n de esta magn\u00edfica obra y dijo que la educaci\u00f3n es la clave y el medio por el que las personas crecen y se forman para el futuro, \u00abnuestros estudiantes, sus padres y toda la comunidad educativa est\u00e1n muy alegres por la edificaci\u00f3n de esta nueva escuela destinada a la ense\u00f1anza, muchas gracias\u00bb.<\/p>\n<p>Al acto de inauguraci\u00f3n asistieron, adem\u00e1s, Juan Garrig\u00f3, viceministro de la Presidencia; V\u00edctor Pichardo, director de Aeroportuaria; Lenin Valdez, senador provincial; Rafaela Javier Gomera, gobernadora provincial; Altagracia Herrera, alcaldesa; V\u00edctor Pichardo, director de Aeroportuaria; Buenaventura Enrique de la Cruz, director de la Regional 17-00; Belkis R. Beras, directora Distrital; Sugelys Manzueta, represente de la Asociaci\u00f3n Dominicana de Profesores ante la Junta Regional; Franklin Mercedes, Presidente\u00a0 de la ADP; Manuel Pantale\u00f3n, alcalde; Ram\u00f3n Holgu\u00edn, en representaci\u00f3n de Inespre; Gumercindo Marte, representante de Bienes Nacionales; Franklin de los \u00c1ngeles, representante de Agricultura; entre otras personalidades y miembros de la comunidad en general.<\/p>\n<p>&nbsp;<\/p>\n<p>Otra inauguraci\u00f3n<\/p>\n<p>Con una inversi\u00f3n de 38.3 millones de pesos, tambi\u00e9n se dej\u00f3 inaugurado el Centro Educativo Cerrallez, en la localidad de La Cuava, el cual cuenta con nueve aulas, una cancha, cocina, comedor, ba\u00f1o, \u00e1rea administrativa, un aula para preescolar, tres \u00e1reas c\u00edvicas, \u00e1rea perimetral, biblioteca, sal\u00f3n de profesores y de orientaci\u00f3n, parqueos,\u00a0 \u00e1rea de recreaci\u00f3n, entre otros espacios.<\/p>\n","protected":false},"excerpt":{"rendered":"<p>Monte Plata.-\u00a0 El presidente de la Rep\u00fablica, Luis Abinader, junto al ministro de Educaci\u00f3n, \u00c1ngel Hern\u00e1ndez, entregaron este domingo a la comunidad de Mata de Pl\u00e1tano el Centro Educativo Melania Manzueta, con una inversi\u00f3n de RD$31,887,410.41, y que beneficiar\u00e1\u00a0 a m\u00e1s de 130 estudiantes de los niveles Inicial, B\u00e1sico y Medio. El plantel, que favorecer\u00e1 tambi\u00e9n a los sectores de La Recta, Lambedera del Pico, Mata de Pl\u00e1tano Arriba y Mata de Pl\u00e1tano Abajo, cuenta con nueve aulas,\u00a0 una cancha, cocina, comedor, ba\u00f1o, \u00e1rea administrativa, un aula de inicial, tres \u00e1reas c\u00edvicas, \u00e1rea perimetral, biblioteca, sal\u00f3n de profesores y de orientaci\u00f3n, parqueos,\u00a0 \u00e1rea de recreaci\u00f3n, entre otros espacios. Con la construcci\u00f3n del moderno centro educativo los mun\u00edcipes tambi\u00e9n recibieron el encache y cierre de una ca\u00f1ada, que estaba ubicada en las inmediaciones de la escuela, as\u00ed como la canalizaci\u00f3n de una tuber\u00eda de hormig\u00f3n y agua potable. El discurso central del acto inaugural estuvo a cargo del ministro Hern\u00e1ndez, quien expres\u00f3 que estos esfuerzos est\u00e1n encaminados para garantizar que en el inicio del pr\u00f3ximo a\u00f1o escolar ning\u00fan ni\u00f1o quede fuera de las aulas. Indic\u00f3 que el Gobierno Central est\u00e1 dando respuesta a esas necesidades evidenciadas a nivel nacional de falta de aulas, para extender los requerimientos de la expansi\u00f3n de la matr\u00edcula estudiantil de todo el pa\u00eds. \u00abLa escuela cambia vidas, y todos tenemos que aportar para que eso siga as\u00ed\u00bb, subray\u00f3 el titular de ese \u00f3rgano estatal, al tiempo que aplaudi\u00f3 la \u00abvocaci\u00f3n del presidente de la Rep\u00fablica, por construir futuro, porque las escuelas son el futuro\u00bb, se\u00f1al\u00f3 el ministro de Educaci\u00f3n. Hern\u00e1ndez subray\u00f3 que la escuela cambia vidas, por lo tanto, sugiri\u00f3 que \u00abtodos debemos asumir la escuela como nuestra primera responsabilidad para que el aprendizaje de esos ni\u00f1os sea lo principal\u00bb. El director del centro, Kelvin Bautista Tineo, enfatiz\u00f3 que la comunidad de Mata de Pl\u00e1tano tuvo que esperar m\u00e1s de 20 a\u00f1os para que se le construyera un plantel en d\u00f3nde los ni\u00f1os se sintieran seguros y recibieran el pan de la ense\u00f1anza de manera digna y acord\u00e9 a los nuevos tiempos. Afirm\u00f3 que \u00abeste es el principio de un cambio profundo, donde est\u00e1 m\u00e1s que demostrado que la mejor inversi\u00f3n es la que se hace en educaci\u00f3n, y m\u00e1s a\u00fan como la hace usted se\u00f1or Presidente, demostrando que en el sistema educativo no se gasta, al contrario, se invierte\u00bb. En ese sentido, el estudiante de sexto grado Pedro Junior Arc\u00e1ngel Abreu, agradeci\u00f3 en nombre de toda la comunidad estudiantil al presidente Abinader y al ministro Hern\u00e1ndez por la construcci\u00f3n de este magn\u00edfico plantel escolar. \u00abGracias, se\u00f1or presidente, por este hermoso plantel que albergar\u00e1 a cientos de alumnos y nos permitir\u00e1 el crecimiento integral para el beneficio de nuestra comunidad. A usted tambi\u00e9n, se\u00f1or ministro de Educaci\u00f3n, gracias de coraz\u00f3n por hacernos entrega de un centro educativo que elevar\u00e1 la dignidad de todos los ni\u00f1os\u00bb, manifest\u00f3 el alumno. Al bendecir el acto, el Padre Ren\u00e9 San\u00f3n, de la Parroquia Sagrado Coraz\u00f3n de Jes\u00fas, agradeci\u00f3 al presidente por la construcci\u00f3n de esta magn\u00edfica obra y dijo que la educaci\u00f3n es la clave y el medio por el que las personas crecen y se forman para el futuro, \u00abnuestros estudiantes, sus padres y toda la comunidad educativa est\u00e1n muy alegres por la edificaci\u00f3n de esta nueva escuela destinada a la ense\u00f1anza, muchas gracias\u00bb. Al acto de inauguraci\u00f3n asistieron, adem\u00e1s, Juan Garrig\u00f3, viceministro de la Presidencia; V\u00edctor Pichardo, director de Aeroportuaria; Lenin Valdez, senador provincial; Rafaela Javier Gomera, gobernadora provincial; Altagracia Herrera, alcaldesa; V\u00edctor Pichardo, director de Aeroportuaria; Buenaventura Enrique de la Cruz, director de la Regional 17-00; Belkis R. Beras, directora Distrital; Sugelys Manzueta, represente de la Asociaci\u00f3n Dominicana de Profesores ante la Junta Regional; Franklin Mercedes, Presidente\u00a0 de la ADP; Manuel Pantale\u00f3n, alcalde; Ram\u00f3n Holgu\u00edn, en representaci\u00f3n de Inespre; Gumercindo Marte, representante de Bienes Nacionales; Franklin de los \u00c1ngeles, representante de Agricultura; entre otras personalidades y miembros de la comunidad en general. &nbsp; Otra inauguraci\u00f3n Con una inversi\u00f3n de 38.3 millones de pesos, tambi\u00e9n se dej\u00f3 inaugurado el Centro Educativo Cerrallez, en la localidad de La Cuava, el cual cuenta con nueve aulas, una cancha, cocina, comedor, ba\u00f1o, \u00e1rea administrativa, un aula para preescolar, tres \u00e1reas c\u00edvicas, \u00e1rea perimetral, biblioteca, sal\u00f3n de profesores y de orientaci\u00f3n, parqueos,\u00a0 \u00e1rea de recreaci\u00f3n, entre otros espacios.<\/p>\n","protected":false},"author":6,"featured_media":0,"comment_status":"open","ping_status":"open","sticky":false,"template":"","format":"standard","meta":{"om_disable_all_campaigns":false,"footnotes":""},"categories":[15],"tags":[],"class_list":["post-123583","post","type-post","status-publish","format-standard","hentry","category-nacionales"],"_links":{"self":[{"href":"https:\/\/conexiondigital.com.do\/index.php\/wp-json\/wp\/v2\/posts\/123583","targetHints":{"allow":["GET"]}}],"collection":[{"href":"https:\/\/conexiondigital.com.do\/index.php\/wp-json\/wp\/v2\/posts"}],"about":[{"href":"https:\/\/conexiondigital.com.do\/index.php\/wp-json\/wp\/v2\/types\/post"}],"author":[{"embeddable":true,"href":"https:\/\/conexiondigital.com.do\/index.php\/wp-json\/wp\/v2\/users\/6"}],"replies":[{"embeddable":true,"href":"https:\/\/conexiondigital.com.do\/index.php\/wp-json\/wp\/v2\/comments?post=123583"}],"version-history":[{"count":1,"href":"https:\/\/conexiondigital.com.do\/index.php\/wp-json\/wp\/v2\/posts\/123583\/revisions"}],"predecessor-version":[{"id":123585,"href":"https:\/\/conexiondigital.com.do\/index.php\/wp-json\/wp\/v2\/posts\/123583\/revisions\/123585"}],"wp:attachment":[{"href":"https:\/\/conexiondigital.com.do\/index.php\/wp-json\/wp\/v2\/media?parent=123583"}],"wp:term":[{"taxonomy":"category","embeddable":true,"href":"https:\/\/conexiondigital.com.do\/index.php\/wp-json\/wp\/v2\/categories?post=123583"},{"taxonomy":"post_tag","embeddable":true,"href":"https:\/\/conexiondigital.com.do\/index.php\/wp-json\/wp\/v2\/tags?post=123583"}],"curies":[{"name":"wp","href":"https:\/\/api.w.org\/{rel}","templated":true}]}}