{"id":123772,"date":"2022-09-06T10:36:43","date_gmt":"2022-09-06T14:36:43","guid":{"rendered":"http:\/\/conexiondigital.com.do\/?p=123772"},"modified":"2022-09-06T10:37:19","modified_gmt":"2022-09-06T14:37:19","slug":"ministro-de-economia-califica-de-razonable-el-proyecto-de-presupuesto-complementario-ante-la-situacion-extraordinaria-que-vive-rd-y-el-mundo","status":"publish","type":"post","link":"https:\/\/conexiondigital.com.do\/index.php\/2022\/09\/06\/ministro-de-economia-califica-de-razonable-el-proyecto-de-presupuesto-complementario-ante-la-situacion-extraordinaria-que-vive-rd-y-el-mundo\/","title":{"rendered":"Ministro de Econom\u00eda califica de razonable el proyecto de presupuesto complementario ante la situaci\u00f3n extraordinaria que vive RD y el mundo\u00a0"},"content":{"rendered":"<p><strong><img loading=\"lazy\" decoding=\"async\" class=\"size-medium wp-image-123773 aligncenter\" src=\"https:\/\/images.conexiondigital.com.do\/wp-content\/uploads\/wp-content\/uploads\/2022\/09\/thumbnail_Pavel-Ernesto-Isa-Contreras-viceministro-de-Planificacio\u0301n-e-Inversio\u0301n-Pu\u0301blica-266-534x800.jpg\" alt=\"\" width=\"534\" height=\"800\" \/>P\u00e1vel Isa Contreras expresa que el proyecto reconoce que el Gobierno ha realizado un esfuerzo excepcional para contener los peores efectos de la inflaci\u00f3n a trav\u00e9s de un programa de subsidios a combustibles y alimentos.\u00a0<\/strong><\/p>\n<p>Santo Domingo, Rep\u00fablica Dominicana. El ministro de Econom\u00eda, Planificaci\u00f3n y Desarrollo, P\u00e1vel Isa Contreras, manifest\u00f3 que el proyecto de presupuesto complementario que someti\u00f3 el Poder Ejecutivo al Congreso Nacional es razonable ante las circunstancias excepcionales que vive la Rep\u00fablica Dominicana y el resto del mundo.<\/p>\n<p>\u201cEl presupuesto complementario responde a la situaci\u00f3n extraordinaria que est\u00e1 viviendo el mundo y la Rep\u00fablica Dominicana en particular, y lo que hace es reconocer que el Gobierno ha tenido que involucrarse en un esfuerzo muy grande para contener los peores efectos de la inflaci\u00f3n a trav\u00e9s de un programa de subsidios a combustibles y alimentos\u201d, explic\u00f3 el economista e investigador.\u00a0El ministro de Econom\u00eda, Planificaci\u00f3n y Desarrollo reiter\u00f3 que este programa de subsidios ha impedido que la tasa de inflaci\u00f3n alcance el 15 % y que actualmente se proyecta que el a\u00f1o cierre con una tasa de entre un 8 y 9 %.<\/p>\n<p>\u201cEl programa est\u00e1 siendo un \u00e9xito en contener los efectos de la inflaci\u00f3n. Por supuesto que eso implica que el Gobierno ha tenido que erogar o dejar de percibir una cantidad muy significativa de recursos y por eso es que se est\u00e1 introduciendo la modificaci\u00f3n del presupuesto\u201d, expres\u00f3 Isa Contreras.<\/p>\n<p>Sostuvo que la ejecuci\u00f3n de este proyecto implicar\u00eda un aumento moderado del d\u00e9ficit fiscal desde un equivalente al 3 % del producto interno bruto (PIB) hasta un 3.6 %, lo que \u201cen las circunstancias actuales no se trata de un aumento significativo\u201d.<\/p>\n","protected":false},"excerpt":{"rendered":"<p>P\u00e1vel Isa Contreras expresa que el proyecto reconoce que el Gobierno ha realizado un esfuerzo excepcional para contener los peores efectos de la inflaci\u00f3n a trav\u00e9s de un programa de subsidios a combustibles y alimentos.\u00a0 Santo Domingo, Rep\u00fablica Dominicana. El ministro de Econom\u00eda, Planificaci\u00f3n y Desarrollo, P\u00e1vel Isa Contreras, manifest\u00f3 que el proyecto de presupuesto complementario que someti\u00f3 el Poder Ejecutivo al Congreso Nacional es razonable ante las circunstancias excepcionales que vive la Rep\u00fablica Dominicana y el resto del mundo. \u201cEl presupuesto complementario responde a la situaci\u00f3n extraordinaria que est\u00e1 viviendo el mundo y la Rep\u00fablica Dominicana en particular, y lo que hace es reconocer que el Gobierno ha tenido que involucrarse en un esfuerzo muy grande para contener los peores efectos de la inflaci\u00f3n a trav\u00e9s de un programa de subsidios a combustibles y alimentos\u201d, explic\u00f3 el economista e investigador.\u00a0El ministro de Econom\u00eda, Planificaci\u00f3n y Desarrollo reiter\u00f3 que este programa de subsidios ha impedido que la tasa de inflaci\u00f3n alcance el 15 % y que actualmente se proyecta que el a\u00f1o cierre con una tasa de entre un 8 y 9 %. \u201cEl programa est\u00e1 siendo un \u00e9xito en contener los efectos de la inflaci\u00f3n. Por supuesto que eso implica que el Gobierno ha tenido que erogar o dejar de percibir una cantidad muy significativa de recursos y por eso es que se est\u00e1 introduciendo la modificaci\u00f3n del presupuesto\u201d, expres\u00f3 Isa Contreras. Sostuvo que la ejecuci\u00f3n de este proyecto implicar\u00eda un aumento moderado del d\u00e9ficit fiscal desde un equivalente al 3 % del producto interno bruto (PIB) hasta un 3.6 %, lo que \u201cen las circunstancias actuales no se trata de un aumento significativo\u201d.<\/p>\n","protected":false},"author":6,"featured_media":0,"comment_status":"open","ping_status":"open","sticky":false,"template":"","format":"standard","meta":{"om_disable_all_campaigns":false,"footnotes":""},"categories":[56],"tags":[],"class_list":["post-123772","post","type-post","status-publish","format-standard","hentry","category-economia"],"_links":{"self":[{"href":"https:\/\/conexiondigital.com.do\/index.php\/wp-json\/wp\/v2\/posts\/123772","targetHints":{"allow":["GET"]}}],"collection":[{"href":"https:\/\/conexiondigital.com.do\/index.php\/wp-json\/wp\/v2\/posts"}],"about":[{"href":"https:\/\/conexiondigital.com.do\/index.php\/wp-json\/wp\/v2\/types\/post"}],"author":[{"embeddable":true,"href":"https:\/\/conexiondigital.com.do\/index.php\/wp-json\/wp\/v2\/users\/6"}],"replies":[{"embeddable":true,"href":"https:\/\/conexiondigital.com.do\/index.php\/wp-json\/wp\/v2\/comments?post=123772"}],"version-history":[{"count":2,"href":"https:\/\/conexiondigital.com.do\/index.php\/wp-json\/wp\/v2\/posts\/123772\/revisions"}],"predecessor-version":[{"id":123775,"href":"https:\/\/conexiondigital.com.do\/index.php\/wp-json\/wp\/v2\/posts\/123772\/revisions\/123775"}],"wp:attachment":[{"href":"https:\/\/conexiondigital.com.do\/index.php\/wp-json\/wp\/v2\/media?parent=123772"}],"wp:term":[{"taxonomy":"category","embeddable":true,"href":"https:\/\/conexiondigital.com.do\/index.php\/wp-json\/wp\/v2\/categories?post=123772"},{"taxonomy":"post_tag","embeddable":true,"href":"https:\/\/conexiondigital.com.do\/index.php\/wp-json\/wp\/v2\/tags?post=123772"}],"curies":[{"name":"wp","href":"https:\/\/api.w.org\/{rel}","templated":true}]}}