{"id":123937,"date":"2022-09-12T10:15:46","date_gmt":"2022-09-12T14:15:46","guid":{"rendered":"http:\/\/conexiondigital.com.do\/?p=123937"},"modified":"2022-09-12T10:15:46","modified_gmt":"2022-09-12T14:15:46","slug":"deterioro-que-vive-el-pais-obliga-al-prd-a-hacer-esfuerzos-para-ser-opcion-de-poder-en-2024","status":"publish","type":"post","link":"https:\/\/conexiondigital.com.do\/index.php\/2022\/09\/12\/deterioro-que-vive-el-pais-obliga-al-prd-a-hacer-esfuerzos-para-ser-opcion-de-poder-en-2024\/","title":{"rendered":"Deterioro que vive el pa\u00eds obliga al PRD a hacer esfuerzos para ser opci\u00f3n de poder en 2024"},"content":{"rendered":"<p><strong><img loading=\"lazy\" decoding=\"async\" class=\"size-medium wp-image-123938 aligncenter\" src=\"https:\/\/images.conexiondigital.com.do\/wp-content\/uploads\/wp-content\/uploads\/2022\/09\/thumbnail_MOCA-MVM-3-800x534.jpg\" alt=\"\" width=\"800\" height=\"534\" \/>MVM reitera en Moca que se preparan para presentar candidaturas propias en todos los niveles en los pr\u00f3ximos comicios.<\/strong><\/p>\n<p>Espaillat.- La actual situaci\u00f3n de deterioro que afecta a la naci\u00f3n obliga al Partido Revolucionario Dominicano (PRD) a trabajar arduamente para ser opci\u00f3n de poder en las elecciones del 2024.<\/p>\n<p>As\u00ed lo expres\u00f3 el presidente de la organizaci\u00f3n opositora, ingeniero Miguel Vargas Maldonado, al encabezar este fin de semana el cierre de actividades del partido en el municipio de Moca, en esta provincia.<\/p>\n<p>\u201cEl pa\u00eds pasa por situaciones muy dif\u00edciles, con mucho reflejo de deterioro en todos los sectores de la vida y comunidad de desarrollo nacional\u201d, advirti\u00f3.<\/p>\n<p>En ese sentido, dijo que \u201cel PRD, con m\u00e1s raz\u00f3n, hace este esfuerzo y este trabajo de ponerse en condiciones de participar con \u00e9xito en los pr\u00f3ximos procesos electorales\u201d.<\/p>\n<p>\u201cYa hemos escuchado cr\u00edticas de los ayuntamientos y del gobierno central: no hay una planificaci\u00f3n, est\u00e1 marcado por la improvisaci\u00f3n y por promesas y m\u00e1s promesas incumplidas\u201d, prosigui\u00f3.<\/p>\n<p>\u201cEvidentemente, le vendieron al pueblo un cambio sin tener un proyecto de cambio\u201d, reiter\u00f3 Vargas.<\/p>\n<p>Agreg\u00f3 que \u201cesto se refleja en la incapacidad de gesti\u00f3n y de respuesta que tiene (el gobierno) a los grandes problemas nacionales y peque\u00f1os, por igual\u201d.<\/p>\n<p>\u201cPor lo tanto, para nosotros como PRD el principal compromiso es con nuestro pueblo\u201d, enfatiz\u00f3.<\/p>\n<p>Asimismo, record\u00f3: \u201cDijimos al terminar el proceso pasado que el PRD no ten\u00eda compromiso con ning\u00fan partido pol\u00edtico, ni con el PLD, ni con la Fuerza del Pueblo, ni con el PRM y,\u00a0 mucho menos, con el gobierno; el compromiso del PRD es con el PRD y con el pueblo dominicano\u201d.<\/p>\n<p>\u201cPor eso decidimos recorrer nuestro propio camino, crear nuestro propio espacio y presentar candidaturas propias en todos los niveles: municipal, congresual y a la Presidencia de la Rep\u00fablica, y vamos a trabajar para que esto sea una realidad\u201d.<\/p>\n<p><strong>M\u00e1s sobre el encuentro<\/strong><\/p>\n<p>Adem\u00e1s de juramentar la estructura de direcci\u00f3n perrede\u00edsta de cada demarcaci\u00f3n de esta provincia, Vargas dej\u00f3 inaugurado el local municipal e invit\u00f3 a los l\u00edderes locales a emular al doctor Ram\u00f3n\u00a0 G\u00f3mez Lizardo, quien formaliz\u00f3 sus aspiraciones a alcalde de Moca.<\/p>\n<p>En la actividad participaron la presidenta provincial de la Secretar\u00eda de la Mujer (FEDOMUSDE), Orfelia P\u00e9rez, as\u00ed como los dirigentes:\u00a0Luis Ernesto Camilo, Salo Morillo, Ricardo Castillo, Ram\u00f3n Grull\u00f3n, Ram\u00f3n G\u00f3mez\u00a0 Lizardo y Orlando L\u00f3pez.<\/p>\n","protected":false},"excerpt":{"rendered":"<p>MVM reitera en Moca que se preparan para presentar candidaturas propias en todos los niveles en los pr\u00f3ximos comicios. Espaillat.- La actual situaci\u00f3n de deterioro que afecta a la naci\u00f3n obliga al Partido Revolucionario Dominicano (PRD) a trabajar arduamente para ser opci\u00f3n de poder en las elecciones del 2024. As\u00ed lo expres\u00f3 el presidente de la organizaci\u00f3n opositora, ingeniero Miguel Vargas Maldonado, al encabezar este fin de semana el cierre de actividades del partido en el municipio de Moca, en esta provincia. \u201cEl pa\u00eds pasa por situaciones muy dif\u00edciles, con mucho reflejo de deterioro en todos los sectores de la vida y comunidad de desarrollo nacional\u201d, advirti\u00f3. En ese sentido, dijo que \u201cel PRD, con m\u00e1s raz\u00f3n, hace este esfuerzo y este trabajo de ponerse en condiciones de participar con \u00e9xito en los pr\u00f3ximos procesos electorales\u201d. \u201cYa hemos escuchado cr\u00edticas de los ayuntamientos y del gobierno central: no hay una planificaci\u00f3n, est\u00e1 marcado por la improvisaci\u00f3n y por promesas y m\u00e1s promesas incumplidas\u201d, prosigui\u00f3. \u201cEvidentemente, le vendieron al pueblo un cambio sin tener un proyecto de cambio\u201d, reiter\u00f3 Vargas. Agreg\u00f3 que \u201cesto se refleja en la incapacidad de gesti\u00f3n y de respuesta que tiene (el gobierno) a los grandes problemas nacionales y peque\u00f1os, por igual\u201d. \u201cPor lo tanto, para nosotros como PRD el principal compromiso es con nuestro pueblo\u201d, enfatiz\u00f3. Asimismo, record\u00f3: \u201cDijimos al terminar el proceso pasado que el PRD no ten\u00eda compromiso con ning\u00fan partido pol\u00edtico, ni con el PLD, ni con la Fuerza del Pueblo, ni con el PRM y,\u00a0 mucho menos, con el gobierno; el compromiso del PRD es con el PRD y con el pueblo dominicano\u201d. \u201cPor eso decidimos recorrer nuestro propio camino, crear nuestro propio espacio y presentar candidaturas propias en todos los niveles: municipal, congresual y a la Presidencia de la Rep\u00fablica, y vamos a trabajar para que esto sea una realidad\u201d. M\u00e1s sobre el encuentro Adem\u00e1s de juramentar la estructura de direcci\u00f3n perrede\u00edsta de cada demarcaci\u00f3n de esta provincia, Vargas dej\u00f3 inaugurado el local municipal e invit\u00f3 a los l\u00edderes locales a emular al doctor Ram\u00f3n\u00a0 G\u00f3mez Lizardo, quien formaliz\u00f3 sus aspiraciones a alcalde de Moca. En la actividad participaron la presidenta provincial de la Secretar\u00eda de la Mujer (FEDOMUSDE), Orfelia P\u00e9rez, as\u00ed como los dirigentes:\u00a0Luis Ernesto Camilo, Salo Morillo, Ricardo Castillo, Ram\u00f3n Grull\u00f3n, Ram\u00f3n G\u00f3mez\u00a0 Lizardo y Orlando L\u00f3pez.<\/p>\n","protected":false},"author":6,"featured_media":0,"comment_status":"open","ping_status":"open","sticky":false,"template":"","format":"standard","meta":{"om_disable_all_campaigns":false,"footnotes":""},"categories":[12],"tags":[],"class_list":["post-123937","post","type-post","status-publish","format-standard","hentry","category-politic"],"_links":{"self":[{"href":"https:\/\/conexiondigital.com.do\/index.php\/wp-json\/wp\/v2\/posts\/123937","targetHints":{"allow":["GET"]}}],"collection":[{"href":"https:\/\/conexiondigital.com.do\/index.php\/wp-json\/wp\/v2\/posts"}],"about":[{"href":"https:\/\/conexiondigital.com.do\/index.php\/wp-json\/wp\/v2\/types\/post"}],"author":[{"embeddable":true,"href":"https:\/\/conexiondigital.com.do\/index.php\/wp-json\/wp\/v2\/users\/6"}],"replies":[{"embeddable":true,"href":"https:\/\/conexiondigital.com.do\/index.php\/wp-json\/wp\/v2\/comments?post=123937"}],"version-history":[{"count":1,"href":"https:\/\/conexiondigital.com.do\/index.php\/wp-json\/wp\/v2\/posts\/123937\/revisions"}],"predecessor-version":[{"id":123939,"href":"https:\/\/conexiondigital.com.do\/index.php\/wp-json\/wp\/v2\/posts\/123937\/revisions\/123939"}],"wp:attachment":[{"href":"https:\/\/conexiondigital.com.do\/index.php\/wp-json\/wp\/v2\/media?parent=123937"}],"wp:term":[{"taxonomy":"category","embeddable":true,"href":"https:\/\/conexiondigital.com.do\/index.php\/wp-json\/wp\/v2\/categories?post=123937"},{"taxonomy":"post_tag","embeddable":true,"href":"https:\/\/conexiondigital.com.do\/index.php\/wp-json\/wp\/v2\/tags?post=123937"}],"curies":[{"name":"wp","href":"https:\/\/api.w.org\/{rel}","templated":true}]}}