{"id":124108,"date":"2022-09-19T09:18:01","date_gmt":"2022-09-19T13:18:01","guid":{"rendered":"http:\/\/conexiondigital.com.do\/?p=124108"},"modified":"2022-09-19T09:18:01","modified_gmt":"2022-09-19T13:18:01","slug":"autoridades-de-turismo-y-aviacion-civil-supervisan-nuevo-radar-y-servicios-aeronauticos-de-punta-cana","status":"publish","type":"post","link":"https:\/\/conexiondigital.com.do\/index.php\/2022\/09\/19\/autoridades-de-turismo-y-aviacion-civil-supervisan-nuevo-radar-y-servicios-aeronauticos-de-punta-cana\/","title":{"rendered":"Autoridades de turismo y aviaci\u00f3n civil supervisan nuevo radar y servicios aeron\u00e1uticos de Punta Cana"},"content":{"rendered":"<p><img loading=\"lazy\" decoding=\"async\" class=\"size-full wp-image-124109 aligncenter\" src=\"https:\/\/images.conexiondigital.com.do\/wp-content\/uploads\/wp-content\/uploads\/2022\/09\/WhatsApp-Image-2022-09-18-at-9.14.34-PM-1-770x540-1-696x488.jpg\" alt=\"\" width=\"696\" height=\"488\" \/>PUNTA CANA. &#8211; El nuevo radar meteorol\u00f3gico Doppler, el m\u00e1s moderno de la Regi\u00f3n del Caribe, instalado en el Aeropuerto Internacional de Punta Cana, ya cuenta con la operaci\u00f3n certificada de su fabricante mientras se encuentra en su fase final el entrenamiento de su personal t\u00e9cnico, revel\u00f3 el director general interino del Instituto Dominicano de Aviaci\u00f3n Civil, H\u00e9ctor Porcella.<\/p>\n<p>Luego de participar en una visita de inspecci\u00f3n al Centro de Control y a la Torre de Control de Punta Cana, junto al ministro de Turismo, David Collado y otras autoridades aeron\u00e1uticas, Porcella indic\u00f3 que el nuevo equipo meteorol\u00f3gico le permitir\u00e1 al pa\u00eds disponer de informaci\u00f3n en tiempo real, distancia, altitud y velocidad, de los eventos meteorol\u00f3gicos que puedan representar alg\u00fan riesgo para el territorio nacional.<\/p>\n<p>En el recorrido por las instalaciones de Punta Cana participaron el ministro Collado, el director del Departamento Aeroportuario V\u00edctor Pichardo; la directora de Navegaci\u00f3n A\u00e9rea del IDAC, Claudia Beatriz Roa Ochoa; el director del Cuerpo Especializado de Seguridad Aeroportuaria (CESAC), coronel Florial Suarez;\u00a0 el director de POLITUR, general\u00a0\u00a0 Minoru Matsunaga; el representante del sector privado ante la Junta de Aviaci\u00f3n Civil, Antonio Yapor; la ejecutiva del grupo Puntacana Paola Rainieri; \u00a0\u00a0y el propio director del IDAC, entidad responsable del nuevo proyecto, \u00a0en coordinaci\u00f3n con la Direcci\u00f3n Nacional de Meteorolog\u00eda (ONAMET).<\/p>\n<p>Durante su presencia en Punta Cana, las autoridades supervisaron las medidas adoptadas para proteger los equipos aeron\u00e1uticos, incluyendo las aeronaves que permanecen en las terminales aeroportuarias y los sistemas de seguridad en los servicios de navegaci\u00f3n a\u00e9rea.<\/p>\n<p>Porcella explic\u00f3 que el radar Doppler ser\u00e1 una herramienta estrat\u00e9gica para el seguimiento y monitoreo oportuno de los fen\u00f3menos atmosf\u00e9ricos, y los sistemas de alerta temprana ante posibles amenazas clim\u00e1ticas.<\/p>\n<p>Indic\u00f3 que la puesta en servicio del radar Doppler forma parte de las iniciativas asumidas por el IDAC, con el pleno apoyo del presidente Abinader, para fortalecer la seguridad operacional como herramienta fundamental para proteger al pa\u00eds del impacto de fen\u00f3menos atmosf\u00e9ricos y garantizar la sostenibilidad del notable crecimiento que registra la aviaci\u00f3n civil en la Rep\u00fablica Dominicana.<\/p>\n<p>El pasado viernes, el IDAC reuni\u00f3 a sus principales directores de \u00e1reas para activar oficialmente su comit\u00e9 de emergencia y disponer medidas de coordinaci\u00f3n interinstitucional ante el paso de la tormenta Fiona.<\/p>\n<p>El director general interino del IDAC instruy\u00f3 al personal responsable aplicar los protocolos de prevenci\u00f3n en el \u00e1mbito interno y mantenerse en alerta, siguiendo las orientaciones emanadas del Centro de Operaciones de Emergencias (COE).<\/p>\n","protected":false},"excerpt":{"rendered":"<p>PUNTA CANA. &#8211; El nuevo radar meteorol\u00f3gico Doppler, el m\u00e1s moderno de la Regi\u00f3n del Caribe, instalado en el Aeropuerto Internacional de Punta Cana, ya cuenta con la operaci\u00f3n certificada de su fabricante mientras se encuentra en su fase final el entrenamiento de su personal t\u00e9cnico, revel\u00f3 el director general interino del Instituto Dominicano de Aviaci\u00f3n Civil, H\u00e9ctor Porcella. Luego de participar en una visita de inspecci\u00f3n al Centro de Control y a la Torre de Control de Punta Cana, junto al ministro de Turismo, David Collado y otras autoridades aeron\u00e1uticas, Porcella indic\u00f3 que el nuevo equipo meteorol\u00f3gico le permitir\u00e1 al pa\u00eds disponer de informaci\u00f3n en tiempo real, distancia, altitud y velocidad, de los eventos meteorol\u00f3gicos que puedan representar alg\u00fan riesgo para el territorio nacional. En el recorrido por las instalaciones de Punta Cana participaron el ministro Collado, el director del Departamento Aeroportuario V\u00edctor Pichardo; la directora de Navegaci\u00f3n A\u00e9rea del IDAC, Claudia Beatriz Roa Ochoa; el director del Cuerpo Especializado de Seguridad Aeroportuaria (CESAC), coronel Florial Suarez;\u00a0 el director de POLITUR, general\u00a0\u00a0 Minoru Matsunaga; el representante del sector privado ante la Junta de Aviaci\u00f3n Civil, Antonio Yapor; la ejecutiva del grupo Puntacana Paola Rainieri; \u00a0\u00a0y el propio director del IDAC, entidad responsable del nuevo proyecto, \u00a0en coordinaci\u00f3n con la Direcci\u00f3n Nacional de Meteorolog\u00eda (ONAMET). Durante su presencia en Punta Cana, las autoridades supervisaron las medidas adoptadas para proteger los equipos aeron\u00e1uticos, incluyendo las aeronaves que permanecen en las terminales aeroportuarias y los sistemas de seguridad en los servicios de navegaci\u00f3n a\u00e9rea. Porcella explic\u00f3 que el radar Doppler ser\u00e1 una herramienta estrat\u00e9gica para el seguimiento y monitoreo oportuno de los fen\u00f3menos atmosf\u00e9ricos, y los sistemas de alerta temprana ante posibles amenazas clim\u00e1ticas. Indic\u00f3 que la puesta en servicio del radar Doppler forma parte de las iniciativas asumidas por el IDAC, con el pleno apoyo del presidente Abinader, para fortalecer la seguridad operacional como herramienta fundamental para proteger al pa\u00eds del impacto de fen\u00f3menos atmosf\u00e9ricos y garantizar la sostenibilidad del notable crecimiento que registra la aviaci\u00f3n civil en la Rep\u00fablica Dominicana. El pasado viernes, el IDAC reuni\u00f3 a sus principales directores de \u00e1reas para activar oficialmente su comit\u00e9 de emergencia y disponer medidas de coordinaci\u00f3n interinstitucional ante el paso de la tormenta Fiona. El director general interino del IDAC instruy\u00f3 al personal responsable aplicar los protocolos de prevenci\u00f3n en el \u00e1mbito interno y mantenerse en alerta, siguiendo las orientaciones emanadas del Centro de Operaciones de Emergencias (COE).<\/p>\n","protected":false},"author":6,"featured_media":0,"comment_status":"open","ping_status":"open","sticky":false,"template":"","format":"standard","meta":{"om_disable_all_campaigns":false,"footnotes":""},"categories":[56],"tags":[],"class_list":["post-124108","post","type-post","status-publish","format-standard","hentry","category-economia"],"_links":{"self":[{"href":"https:\/\/conexiondigital.com.do\/index.php\/wp-json\/wp\/v2\/posts\/124108","targetHints":{"allow":["GET"]}}],"collection":[{"href":"https:\/\/conexiondigital.com.do\/index.php\/wp-json\/wp\/v2\/posts"}],"about":[{"href":"https:\/\/conexiondigital.com.do\/index.php\/wp-json\/wp\/v2\/types\/post"}],"author":[{"embeddable":true,"href":"https:\/\/conexiondigital.com.do\/index.php\/wp-json\/wp\/v2\/users\/6"}],"replies":[{"embeddable":true,"href":"https:\/\/conexiondigital.com.do\/index.php\/wp-json\/wp\/v2\/comments?post=124108"}],"version-history":[{"count":1,"href":"https:\/\/conexiondigital.com.do\/index.php\/wp-json\/wp\/v2\/posts\/124108\/revisions"}],"predecessor-version":[{"id":124110,"href":"https:\/\/conexiondigital.com.do\/index.php\/wp-json\/wp\/v2\/posts\/124108\/revisions\/124110"}],"wp:attachment":[{"href":"https:\/\/conexiondigital.com.do\/index.php\/wp-json\/wp\/v2\/media?parent=124108"}],"wp:term":[{"taxonomy":"category","embeddable":true,"href":"https:\/\/conexiondigital.com.do\/index.php\/wp-json\/wp\/v2\/categories?post=124108"},{"taxonomy":"post_tag","embeddable":true,"href":"https:\/\/conexiondigital.com.do\/index.php\/wp-json\/wp\/v2\/tags?post=124108"}],"curies":[{"name":"wp","href":"https:\/\/api.w.org\/{rel}","templated":true}]}}