{"id":124123,"date":"2022-09-19T09:31:23","date_gmt":"2022-09-19T13:31:23","guid":{"rendered":"http:\/\/conexiondigital.com.do\/?p=124123"},"modified":"2022-09-19T09:32:02","modified_gmt":"2022-09-19T13:32:02","slug":"presidente-luis-abinader-declara-lunes-19-de-septiembre-no-laborable","status":"publish","type":"post","link":"https:\/\/conexiondigital.com.do\/index.php\/2022\/09\/19\/presidente-luis-abinader-declara-lunes-19-de-septiembre-no-laborable\/","title":{"rendered":"Presidente Luis Abinader declara lunes 19 de septiembre no laborable\u00a0"},"content":{"rendered":"<p><img loading=\"lazy\" decoding=\"async\" class=\"size-medium wp-image-124124 aligncenter\" src=\"https:\/\/images.conexiondigital.com.do\/wp-content\/uploads\/wp-content\/uploads\/2022\/09\/thumbnail_WhatsApp-Image-2022-09-15-at-6.52.17-PM-800x571.jpg\" alt=\"\" width=\"800\" height=\"571\" \/>Santo Domingo. Por disposici\u00f3n del Poder Ejecutivo se declara el lunes 19 de septiembre del 2022 no laborable ante los efectos del posible paso del Hurac\u00e1n Fiona por el territorio Nacional.<\/p>\n<p>El Ministerio de Trabajo instruye a salvaguardar la vida de todos los trabajadores y empleadores de la Rep\u00fablica Dominicana, tomando las medidas necesarias para proteger los bienes utilizados en la producci\u00f3n nacional, se exhorta a la poblaci\u00f3n a mantearse atentos a las alertas emitidas por el COE y esta instituci\u00f3n en materia laboral.<\/p>\n<p>&nbsp;<\/p>\n","protected":false},"excerpt":{"rendered":"<p>Santo Domingo. Por disposici\u00f3n del Poder Ejecutivo se declara el lunes 19 de septiembre del 2022 no laborable ante los efectos del posible paso del Hurac\u00e1n Fiona por el territorio Nacional. El Ministerio de Trabajo instruye a salvaguardar la vida de todos los trabajadores y empleadores de la Rep\u00fablica Dominicana, tomando las medidas necesarias para proteger los bienes utilizados en la producci\u00f3n nacional, se exhorta a la poblaci\u00f3n a mantearse atentos a las alertas emitidas por el COE y esta instituci\u00f3n en materia laboral. &nbsp;<\/p>\n","protected":false},"author":6,"featured_media":0,"comment_status":"open","ping_status":"open","sticky":false,"template":"","format":"standard","meta":{"om_disable_all_campaigns":false,"footnotes":""},"categories":[56],"tags":[],"class_list":["post-124123","post","type-post","status-publish","format-standard","hentry","category-economia"],"_links":{"self":[{"href":"https:\/\/conexiondigital.com.do\/index.php\/wp-json\/wp\/v2\/posts\/124123","targetHints":{"allow":["GET"]}}],"collection":[{"href":"https:\/\/conexiondigital.com.do\/index.php\/wp-json\/wp\/v2\/posts"}],"about":[{"href":"https:\/\/conexiondigital.com.do\/index.php\/wp-json\/wp\/v2\/types\/post"}],"author":[{"embeddable":true,"href":"https:\/\/conexiondigital.com.do\/index.php\/wp-json\/wp\/v2\/users\/6"}],"replies":[{"embeddable":true,"href":"https:\/\/conexiondigital.com.do\/index.php\/wp-json\/wp\/v2\/comments?post=124123"}],"version-history":[{"count":2,"href":"https:\/\/conexiondigital.com.do\/index.php\/wp-json\/wp\/v2\/posts\/124123\/revisions"}],"predecessor-version":[{"id":124126,"href":"https:\/\/conexiondigital.com.do\/index.php\/wp-json\/wp\/v2\/posts\/124123\/revisions\/124126"}],"wp:attachment":[{"href":"https:\/\/conexiondigital.com.do\/index.php\/wp-json\/wp\/v2\/media?parent=124123"}],"wp:term":[{"taxonomy":"category","embeddable":true,"href":"https:\/\/conexiondigital.com.do\/index.php\/wp-json\/wp\/v2\/categories?post=124123"},{"taxonomy":"post_tag","embeddable":true,"href":"https:\/\/conexiondigital.com.do\/index.php\/wp-json\/wp\/v2\/tags?post=124123"}],"curies":[{"name":"wp","href":"https:\/\/api.w.org\/{rel}","templated":true}]}}