{"id":124185,"date":"2022-09-25T12:39:57","date_gmt":"2022-09-25T16:39:57","guid":{"rendered":"http:\/\/conexiondigital.com.do\/?p=124185"},"modified":"2022-09-25T12:39:57","modified_gmt":"2022-09-25T16:39:57","slug":"fuerza-del-pueblo-desarrolla-operativo-de-asistencia-a-afectados-de-huracan-fiona","status":"publish","type":"post","link":"https:\/\/conexiondigital.com.do\/index.php\/2022\/09\/25\/fuerza-del-pueblo-desarrolla-operativo-de-asistencia-a-afectados-de-huracan-fiona\/","title":{"rendered":"Fuerza del Pueblo desarrolla operativo de asistencia a afectados de hurac\u00e1n Fiona"},"content":{"rendered":"<p><strong><img loading=\"lazy\" decoding=\"async\" class=\"size-medium wp-image-124186 aligncenter\" src=\"https:\/\/images.conexiondigital.com.do\/wp-content\/uploads\/wp-content\/uploads\/2022\/09\/thumbnail_Asistencia-Fuerza-del-Pueblo-Fiona-2-800x534.jpg\" alt=\"\" width=\"800\" height=\"534\" \/>*Secretario general de FP define asistencia como acci\u00f3n solidaria del partido*<\/strong><\/p>\n<p>La Altagracia.- Cientos de militantes de la Fuerza del Pueblo se integraron este s\u00e1bado a labores de asistencia a afectados por hurac\u00e1n Fiona, donde repararon viviendas y entregaron art\u00edculos como planchas de zinc, madera, colchones, almohadas, mosquiteros, frazadas y otros. En horas de la ma\u00f1ana tambi\u00e9n se desarroll\u00f3 un operativo m\u00e9dico en el municipio de Hig\u00fcey.<\/p>\n<p>Las brigadas de la entidad pol\u00edtica que encabeza el expresidente de la Rep\u00fablica Leonel Fern\u00e1ndez, desde tempranas horas de la ma\u00f1ana visitaron humildes viviendas de los barrios populosos de Hig\u00fcey.<\/p>\n<p>Antonio Flori\u00e1n (Pe\u00f1ita), secretario general de la FP, indic\u00f3 que en funci\u00f3n del esfuerzo propio de la organizaci\u00f3n y de algunas contribuciones de amigos del partido, se desarroll\u00f3 la acci\u00f3n que definen como, \u00abuna acci\u00f3n solidaria del partido, instruida por el presidente de nuestra organizaci\u00f3n para afianzar el car\u00e1cter solidario de la Fuerza del Pueblo. Una organizaci\u00f3n que se preocupa por la poblaci\u00f3n\u00bb.<\/p>\n<p>El secretario general de la FP agreg\u00f3 que, desde el primer d\u00eda los equipos de salud de su partido est\u00e1n dando asistencia y la Secretar\u00eda de Desarrollo Rural de la organizaci\u00f3n pol\u00edtica, ha hecho una evaluaci\u00f3n de los da\u00f1os que han afectado la agricultura y a la agropecuaria en esta zona.<\/p>\n<p>El alto dirigente reiter\u00f3 que: \u00a0\u00abnosotros estamos haciendo esfuerzos solidarios\u00bb, y en ese mismo orden puntualiz\u00f3 que, la responsabilidad fundamental de dar respuesta a la problem\u00e1tica es del Gobierno, por lo que aclar\u00f3: \u00abNosotros no estamos compitiendo con el Gobierno, pero estamos cumpliendo con nuestro papel solidario, con el pueblo de Hig\u00fcey y de esta regi\u00f3n\u00bb.<\/p>\n<p>Mientras que Ligia Amada Melo, enlace de la FP para la regi\u00f3n Este, dijo que tienen un levantamiento de todo: \u00abAqu\u00ed tenemos un conteo de todo, de cu\u00e1ntas casas han sido afectadas, de las necesidades, de las inundaciones que hubo y de todas las necesidades. La Direcci\u00f3n Provincial, la Direcci\u00f3n Municipal est\u00e1n a tiempo completo, de manera continua, recibiendo las informaciones suministrando a nosotros, por supuesto en contacto directo con la alta dirigencia del partido\u00bb.<\/p>\n<p>De su lado el secretario de Obras P\u00fablicas de la Fuerza del Pueblo, el Mariano Germ\u00e1n, dijo que, desde el 22 de septiembre, cuando el presidente Leonel Fern\u00e1ndez le instruy\u00f3, se presentaron en la provincia La Altagracia, as\u00ed como la provincia del Seibo y a la provincia de Hato Mayor, para realizar un levantamiento. En la actualidad poseen \u00abun diagn\u00f3stico preciso de qu\u00e9 ha ocurrido, en cada una de las comunidades y naturalmente, qu\u00e9 posibles respuestas se le pueden dar a cada uno de los casos\u00bb.<\/p>\n<p>El ingeniero Germ\u00e1n, quien adem\u00e1s ha sido director del Instituto de Aguas Potables y Alcantarillados (INAPA), dijo que la entidad no est\u00e1 en condiciones de resolver todos los problemas, \u00abpero en la medida de lo posible la solidaridad se va a manifestar, y desde el lunes comenzaron operativos de distribuci\u00f3n de agua en camiones, que ya tenemos cuatro, con alrededor de 3000 a 4000 galones cada cami\u00f3n, para poder distribuir agua en la provincia, en la medida en que el Gobierno puede r\u00e1pidamente incorporar la bater\u00eda de pozos\u00bb.<\/p>\n","protected":false},"excerpt":{"rendered":"<p>*Secretario general de FP define asistencia como acci\u00f3n solidaria del partido* La Altagracia.- Cientos de militantes de la Fuerza del Pueblo se integraron este s\u00e1bado a labores de asistencia a afectados por hurac\u00e1n Fiona, donde repararon viviendas y entregaron art\u00edculos como planchas de zinc, madera, colchones, almohadas, mosquiteros, frazadas y otros. En horas de la ma\u00f1ana tambi\u00e9n se desarroll\u00f3 un operativo m\u00e9dico en el municipio de Hig\u00fcey. Las brigadas de la entidad pol\u00edtica que encabeza el expresidente de la Rep\u00fablica Leonel Fern\u00e1ndez, desde tempranas horas de la ma\u00f1ana visitaron humildes viviendas de los barrios populosos de Hig\u00fcey. Antonio Flori\u00e1n (Pe\u00f1ita), secretario general de la FP, indic\u00f3 que en funci\u00f3n del esfuerzo propio de la organizaci\u00f3n y de algunas contribuciones de amigos del partido, se desarroll\u00f3 la acci\u00f3n que definen como, \u00abuna acci\u00f3n solidaria del partido, instruida por el presidente de nuestra organizaci\u00f3n para afianzar el car\u00e1cter solidario de la Fuerza del Pueblo. Una organizaci\u00f3n que se preocupa por la poblaci\u00f3n\u00bb. El secretario general de la FP agreg\u00f3 que, desde el primer d\u00eda los equipos de salud de su partido est\u00e1n dando asistencia y la Secretar\u00eda de Desarrollo Rural de la organizaci\u00f3n pol\u00edtica, ha hecho una evaluaci\u00f3n de los da\u00f1os que han afectado la agricultura y a la agropecuaria en esta zona. El alto dirigente reiter\u00f3 que: \u00a0\u00abnosotros estamos haciendo esfuerzos solidarios\u00bb, y en ese mismo orden puntualiz\u00f3 que, la responsabilidad fundamental de dar respuesta a la problem\u00e1tica es del Gobierno, por lo que aclar\u00f3: \u00abNosotros no estamos compitiendo con el Gobierno, pero estamos cumpliendo con nuestro papel solidario, con el pueblo de Hig\u00fcey y de esta regi\u00f3n\u00bb. Mientras que Ligia Amada Melo, enlace de la FP para la regi\u00f3n Este, dijo que tienen un levantamiento de todo: \u00abAqu\u00ed tenemos un conteo de todo, de cu\u00e1ntas casas han sido afectadas, de las necesidades, de las inundaciones que hubo y de todas las necesidades. La Direcci\u00f3n Provincial, la Direcci\u00f3n Municipal est\u00e1n a tiempo completo, de manera continua, recibiendo las informaciones suministrando a nosotros, por supuesto en contacto directo con la alta dirigencia del partido\u00bb. De su lado el secretario de Obras P\u00fablicas de la Fuerza del Pueblo, el Mariano Germ\u00e1n, dijo que, desde el 22 de septiembre, cuando el presidente Leonel Fern\u00e1ndez le instruy\u00f3, se presentaron en la provincia La Altagracia, as\u00ed como la provincia del Seibo y a la provincia de Hato Mayor, para realizar un levantamiento. En la actualidad poseen \u00abun diagn\u00f3stico preciso de qu\u00e9 ha ocurrido, en cada una de las comunidades y naturalmente, qu\u00e9 posibles respuestas se le pueden dar a cada uno de los casos\u00bb. El ingeniero Germ\u00e1n, quien adem\u00e1s ha sido director del Instituto de Aguas Potables y Alcantarillados (INAPA), dijo que la entidad no est\u00e1 en condiciones de resolver todos los problemas, \u00abpero en la medida de lo posible la solidaridad se va a manifestar, y desde el lunes comenzaron operativos de distribuci\u00f3n de agua en camiones, que ya tenemos cuatro, con alrededor de 3000 a 4000 galones cada cami\u00f3n, para poder distribuir agua en la provincia, en la medida en que el Gobierno puede r\u00e1pidamente incorporar la bater\u00eda de pozos\u00bb.<\/p>\n","protected":false},"author":3,"featured_media":0,"comment_status":"open","ping_status":"open","sticky":false,"template":"","format":"standard","meta":{"om_disable_all_campaigns":false,"footnotes":""},"categories":[12],"tags":[],"class_list":["post-124185","post","type-post","status-publish","format-standard","hentry","category-politic"],"_links":{"self":[{"href":"https:\/\/conexiondigital.com.do\/index.php\/wp-json\/wp\/v2\/posts\/124185","targetHints":{"allow":["GET"]}}],"collection":[{"href":"https:\/\/conexiondigital.com.do\/index.php\/wp-json\/wp\/v2\/posts"}],"about":[{"href":"https:\/\/conexiondigital.com.do\/index.php\/wp-json\/wp\/v2\/types\/post"}],"author":[{"embeddable":true,"href":"https:\/\/conexiondigital.com.do\/index.php\/wp-json\/wp\/v2\/users\/3"}],"replies":[{"embeddable":true,"href":"https:\/\/conexiondigital.com.do\/index.php\/wp-json\/wp\/v2\/comments?post=124185"}],"version-history":[{"count":1,"href":"https:\/\/conexiondigital.com.do\/index.php\/wp-json\/wp\/v2\/posts\/124185\/revisions"}],"predecessor-version":[{"id":124187,"href":"https:\/\/conexiondigital.com.do\/index.php\/wp-json\/wp\/v2\/posts\/124185\/revisions\/124187"}],"wp:attachment":[{"href":"https:\/\/conexiondigital.com.do\/index.php\/wp-json\/wp\/v2\/media?parent=124185"}],"wp:term":[{"taxonomy":"category","embeddable":true,"href":"https:\/\/conexiondigital.com.do\/index.php\/wp-json\/wp\/v2\/categories?post=124185"},{"taxonomy":"post_tag","embeddable":true,"href":"https:\/\/conexiondigital.com.do\/index.php\/wp-json\/wp\/v2\/tags?post=124185"}],"curies":[{"name":"wp","href":"https:\/\/api.w.org\/{rel}","templated":true}]}}