{"id":124218,"date":"2022-09-25T13:17:54","date_gmt":"2022-09-25T17:17:54","guid":{"rendered":"http:\/\/conexiondigital.com.do\/?p=124218"},"modified":"2022-09-25T13:17:54","modified_gmt":"2022-09-25T17:17:54","slug":"infotep-produce-en-sus-talleres-miles-de-raciones-de-pan-para-sectores-vulnerables-afectados-por-el-huracan-fiona","status":"publish","type":"post","link":"https:\/\/conexiondigital.com.do\/index.php\/2022\/09\/25\/infotep-produce-en-sus-talleres-miles-de-raciones-de-pan-para-sectores-vulnerables-afectados-por-el-huracan-fiona\/","title":{"rendered":"INFOTEP produce en sus talleres miles de raciones de pan para sectores vulnerables, afectados por el hurac\u00e1n Fiona"},"content":{"rendered":"<p><strong><img loading=\"lazy\" decoding=\"async\" class=\"size-medium wp-image-124219 aligncenter\" src=\"https:\/\/images.conexiondigital.com.do\/wp-content\/uploads\/wp-content\/uploads\/2022\/09\/Rafael-Santos-Bad\u00eda-director-general-del-INFOTEP-supervis\u00f3-la-elaboraci\u00f3n-de-los-productos-800x600.jpg\" alt=\"\" width=\"800\" height=\"600\" \/>Se suma a las autoridades nacionales en la respuesta a \u00e1reas m\u00e1s afectadas por el fen\u00f3meno meteorol\u00f3gico<\/strong><\/p>\n<p>Docentes y participantes del Instituto Nacional de Formaci\u00f3n T\u00e9cnico Profesional (INFOTEP) est\u00e1n produciendo en los talleres de Panader\u00eda y Reposter\u00eda 15 mil unidades de panes para ser distribuidos entre familias vulnerables, afectadas por el hurac\u00e1n Fiona.<\/p>\n<p>Los productos de consumo masivo se est\u00e1n elaborando 10 mil en los talleres de la Regional Metropolitana; en el Distrito Nacional; tres mil en la Regional Este, en La Romana y dos mil en la Escuela de Hoteler\u00eda, Gastronom\u00eda y Pasteler\u00eda, en Hig\u00fcey y est\u00e1n siendo distribuidas a trav\u00e9s de las gobernaciones provinciales de las zonas afectadas.<\/p>\n<p>\u201cAnte la calamidad que acabamos de vivir en el pa\u00eds por el azote del hurac\u00e1n Fiona, hemos activado, junto a nuestros docentes y participantes, la producci\u00f3n de miles de raciones de panes, para entregarlas a familias que est\u00e1n en condici\u00f3n de damnificadas y con limitaciones, ocasionadas por el fen\u00f3meno atmosf\u00e9rico\u201d, afirm\u00f3 Rafael Santos Bad\u00eda, director general del INFOTEP.<\/p>\n<p>Desde las instalaciones del INFOTEP en el Este del pa\u00eds, se est\u00e1 dando asistencia a los damnificados de La Altagracia, La Romana, Hato Mayor y El Seybo.<\/p>\n<p><strong>Entrega de raciones alimenticias<\/strong><\/p>\n<p>Asimismo, a trav\u00e9s de la Oficina Sat\u00e9lite B\u00e1varo, el INFOTEP est\u00e1 elaborando raciones alimenticias en el taller m\u00f3vil de Cocina ubicado en Friusa, para la poblaci\u00f3n de la zona que en este momento est\u00e1 en condici\u00f3n de vulnerabilidad. Estos alimentos se est\u00e1n entregando en coordinaci\u00f3n con las juntas de vecinos.<\/p>\n<p>De igual manera, se espera ampliar la cobertura, en una acci\u00f3n conjunta con la Asociaci\u00f3n de Hoteles y Proyectos Tur\u00edsticos del Este (ASOLESTE), para llevar raciones alimenticias a sectores de Miches, Ver\u00f3n y B\u00e1varo.<\/p>\n<p><strong>Apoyo Log\u00edstico<\/strong><\/p>\n<p>Tambi\u00e9n en el Este, un equipo humano y de transporte se ha puesto a la disposici\u00f3n de las autoridades de socorro para apoyar en las labores de movilizaci\u00f3n y distribuci\u00f3n de alimentos en las zonas afectadas por el paso del hurac\u00e1n Fiona.<\/p>\n<p><strong>Tambi\u00e9n en el Norte<\/strong><\/p>\n<p>La Direcci\u00f3n Regional Cibao Sur del INFOTEP tambi\u00e9n estar\u00e1 movilizando su taller de Gastronom\u00eda a zonas vulnerables de Saman\u00e1, para la elaboraci\u00f3n de alimentos, en coordinaci\u00f3n con la Gobernaci\u00f3n, sumando a las estrategias que est\u00e1 desarrollando el gobierno Central para recuperar las zonas m\u00e1s impactadas por el paso de Fiona, por la Regi\u00f3n Norte del pa\u00eds.<\/p>\n<p>&nbsp;<\/p>\n","protected":false},"excerpt":{"rendered":"<p>Se suma a las autoridades nacionales en la respuesta a \u00e1reas m\u00e1s afectadas por el fen\u00f3meno meteorol\u00f3gico Docentes y participantes del Instituto Nacional de Formaci\u00f3n T\u00e9cnico Profesional (INFOTEP) est\u00e1n produciendo en los talleres de Panader\u00eda y Reposter\u00eda 15 mil unidades de panes para ser distribuidos entre familias vulnerables, afectadas por el hurac\u00e1n Fiona. Los productos de consumo masivo se est\u00e1n elaborando 10 mil en los talleres de la Regional Metropolitana; en el Distrito Nacional; tres mil en la Regional Este, en La Romana y dos mil en la Escuela de Hoteler\u00eda, Gastronom\u00eda y Pasteler\u00eda, en Hig\u00fcey y est\u00e1n siendo distribuidas a trav\u00e9s de las gobernaciones provinciales de las zonas afectadas. \u201cAnte la calamidad que acabamos de vivir en el pa\u00eds por el azote del hurac\u00e1n Fiona, hemos activado, junto a nuestros docentes y participantes, la producci\u00f3n de miles de raciones de panes, para entregarlas a familias que est\u00e1n en condici\u00f3n de damnificadas y con limitaciones, ocasionadas por el fen\u00f3meno atmosf\u00e9rico\u201d, afirm\u00f3 Rafael Santos Bad\u00eda, director general del INFOTEP. Desde las instalaciones del INFOTEP en el Este del pa\u00eds, se est\u00e1 dando asistencia a los damnificados de La Altagracia, La Romana, Hato Mayor y El Seybo. Entrega de raciones alimenticias Asimismo, a trav\u00e9s de la Oficina Sat\u00e9lite B\u00e1varo, el INFOTEP est\u00e1 elaborando raciones alimenticias en el taller m\u00f3vil de Cocina ubicado en Friusa, para la poblaci\u00f3n de la zona que en este momento est\u00e1 en condici\u00f3n de vulnerabilidad. Estos alimentos se est\u00e1n entregando en coordinaci\u00f3n con las juntas de vecinos. De igual manera, se espera ampliar la cobertura, en una acci\u00f3n conjunta con la Asociaci\u00f3n de Hoteles y Proyectos Tur\u00edsticos del Este (ASOLESTE), para llevar raciones alimenticias a sectores de Miches, Ver\u00f3n y B\u00e1varo. Apoyo Log\u00edstico Tambi\u00e9n en el Este, un equipo humano y de transporte se ha puesto a la disposici\u00f3n de las autoridades de socorro para apoyar en las labores de movilizaci\u00f3n y distribuci\u00f3n de alimentos en las zonas afectadas por el paso del hurac\u00e1n Fiona. Tambi\u00e9n en el Norte La Direcci\u00f3n Regional Cibao Sur del INFOTEP tambi\u00e9n estar\u00e1 movilizando su taller de Gastronom\u00eda a zonas vulnerables de Saman\u00e1, para la elaboraci\u00f3n de alimentos, en coordinaci\u00f3n con la Gobernaci\u00f3n, sumando a las estrategias que est\u00e1 desarrollando el gobierno Central para recuperar las zonas m\u00e1s impactadas por el paso de Fiona, por la Regi\u00f3n Norte del pa\u00eds. &nbsp;<\/p>\n","protected":false},"author":3,"featured_media":0,"comment_status":"open","ping_status":"open","sticky":false,"template":"","format":"standard","meta":{"om_disable_all_campaigns":false,"footnotes":""},"categories":[15],"tags":[],"class_list":["post-124218","post","type-post","status-publish","format-standard","hentry","category-nacionales"],"_links":{"self":[{"href":"https:\/\/conexiondigital.com.do\/index.php\/wp-json\/wp\/v2\/posts\/124218","targetHints":{"allow":["GET"]}}],"collection":[{"href":"https:\/\/conexiondigital.com.do\/index.php\/wp-json\/wp\/v2\/posts"}],"about":[{"href":"https:\/\/conexiondigital.com.do\/index.php\/wp-json\/wp\/v2\/types\/post"}],"author":[{"embeddable":true,"href":"https:\/\/conexiondigital.com.do\/index.php\/wp-json\/wp\/v2\/users\/3"}],"replies":[{"embeddable":true,"href":"https:\/\/conexiondigital.com.do\/index.php\/wp-json\/wp\/v2\/comments?post=124218"}],"version-history":[{"count":1,"href":"https:\/\/conexiondigital.com.do\/index.php\/wp-json\/wp\/v2\/posts\/124218\/revisions"}],"predecessor-version":[{"id":124220,"href":"https:\/\/conexiondigital.com.do\/index.php\/wp-json\/wp\/v2\/posts\/124218\/revisions\/124220"}],"wp:attachment":[{"href":"https:\/\/conexiondigital.com.do\/index.php\/wp-json\/wp\/v2\/media?parent=124218"}],"wp:term":[{"taxonomy":"category","embeddable":true,"href":"https:\/\/conexiondigital.com.do\/index.php\/wp-json\/wp\/v2\/categories?post=124218"},{"taxonomy":"post_tag","embeddable":true,"href":"https:\/\/conexiondigital.com.do\/index.php\/wp-json\/wp\/v2\/tags?post=124218"}],"curies":[{"name":"wp","href":"https:\/\/api.w.org\/{rel}","templated":true}]}}