{"id":124289,"date":"2022-09-28T19:38:34","date_gmt":"2022-09-28T23:38:34","guid":{"rendered":"http:\/\/conexiondigital.com.do\/?p=124289"},"modified":"2022-09-28T19:38:34","modified_gmt":"2022-09-28T23:38:34","slug":"tribunal-ratifica-prision-preventiva-contra-hombre-que-ultimo-a-otro-con-un-arma-blanca-en-salcedo","status":"publish","type":"post","link":"https:\/\/conexiondigital.com.do\/index.php\/2022\/09\/28\/tribunal-ratifica-prision-preventiva-contra-hombre-que-ultimo-a-otro-con-un-arma-blanca-en-salcedo\/","title":{"rendered":"Tribunal ratifica prisi\u00f3n preventiva contra hombre que ultim\u00f3 a otro con un arma blanca en Salcedo"},"content":{"rendered":"<p><img loading=\"lazy\" decoding=\"async\" class=\"size-medium wp-image-124290 aligncenter\" src=\"https:\/\/images.conexiondigital.com.do\/wp-content\/uploads\/wp-content\/uploads\/2022\/09\/Edificio-de-la-Suprema-Corte-de-Justicia-Fachada-1200x675-800x450.jpg\" alt=\"\" width=\"800\" height=\"450\" \/>HERMANAS MIRABAL (Rep\u00fablica Dominicana).- A solicitud del Ministerio P\u00fablico de este distrito judicial, una jueza de Instrucci\u00f3n ratific\u00f3 la prisi\u00f3n preventiva a un hombre acusado de matar a otro a pu\u00f1aladas en el municipio Salcedo.<\/p>\n<p>La jueza Yudelka de Le\u00f3n, del Juzgado de la Instrucci\u00f3n de Hermanas Mirabal, dispuso que Nelson Jos\u00e9 Cruz Jerez contin\u00fae bajo la medida de coerci\u00f3n establecida en art\u00edculo 226, numeral 7, del C\u00f3digo Procesal Penal, mientras se desarrolla el proceso en su contra por la imputaci\u00f3n de haberle quitado la vida a Mart\u00edn de Jes\u00fas Cepeda Garc\u00eda.<\/p>\n<p>La Fiscal\u00eda establece que el 23 de marzo pasado el imputado le ocasion\u00f3 varias heridas de arma blanca a nivel de cuello a la v\u00edctima, que le produjo la muerte a consecuencia de shock hipovol\u00e9mico, en un hecho registrado en la comunidad Monte Llano, Los Montes, del distrito municipal de Jamao Afuera, en Salcedo.<\/p>\n<p>En la audiencia para la revisi\u00f3n de la medida de coerci\u00f3n, el Ministerio P\u00fablico estuvo representado por el fiscal litigante Pablo Osiris Molina Santos, quien destac\u00f3 que no exist\u00edan razones ni presupuestos para que el tribunal variara la medida impuesta.<\/p>\n<p>Nelson Jos\u00e9 Cruz Jerez enfrenta la justicia por violar los art\u00edculos 295 y 304 del C\u00f3digo Penal y el art\u00edculo 83 de la Ley 631-16, para el Control y Regulaci\u00f3n de Armas, Municiones y Materiales Relacionados. Guarda prisi\u00f3n en la c\u00e1rcel p\u00fablica Juana N\u00fa\u00f1ez, del municipio Salcedo.<\/p>\n<p>&nbsp;<\/p>\n<p>&nbsp;<\/p>\n","protected":false},"excerpt":{"rendered":"<p>HERMANAS MIRABAL (Rep\u00fablica Dominicana).- A solicitud del Ministerio P\u00fablico de este distrito judicial, una jueza de Instrucci\u00f3n ratific\u00f3 la prisi\u00f3n preventiva a un hombre acusado de matar a otro a pu\u00f1aladas en el municipio Salcedo. La jueza Yudelka de Le\u00f3n, del Juzgado de la Instrucci\u00f3n de Hermanas Mirabal, dispuso que Nelson Jos\u00e9 Cruz Jerez contin\u00fae bajo la medida de coerci\u00f3n establecida en art\u00edculo 226, numeral 7, del C\u00f3digo Procesal Penal, mientras se desarrolla el proceso en su contra por la imputaci\u00f3n de haberle quitado la vida a Mart\u00edn de Jes\u00fas Cepeda Garc\u00eda. La Fiscal\u00eda establece que el 23 de marzo pasado el imputado le ocasion\u00f3 varias heridas de arma blanca a nivel de cuello a la v\u00edctima, que le produjo la muerte a consecuencia de shock hipovol\u00e9mico, en un hecho registrado en la comunidad Monte Llano, Los Montes, del distrito municipal de Jamao Afuera, en Salcedo. En la audiencia para la revisi\u00f3n de la medida de coerci\u00f3n, el Ministerio P\u00fablico estuvo representado por el fiscal litigante Pablo Osiris Molina Santos, quien destac\u00f3 que no exist\u00edan razones ni presupuestos para que el tribunal variara la medida impuesta. Nelson Jos\u00e9 Cruz Jerez enfrenta la justicia por violar los art\u00edculos 295 y 304 del C\u00f3digo Penal y el art\u00edculo 83 de la Ley 631-16, para el Control y Regulaci\u00f3n de Armas, Municiones y Materiales Relacionados. Guarda prisi\u00f3n en la c\u00e1rcel p\u00fablica Juana N\u00fa\u00f1ez, del municipio Salcedo. &nbsp; &nbsp;<\/p>\n","protected":false},"author":6,"featured_media":0,"comment_status":"open","ping_status":"open","sticky":false,"template":"","format":"standard","meta":{"om_disable_all_campaigns":false,"footnotes":""},"categories":[20],"tags":[],"class_list":["post-124289","post","type-post","status-publish","format-standard","hentry","category-football"],"_links":{"self":[{"href":"https:\/\/conexiondigital.com.do\/index.php\/wp-json\/wp\/v2\/posts\/124289","targetHints":{"allow":["GET"]}}],"collection":[{"href":"https:\/\/conexiondigital.com.do\/index.php\/wp-json\/wp\/v2\/posts"}],"about":[{"href":"https:\/\/conexiondigital.com.do\/index.php\/wp-json\/wp\/v2\/types\/post"}],"author":[{"embeddable":true,"href":"https:\/\/conexiondigital.com.do\/index.php\/wp-json\/wp\/v2\/users\/6"}],"replies":[{"embeddable":true,"href":"https:\/\/conexiondigital.com.do\/index.php\/wp-json\/wp\/v2\/comments?post=124289"}],"version-history":[{"count":1,"href":"https:\/\/conexiondigital.com.do\/index.php\/wp-json\/wp\/v2\/posts\/124289\/revisions"}],"predecessor-version":[{"id":124291,"href":"https:\/\/conexiondigital.com.do\/index.php\/wp-json\/wp\/v2\/posts\/124289\/revisions\/124291"}],"wp:attachment":[{"href":"https:\/\/conexiondigital.com.do\/index.php\/wp-json\/wp\/v2\/media?parent=124289"}],"wp:term":[{"taxonomy":"category","embeddable":true,"href":"https:\/\/conexiondigital.com.do\/index.php\/wp-json\/wp\/v2\/categories?post=124289"},{"taxonomy":"post_tag","embeddable":true,"href":"https:\/\/conexiondigital.com.do\/index.php\/wp-json\/wp\/v2\/tags?post=124289"}],"curies":[{"name":"wp","href":"https:\/\/api.w.org\/{rel}","templated":true}]}}