{"id":124389,"date":"2022-09-30T21:49:41","date_gmt":"2022-10-01T01:49:41","guid":{"rendered":"http:\/\/conexiondigital.com.do\/?p=124389"},"modified":"2022-09-30T21:49:41","modified_gmt":"2022-10-01T01:49:41","slug":"un-nuevo-parque-para-guachupita-inaugurado-por-adn-y-banreservas","status":"publish","type":"post","link":"https:\/\/conexiondigital.com.do\/index.php\/2022\/09\/30\/un-nuevo-parque-para-guachupita-inaugurado-por-adn-y-banreservas\/","title":{"rendered":"Un nuevo parque para Guachupita inaugurado por ADN y Banreservas"},"content":{"rendered":"<p><img loading=\"lazy\" decoding=\"async\" class=\"size-medium wp-image-124390 aligncenter\" src=\"https:\/\/images.conexiondigital.com.do\/wp-content\/uploads\/wp-content\/uploads\/2022\/09\/thumbnail_WhatsApp-Image-2022-09-29-at-3.26.43-PM-800x533.jpg\" alt=\"\" width=\"800\" height=\"533\" \/>Santo Domingo.- Lleva por nombre Altagracia Flores y es el nuevo parque de Guachupita inaugurado por la Alcald\u00eda del Distrito Nacional (ADN) y el Banco de Reservas, que brinda a esta comunidad un renovado espacio de sana recreaci\u00f3n y esparcimiento para toda la familia.<\/p>\n<p>En un acto encabezado por la alcaldesa Carolina Mej\u00eda y Linda Valette, directora general de negocios gubernamentales de Banreservas, los comunitarios, ni\u00f1os y ni\u00f1as, juntas de vecinos recibieron con gran alegr\u00eda este parque en honor a Altagracia Flores, educadora y l\u00edder comunitaria que se destac\u00f3 por su gran labor en el sector.<\/p>\n<p>Con un entorno y espacios embellecidos, el cabildo y la entidad bancaria entregaron este parque que cuenta ahora con una imagen fresca y moderna, goza de nueva jardiner\u00eda, se\u00f1alizaciones generales sobre el buen uso del espacio, bancos y zafacones, rampa para acceso de personas con discapacidad, y una completa iluminaci\u00f3n.<\/p>\n<p>\u201cSue\u00f1o, como lo hac\u00eda Do\u00f1a Gracita, que Guachupita sea diferente para todas las familias que viven aqu\u00ed. Y yo necesito pedirles a ustedes que cuiden este parque, porque este parque le pertenece a ustedes, es de todos\u201d, manifest\u00f3 Mej\u00eda.<\/p>\n<p>Exhort\u00f3 a la comunidad a contribuir con la limpieza, el orden y el cuidado del espacio, \u201ctodos en el Distrito Nacional merecemos vivir de manera limpia y ordenada, porque lo limpio y ordenado nos hace sentir bien\u201d.<\/p>\n<p>De su parte, Linda Valette, en nombre del administrador del Banreservas Samuel Pereyra, dijo que la entidad se siente complacida de poder ser parte de ese trabajo que realiza el cabildo en mejorar la condici\u00f3n de los parques de la ciudad.<\/p>\n<p>Se dieron cita a este acto de inauguraci\u00f3n l\u00edderes comunitarios, miembros de las juntas de vecinos, colaboradores del ADN, entre otros.<\/p>\n","protected":false},"excerpt":{"rendered":"<p>Santo Domingo.- Lleva por nombre Altagracia Flores y es el nuevo parque de Guachupita inaugurado por la Alcald\u00eda del Distrito Nacional (ADN) y el Banco de Reservas, que brinda a esta comunidad un renovado espacio de sana recreaci\u00f3n y esparcimiento para toda la familia. En un acto encabezado por la alcaldesa Carolina Mej\u00eda y Linda Valette, directora general de negocios gubernamentales de Banreservas, los comunitarios, ni\u00f1os y ni\u00f1as, juntas de vecinos recibieron con gran alegr\u00eda este parque en honor a Altagracia Flores, educadora y l\u00edder comunitaria que se destac\u00f3 por su gran labor en el sector. Con un entorno y espacios embellecidos, el cabildo y la entidad bancaria entregaron este parque que cuenta ahora con una imagen fresca y moderna, goza de nueva jardiner\u00eda, se\u00f1alizaciones generales sobre el buen uso del espacio, bancos y zafacones, rampa para acceso de personas con discapacidad, y una completa iluminaci\u00f3n. \u201cSue\u00f1o, como lo hac\u00eda Do\u00f1a Gracita, que Guachupita sea diferente para todas las familias que viven aqu\u00ed. Y yo necesito pedirles a ustedes que cuiden este parque, porque este parque le pertenece a ustedes, es de todos\u201d, manifest\u00f3 Mej\u00eda. Exhort\u00f3 a la comunidad a contribuir con la limpieza, el orden y el cuidado del espacio, \u201ctodos en el Distrito Nacional merecemos vivir de manera limpia y ordenada, porque lo limpio y ordenado nos hace sentir bien\u201d. De su parte, Linda Valette, en nombre del administrador del Banreservas Samuel Pereyra, dijo que la entidad se siente complacida de poder ser parte de ese trabajo que realiza el cabildo en mejorar la condici\u00f3n de los parques de la ciudad. Se dieron cita a este acto de inauguraci\u00f3n l\u00edderes comunitarios, miembros de las juntas de vecinos, colaboradores del ADN, entre otros.<\/p>\n","protected":false},"author":3,"featured_media":0,"comment_status":"open","ping_status":"open","sticky":false,"template":"","format":"standard","meta":{"om_disable_all_campaigns":false,"footnotes":""},"categories":[15],"tags":[],"class_list":["post-124389","post","type-post","status-publish","format-standard","hentry","category-nacionales"],"_links":{"self":[{"href":"https:\/\/conexiondigital.com.do\/index.php\/wp-json\/wp\/v2\/posts\/124389","targetHints":{"allow":["GET"]}}],"collection":[{"href":"https:\/\/conexiondigital.com.do\/index.php\/wp-json\/wp\/v2\/posts"}],"about":[{"href":"https:\/\/conexiondigital.com.do\/index.php\/wp-json\/wp\/v2\/types\/post"}],"author":[{"embeddable":true,"href":"https:\/\/conexiondigital.com.do\/index.php\/wp-json\/wp\/v2\/users\/3"}],"replies":[{"embeddable":true,"href":"https:\/\/conexiondigital.com.do\/index.php\/wp-json\/wp\/v2\/comments?post=124389"}],"version-history":[{"count":1,"href":"https:\/\/conexiondigital.com.do\/index.php\/wp-json\/wp\/v2\/posts\/124389\/revisions"}],"predecessor-version":[{"id":124391,"href":"https:\/\/conexiondigital.com.do\/index.php\/wp-json\/wp\/v2\/posts\/124389\/revisions\/124391"}],"wp:attachment":[{"href":"https:\/\/conexiondigital.com.do\/index.php\/wp-json\/wp\/v2\/media?parent=124389"}],"wp:term":[{"taxonomy":"category","embeddable":true,"href":"https:\/\/conexiondigital.com.do\/index.php\/wp-json\/wp\/v2\/categories?post=124389"},{"taxonomy":"post_tag","embeddable":true,"href":"https:\/\/conexiondigital.com.do\/index.php\/wp-json\/wp\/v2\/tags?post=124389"}],"curies":[{"name":"wp","href":"https:\/\/api.w.org\/{rel}","templated":true}]}}